{"id":2666,"date":"2023-06-29T14:05:40","date_gmt":"2023-06-29T12:05:40","guid":{"rendered":"https:\/\/normandiemaine.cerfrance.fr\/arad2\/?p=2666"},"modified":"2023-06-30T14:44:40","modified_gmt":"2023-06-30T12:44:40","slug":"voyage-detude-pour-les-conseillers-techniques-cerfrance","status":"publish","type":"post","link":"https:\/\/normandiemaine.cerfrance.fr\/arad2\/voyage-detude-pour-les-conseillers-techniques-cerfrance\/","title":{"rendered":"Voyage d&rsquo;\u00e9tude pour les conseillers techniques"},"content":{"rendered":"\n<h1 class=\"wp-block-heading\">Retour du voyage d&rsquo;\u00e9tude hors des fronti\u00e8res fran\u00e7aises pour les conseillers techniques des Cerfrance<\/h1>\n\n\n\n<p>Les conseillers techniques des Cerfrance ont particip\u00e9 \u00e0 un voyage d&rsquo;\u00e9tude hors des fronti\u00e8res fran\u00e7aises en juin 2023. Ce voyage a permis aux conseillers d&rsquo;accro\u00eetre leurs connaissances sur les techniques utilis\u00e9es \u00e0 l&rsquo;\u00e9tranger en agronomie ainsi qu&rsquo;en \u00e9levage.<\/p>\n\n\n\n<h2 class=\"wp-block-heading\">Conseillers techniques agronomes des Cerfrance<\/h2>\n\n\n\n<p>Pour les agronomes, direction la Suisse avec Simon PESQUET pour d\u00e9couvrir leurs fili\u00e8res en agriculture biologique (AB) et agriculture de conservation (AC).<\/p>\n\n\n\n<p>Hans-Georg Kessler, responsable diversification et ol\u00e9agineux, a r\u00e9alis\u00e9 la visite de la coop\u00e9rative Biofarm. Cr\u00e9\u00e9e en 1972, la coop\u00e9rative repr\u00e9sente plus de 1 200 associ\u00e9s et 43 employ\u00e9s. Cette visite fut ainsi l&rsquo;occasion d&rsquo;observer la dynamique de d\u00e9veloppement de la fili\u00e8re bio en Suisse et les strat\u00e9gies de diversification de la coop\u00e9rative.<\/p>\n\n\n\n<p>La visite de Haute Ecole des Sciences Agronomiques, Foresti\u00e8res et Alimentaires (HAFL) ainsi que le t\u00e9moignage du Professeur Dr BERNARD STREIT a permis de r\u00e9aliser un focus sur l&rsquo;agriculture de conservation. Le Professeur est \u00e9galement un sp\u00e9cialiste de la technique des proc\u00e9d\u00e9s en production v\u00e9g\u00e9tale. Il a mis en \u00e9vidence les int\u00e9r\u00eats de l&rsquo;agriculture de conservation dans la r\u00e9duction des ph\u00e9nom\u00e8nes d&rsquo;\u00e9rosion et la r\u00e9duction d&rsquo;intrants.<\/p>\n\n\n\n<div class=\"wp-block-jetpack-tiled-gallery aligncenter is-style-rectangular\"><div class=\"tiled-gallery__gallery\"><div class=\"tiled-gallery__row\"><div class=\"tiled-gallery__col\" style=\"flex-basis:39.10884%\"><figure class=\"tiled-gallery__item\"><img decoding=\"async\" srcset=\"https:\/\/i1.wp.com\/normandiemaine.cerfrance.fr\/arad2\/wp-content\/uploads\/sites\/3\/2023\/06\/1687887223566-1024x768.jpg?strip=info&#038;w=600&#038;ssl=1 600w,https:\/\/i1.wp.com\/normandiemaine.cerfrance.fr\/arad2\/wp-content\/uploads\/sites\/3\/2023\/06\/1687887223566-1024x768.jpg?strip=info&#038;w=900&#038;ssl=1 900w,https:\/\/i1.wp.com\/normandiemaine.cerfrance.fr\/arad2\/wp-content\/uploads\/sites\/3\/2023\/06\/1687887223566-1024x768.jpg?strip=info&#038;w=1200&#038;ssl=1 1200w,https:\/\/i1.wp.com\/normandiemaine.cerfrance.fr\/arad2\/wp-content\/uploads\/sites\/3\/2023\/06\/1687887223566-1024x768.jpg?strip=info&#038;w=1500&#038;ssl=1 1500w,https:\/\/i1.wp.com\/normandiemaine.cerfrance.fr\/arad2\/wp-content\/uploads\/sites\/3\/2023\/06\/1687887223566-1024x768.jpg?strip=info&#038;w=1800&#038;ssl=1 1800w,https:\/\/i1.wp.com\/normandiemaine.cerfrance.fr\/arad2\/wp-content\/uploads\/sites\/3\/2023\/06\/1687887223566-1024x768.jpg?strip=info&#038;w=2000&#038;ssl=1 2000w\" alt=\"\" data-height=\"1536\" data-id=\"2668\" data-link=\"https:\/\/normandiemaine.cerfrance.fr\/arad2\/?attachment_id=2668\" data-url=\"https:\/\/normandiemaine.cerfrance.fr\/arad2\/wp-content\/uploads\/sites\/3\/2023\/06\/1687887223566-1024x768.jpg\" data-width=\"2048\" src=\"https:\/\/i1.wp.com\/normandiemaine.cerfrance.fr\/arad2\/wp-content\/uploads\/sites\/3\/2023\/06\/1687887223566-1024x768.jpg?ssl=1\" data-amp-layout=\"responsive\" \/><\/figure><\/div><div class=\"tiled-gallery__col\" style=\"flex-basis:21.78232%\"><figure class=\"tiled-gallery__item\"><img decoding=\"async\" srcset=\"https:\/\/i0.wp.com\/normandiemaine.cerfrance.fr\/arad2\/wp-content\/uploads\/sites\/3\/2023\/06\/1687887225087-759x1024.jpg?strip=info&#038;w=600&#038;ssl=1 600w,https:\/\/i0.wp.com\/normandiemaine.cerfrance.fr\/arad2\/wp-content\/uploads\/sites\/3\/2023\/06\/1687887225087-759x1024.jpg?strip=info&#038;w=900&#038;ssl=1 900w,https:\/\/i0.wp.com\/normandiemaine.cerfrance.fr\/arad2\/wp-content\/uploads\/sites\/3\/2023\/06\/1687887225087-759x1024.jpg?strip=info&#038;w=1200&#038;ssl=1 1200w,https:\/\/i0.wp.com\/normandiemaine.cerfrance.fr\/arad2\/wp-content\/uploads\/sites\/3\/2023\/06\/1687887225087-759x1024.jpg?strip=info&#038;w=1280&#038;ssl=1 1280w\" alt=\"\" data-height=\"1727\" data-id=\"2669\" data-link=\"https:\/\/normandiemaine.cerfrance.fr\/arad2\/?attachment_id=2669\" data-url=\"https:\/\/normandiemaine.cerfrance.fr\/arad2\/wp-content\/uploads\/sites\/3\/2023\/06\/1687887225087-759x1024.jpg\" data-width=\"1280\" src=\"https:\/\/i0.wp.com\/normandiemaine.cerfrance.fr\/arad2\/wp-content\/uploads\/sites\/3\/2023\/06\/1687887225087-759x1024.jpg?ssl=1\" data-amp-layout=\"responsive\" \/><\/figure><\/div><div class=\"tiled-gallery__col\" style=\"flex-basis:39.10884%\"><figure class=\"tiled-gallery__item\"><img decoding=\"async\" srcset=\"https:\/\/i1.wp.com\/normandiemaine.cerfrance.fr\/arad2\/wp-content\/uploads\/sites\/3\/2023\/06\/1687887229227-1024x768.jpg?strip=info&#038;w=600&#038;ssl=1 600w,https:\/\/i1.wp.com\/normandiemaine.cerfrance.fr\/arad2\/wp-content\/uploads\/sites\/3\/2023\/06\/1687887229227-1024x768.jpg?strip=info&#038;w=900&#038;ssl=1 900w,https:\/\/i1.wp.com\/normandiemaine.cerfrance.fr\/arad2\/wp-content\/uploads\/sites\/3\/2023\/06\/1687887229227-1024x768.jpg?strip=info&#038;w=1200&#038;ssl=1 1200w,https:\/\/i1.wp.com\/normandiemaine.cerfrance.fr\/arad2\/wp-content\/uploads\/sites\/3\/2023\/06\/1687887229227-1024x768.jpg?strip=info&#038;w=1500&#038;ssl=1 1500w,https:\/\/i1.wp.com\/normandiemaine.cerfrance.fr\/arad2\/wp-content\/uploads\/sites\/3\/2023\/06\/1687887229227-1024x768.jpg?strip=info&#038;w=1800&#038;ssl=1 1800w,https:\/\/i1.wp.com\/normandiemaine.cerfrance.fr\/arad2\/wp-content\/uploads\/sites\/3\/2023\/06\/1687887229227-1024x768.jpg?strip=info&#038;w=2000&#038;ssl=1 2000w\" alt=\"\" data-height=\"1536\" data-id=\"2670\" data-link=\"https:\/\/normandiemaine.cerfrance.fr\/arad2\/?attachment_id=2670\" data-url=\"https:\/\/normandiemaine.cerfrance.fr\/arad2\/wp-content\/uploads\/sites\/3\/2023\/06\/1687887229227-1024x768.jpg\" data-width=\"2048\" src=\"https:\/\/i1.wp.com\/normandiemaine.cerfrance.fr\/arad2\/wp-content\/uploads\/sites\/3\/2023\/06\/1687887229227-1024x768.jpg?ssl=1\" data-amp-layout=\"responsive\" \/><\/figure><\/div><\/div><\/div><\/div>\n\n\n\n<p>Les conseillers ont \u00e9galement pu visiter la plateforme Oberacker \u00e0 R\u00fctti. Wolfgang Sturny et Andreas Chervet ont pr\u00e9sent\u00e9 cette plateforme. Ils ont eu de nombreux \u00e9changes autour de :<\/p>\n\n\n\n<ul class=\"wp-block-list\">\n<li>de l&rsquo;Agriculture de Conservation, <\/li>\n\n\n\n<li>des effets du semis direct sur les structures de sol \u00e0 long terme, <\/li>\n\n\n\n<li>sur l&rsquo;int\u00e9r\u00eat de d\u00e9velopper une autre approche de la fertilisation, bas\u00e9e sur l&rsquo;\u00e9quilibrage chimique des sols selon la m\u00e9thode Kinsey-Albrecht.<\/li>\n<\/ul>\n\n\n\n<p>Les conseillers ont \u00e9galement eu l&rsquo;occasion de visiter l&rsquo;entreprise de Pierre Jaton conduite avec deux autres associ\u00e9s sur la production et la transformation de pomme de terre pour le march\u00e9 interne Suisse notamment l&rsquo;approvisionnement de l&rsquo;h\u00f4pital de Lausanne.<\/p>\n\n\n\n<p>Dans le Lavaux, la r\u00e9gion viticole du canton de Vaud, les agronomes ont eu la chance de visiter une cave au bord du lac L\u00e9man, <a href=\"https:\/\/whc.unesco.org\/fr\/list\/\" target=\"_blank\" rel=\"noreferrer noopener\">site class\u00e9 au patrimoine mondiale de l&rsquo;UNESCO<\/a>.<\/p>\n\n\n\n<div class=\"wp-block-jetpack-tiled-gallery aligncenter is-style-rectangular\"><div class=\"tiled-gallery__gallery\"><div class=\"tiled-gallery__row\"><div class=\"tiled-gallery__col\" style=\"flex-basis:48.64425%\"><figure class=\"tiled-gallery__item\"><img decoding=\"async\" srcset=\"https:\/\/i2.wp.com\/normandiemaine.cerfrance.fr\/arad2\/wp-content\/uploads\/sites\/3\/2023\/06\/1688020206472-1024x768.jpg?strip=info&#038;w=600&#038;ssl=1 600w,https:\/\/i2.wp.com\/normandiemaine.cerfrance.fr\/arad2\/wp-content\/uploads\/sites\/3\/2023\/06\/1688020206472-1024x768.jpg?strip=info&#038;w=900&#038;ssl=1 900w,https:\/\/i2.wp.com\/normandiemaine.cerfrance.fr\/arad2\/wp-content\/uploads\/sites\/3\/2023\/06\/1688020206472-1024x768.jpg?strip=info&#038;w=1200&#038;ssl=1 1200w,https:\/\/i2.wp.com\/normandiemaine.cerfrance.fr\/arad2\/wp-content\/uploads\/sites\/3\/2023\/06\/1688020206472-1024x768.jpg?strip=info&#038;w=1500&#038;ssl=1 1500w,https:\/\/i2.wp.com\/normandiemaine.cerfrance.fr\/arad2\/wp-content\/uploads\/sites\/3\/2023\/06\/1688020206472-1024x768.jpg?strip=info&#038;w=1800&#038;ssl=1 1800w,https:\/\/i2.wp.com\/normandiemaine.cerfrance.fr\/arad2\/wp-content\/uploads\/sites\/3\/2023\/06\/1688020206472-1024x768.jpg?strip=info&#038;w=2000&#038;ssl=1 2000w\" alt=\"\" data-height=\"1536\" data-id=\"2671\" data-link=\"https:\/\/normandiemaine.cerfrance.fr\/arad2\/?attachment_id=2671\" data-url=\"https:\/\/normandiemaine.cerfrance.fr\/arad2\/wp-content\/uploads\/sites\/3\/2023\/06\/1688020206472-1024x768.jpg\" data-width=\"2048\" src=\"https:\/\/i2.wp.com\/normandiemaine.cerfrance.fr\/arad2\/wp-content\/uploads\/sites\/3\/2023\/06\/1688020206472-1024x768.jpg?ssl=1\" data-amp-layout=\"responsive\" \/><\/figure><\/div><div class=\"tiled-gallery__col\" style=\"flex-basis:23.94895%\"><figure class=\"tiled-gallery__item\"><img decoding=\"async\" srcset=\"https:\/\/i0.wp.com\/normandiemaine.cerfrance.fr\/arad2\/wp-content\/uploads\/sites\/3\/2023\/06\/1688020199968-671x1024.jpg?strip=info&#038;w=600&#038;ssl=1 600w,https:\/\/i0.wp.com\/normandiemaine.cerfrance.fr\/arad2\/wp-content\/uploads\/sites\/3\/2023\/06\/1688020199968-671x1024.jpg?strip=info&#038;w=900&#038;ssl=1 900w,https:\/\/i0.wp.com\/normandiemaine.cerfrance.fr\/arad2\/wp-content\/uploads\/sites\/3\/2023\/06\/1688020199968-671x1024.jpg?strip=info&#038;w=947&#038;ssl=1 947w\" alt=\"\" data-height=\"1445\" data-id=\"2672\" data-link=\"https:\/\/normandiemaine.cerfrance.fr\/arad2\/?attachment_id=2672\" data-url=\"https:\/\/normandiemaine.cerfrance.fr\/arad2\/wp-content\/uploads\/sites\/3\/2023\/06\/1688020199968-671x1024.jpg\" data-width=\"947\" src=\"https:\/\/i0.wp.com\/normandiemaine.cerfrance.fr\/arad2\/wp-content\/uploads\/sites\/3\/2023\/06\/1688020199968-671x1024.jpg?ssl=1\" data-amp-layout=\"responsive\" \/><\/figure><\/div><div class=\"tiled-gallery__col\" style=\"flex-basis:27.40680%\"><figure class=\"tiled-gallery__item\"><img decoding=\"async\" srcset=\"https:\/\/i1.wp.com\/normandiemaine.cerfrance.fr\/arad2\/wp-content\/uploads\/sites\/3\/2023\/06\/1688020206349-768x1024.jpg?strip=info&#038;w=600&#038;ssl=1 600w,https:\/\/i1.wp.com\/normandiemaine.cerfrance.fr\/arad2\/wp-content\/uploads\/sites\/3\/2023\/06\/1688020206349-768x1024.jpg?strip=info&#038;w=900&#038;ssl=1 900w,https:\/\/i1.wp.com\/normandiemaine.cerfrance.fr\/arad2\/wp-content\/uploads\/sites\/3\/2023\/06\/1688020206349-768x1024.jpg?strip=info&#038;w=1200&#038;ssl=1 1200w,https:\/\/i1.wp.com\/normandiemaine.cerfrance.fr\/arad2\/wp-content\/uploads\/sites\/3\/2023\/06\/1688020206349-768x1024.jpg?strip=info&#038;w=1280&#038;ssl=1 1280w\" alt=\"\" data-height=\"1706\" data-id=\"2673\" data-link=\"https:\/\/normandiemaine.cerfrance.fr\/arad2\/?attachment_id=2673\" data-url=\"https:\/\/normandiemaine.cerfrance.fr\/arad2\/wp-content\/uploads\/sites\/3\/2023\/06\/1688020206349-768x1024.jpg\" data-width=\"1280\" src=\"https:\/\/i1.wp.com\/normandiemaine.cerfrance.fr\/arad2\/wp-content\/uploads\/sites\/3\/2023\/06\/1688020206349-768x1024.jpg?ssl=1\" data-amp-layout=\"responsive\" \/><\/figure><\/div><\/div><\/div><\/div>\n\n\n\n<p>Les conseillers ont \u00e9galement visit\u00e9 l&rsquo;exploitation de Christian Streit membre du comit\u00e9 Swiss no till. Cette exploitation comporte 60 hectares de surface agricole avec 5,5 hectares de vignes. Le tout est conduit en agriculture biologique sous le label Bio Suisse.<\/p>\n\n\n\n<p>Christian Streit pratique l&rsquo;agriculture biologique de conservation et innove en permanence pour allier gestion durable du travail du sol et respect de l&rsquo;environnement. L&rsquo;occasion d&rsquo;observer au champ les strat\u00e9gies d&rsquo;adaptation notamment le semis direct opportuniste, le sous-semis dans les c\u00e9r\u00e9ales, la grande diversit\u00e9 des cultures. Des leviers agronomiques qui co\u00efncident avec notre d\u00e9veloppement du conseil agronomique.<\/p>\n\n\n\n<div class=\"wp-block-jetpack-tiled-gallery aligncenter is-style-rectangular\"><div class=\"tiled-gallery__gallery\"><div class=\"tiled-gallery__row\"><div class=\"tiled-gallery__col\" style=\"flex-basis:66.71977%\"><figure class=\"tiled-gallery__item\"><img decoding=\"async\" srcset=\"https:\/\/i0.wp.com\/normandiemaine.cerfrance.fr\/arad2\/wp-content\/uploads\/sites\/3\/2023\/06\/1688121343873-1024x770.jpg?strip=info&#038;w=600&#038;ssl=1 600w,https:\/\/i0.wp.com\/normandiemaine.cerfrance.fr\/arad2\/wp-content\/uploads\/sites\/3\/2023\/06\/1688121343873-1024x770.jpg?strip=info&#038;w=900&#038;ssl=1 900w,https:\/\/i0.wp.com\/normandiemaine.cerfrance.fr\/arad2\/wp-content\/uploads\/sites\/3\/2023\/06\/1688121343873-1024x770.jpg?strip=info&#038;w=1200&#038;ssl=1 1200w,https:\/\/i0.wp.com\/normandiemaine.cerfrance.fr\/arad2\/wp-content\/uploads\/sites\/3\/2023\/06\/1688121343873-1024x770.jpg?strip=info&#038;w=1500&#038;ssl=1 1500w,https:\/\/i0.wp.com\/normandiemaine.cerfrance.fr\/arad2\/wp-content\/uploads\/sites\/3\/2023\/06\/1688121343873-1024x770.jpg?strip=info&#038;w=1800&#038;ssl=1 1800w,https:\/\/i0.wp.com\/normandiemaine.cerfrance.fr\/arad2\/wp-content\/uploads\/sites\/3\/2023\/06\/1688121343873-1024x770.jpg?strip=info&#038;w=2000&#038;ssl=1 2000w\" alt=\"\" data-height=\"1536\" data-id=\"2693\" data-link=\"https:\/\/normandiemaine.cerfrance.fr\/arad2\/voyage-detude-pour-les-conseillers-techniques-cerfrance\/attachment\/1688121343873\/\" data-url=\"https:\/\/normandiemaine.cerfrance.fr\/arad2\/wp-content\/uploads\/sites\/3\/2023\/06\/1688121343873-1024x770.jpg\" data-width=\"2044\" src=\"https:\/\/i0.wp.com\/normandiemaine.cerfrance.fr\/arad2\/wp-content\/uploads\/sites\/3\/2023\/06\/1688121343873-1024x770.jpg?ssl=1\" data-amp-layout=\"responsive\" \/><\/figure><\/div><div class=\"tiled-gallery__col\" style=\"flex-basis:33.28023%\"><figure class=\"tiled-gallery__item\"><img decoding=\"async\" srcset=\"https:\/\/i0.wp.com\/normandiemaine.cerfrance.fr\/arad2\/wp-content\/uploads\/sites\/3\/2023\/06\/1688121347193-1024x768.jpg?strip=info&#038;w=600&#038;ssl=1 600w,https:\/\/i0.wp.com\/normandiemaine.cerfrance.fr\/arad2\/wp-content\/uploads\/sites\/3\/2023\/06\/1688121347193-1024x768.jpg?strip=info&#038;w=900&#038;ssl=1 900w,https:\/\/i0.wp.com\/normandiemaine.cerfrance.fr\/arad2\/wp-content\/uploads\/sites\/3\/2023\/06\/1688121347193-1024x768.jpg?strip=info&#038;w=1200&#038;ssl=1 1200w,https:\/\/i0.wp.com\/normandiemaine.cerfrance.fr\/arad2\/wp-content\/uploads\/sites\/3\/2023\/06\/1688121347193-1024x768.jpg?strip=info&#038;w=1500&#038;ssl=1 1500w,https:\/\/i0.wp.com\/normandiemaine.cerfrance.fr\/arad2\/wp-content\/uploads\/sites\/3\/2023\/06\/1688121347193-1024x768.jpg?strip=info&#038;w=1800&#038;ssl=1 1800w,https:\/\/i0.wp.com\/normandiemaine.cerfrance.fr\/arad2\/wp-content\/uploads\/sites\/3\/2023\/06\/1688121347193-1024x768.jpg?strip=info&#038;w=2000&#038;ssl=1 2000w\" alt=\"\" data-height=\"1536\" data-id=\"2694\" data-link=\"https:\/\/normandiemaine.cerfrance.fr\/arad2\/voyage-detude-pour-les-conseillers-techniques-cerfrance\/attachment\/1688121347193\/\" data-url=\"https:\/\/normandiemaine.cerfrance.fr\/arad2\/wp-content\/uploads\/sites\/3\/2023\/06\/1688121347193-1024x768.jpg\" data-width=\"2048\" src=\"https:\/\/i0.wp.com\/normandiemaine.cerfrance.fr\/arad2\/wp-content\/uploads\/sites\/3\/2023\/06\/1688121347193-1024x768.jpg?ssl=1\" data-amp-layout=\"responsive\" \/><\/figure><figure class=\"tiled-gallery__item\"><img decoding=\"async\" srcset=\"https:\/\/i0.wp.com\/normandiemaine.cerfrance.fr\/arad2\/wp-content\/uploads\/sites\/3\/2023\/06\/1688121344456-1024x770.jpg?strip=info&#038;w=600&#038;ssl=1 600w,https:\/\/i0.wp.com\/normandiemaine.cerfrance.fr\/arad2\/wp-content\/uploads\/sites\/3\/2023\/06\/1688121344456-1024x770.jpg?strip=info&#038;w=900&#038;ssl=1 900w,https:\/\/i0.wp.com\/normandiemaine.cerfrance.fr\/arad2\/wp-content\/uploads\/sites\/3\/2023\/06\/1688121344456-1024x770.jpg?strip=info&#038;w=1200&#038;ssl=1 1200w,https:\/\/i0.wp.com\/normandiemaine.cerfrance.fr\/arad2\/wp-content\/uploads\/sites\/3\/2023\/06\/1688121344456-1024x770.jpg?strip=info&#038;w=1500&#038;ssl=1 1500w,https:\/\/i0.wp.com\/normandiemaine.cerfrance.fr\/arad2\/wp-content\/uploads\/sites\/3\/2023\/06\/1688121344456-1024x770.jpg?strip=info&#038;w=1800&#038;ssl=1 1800w,https:\/\/i0.wp.com\/normandiemaine.cerfrance.fr\/arad2\/wp-content\/uploads\/sites\/3\/2023\/06\/1688121344456-1024x770.jpg?strip=info&#038;w=2000&#038;ssl=1 2000w\" alt=\"\" data-height=\"1536\" data-id=\"2695\" data-link=\"https:\/\/normandiemaine.cerfrance.fr\/arad2\/voyage-detude-pour-les-conseillers-techniques-cerfrance\/attachment\/1688121344456\/\" data-url=\"https:\/\/normandiemaine.cerfrance.fr\/arad2\/wp-content\/uploads\/sites\/3\/2023\/06\/1688121344456-1024x770.jpg\" data-width=\"2044\" src=\"https:\/\/i0.wp.com\/normandiemaine.cerfrance.fr\/arad2\/wp-content\/uploads\/sites\/3\/2023\/06\/1688121344456-1024x770.jpg?ssl=1\" data-amp-layout=\"responsive\" \/><\/figure><\/div><\/div><\/div><\/div>\n\n\n\n<h2 class=\"wp-block-heading\">Conseillers techniques \u00e9levage des Cerfrance<\/h2>\n\n\n\n<p>Les onze conseillers \u00e9levage ont pris avec Adeline MICHEL la route des Pays Bas pour comprendre comment la fili\u00e8re lait s&#8217;empare des enjeux environnementaux gr\u00e2ce aux visites de fermes engag\u00e9es dans un programme de recherche avec Wageningen University &amp; Research.<\/p>\n\n\n\n<p>La visite de l&rsquo;entreprise VanDrie Group a ainsi permis de d\u00e9couvrir la fili\u00e8re veaux de boucherie. VanDrie Group est le leader mondial de la viande de veau :<\/p>\n\n\n\n<ul class=\"wp-block-list\">\n<li>1600 agriculteurs sous contrat aux Pays Bas, en France et en Belgique<\/li>\n\n\n\n<li>99% de la production export\u00e9e en Europe. <\/li>\n<\/ul>\n\n\n\n<p>En France, la viande se vend sous la marque TENDRIADE.<\/p>\n\n\n\n<p>Les veaux sont nourris avec du lait et du muesli compos\u00e9 de ma\u00efs sous diff\u00e9rentes formes, d&rsquo;orge, d&rsquo;avoine et de lupin. La fabrication de ce muesli se fait alors dans leur usine d&rsquo;Udell qui en produit 250 000 tonnes par an.<\/p>\n\n\n\n<p>L&rsquo;enjeu absolu est de ne pas avoir de fer dans les aliments pour que la viande reste blanche. Car pour les \u00e9leveurs, une viande ros\u00e9e, correspond \u00e0 1,5 \u20ac de moins par kg de viande !<\/p>\n\n\n\n<div class=\"wp-block-jetpack-tiled-gallery aligncenter is-style-rectangular\"><div class=\"tiled-gallery__gallery\"><div class=\"tiled-gallery__row\"><div class=\"tiled-gallery__col\" style=\"flex-basis:66.74150%\"><figure class=\"tiled-gallery__item\"><img decoding=\"async\" srcset=\"https:\/\/i1.wp.com\/normandiemaine.cerfrance.fr\/arad2\/wp-content\/uploads\/sites\/3\/2023\/06\/1687959667214-1024x768.jpg?strip=info&#038;w=600&#038;ssl=1 600w,https:\/\/i1.wp.com\/normandiemaine.cerfrance.fr\/arad2\/wp-content\/uploads\/sites\/3\/2023\/06\/1687959667214-1024x768.jpg?strip=info&#038;w=900&#038;ssl=1 900w,https:\/\/i1.wp.com\/normandiemaine.cerfrance.fr\/arad2\/wp-content\/uploads\/sites\/3\/2023\/06\/1687959667214-1024x768.jpg?strip=info&#038;w=1200&#038;ssl=1 1200w,https:\/\/i1.wp.com\/normandiemaine.cerfrance.fr\/arad2\/wp-content\/uploads\/sites\/3\/2023\/06\/1687959667214-1024x768.jpg?strip=info&#038;w=1500&#038;ssl=1 1500w,https:\/\/i1.wp.com\/normandiemaine.cerfrance.fr\/arad2\/wp-content\/uploads\/sites\/3\/2023\/06\/1687959667214-1024x768.jpg?strip=info&#038;w=1707&#038;ssl=1 1707w\" alt=\"\" data-height=\"1280\" data-id=\"2675\" data-link=\"https:\/\/normandiemaine.cerfrance.fr\/arad2\/?attachment_id=2675\" data-url=\"https:\/\/normandiemaine.cerfrance.fr\/arad2\/wp-content\/uploads\/sites\/3\/2023\/06\/1687959667214-1024x768.jpg\" data-width=\"1707\" src=\"https:\/\/i1.wp.com\/normandiemaine.cerfrance.fr\/arad2\/wp-content\/uploads\/sites\/3\/2023\/06\/1687959667214-1024x768.jpg?ssl=1\" data-amp-layout=\"responsive\" \/><\/figure><\/div><div class=\"tiled-gallery__col\" style=\"flex-basis:33.25850%\"><figure class=\"tiled-gallery__item\"><img decoding=\"async\" srcset=\"https:\/\/i0.wp.com\/normandiemaine.cerfrance.fr\/arad2\/wp-content\/uploads\/sites\/3\/2023\/06\/1687959667070-1024x768.jpg?strip=info&#038;w=600&#038;ssl=1 600w,https:\/\/i0.wp.com\/normandiemaine.cerfrance.fr\/arad2\/wp-content\/uploads\/sites\/3\/2023\/06\/1687959667070-1024x768.jpg?strip=info&#038;w=900&#038;ssl=1 900w,https:\/\/i0.wp.com\/normandiemaine.cerfrance.fr\/arad2\/wp-content\/uploads\/sites\/3\/2023\/06\/1687959667070-1024x768.jpg?strip=info&#038;w=1200&#038;ssl=1 1200w,https:\/\/i0.wp.com\/normandiemaine.cerfrance.fr\/arad2\/wp-content\/uploads\/sites\/3\/2023\/06\/1687959667070-1024x768.jpg?strip=info&#038;w=1500&#038;ssl=1 1500w,https:\/\/i0.wp.com\/normandiemaine.cerfrance.fr\/arad2\/wp-content\/uploads\/sites\/3\/2023\/06\/1687959667070-1024x768.jpg?strip=info&#038;w=1707&#038;ssl=1 1707w\" alt=\"\" data-height=\"1280\" data-id=\"2674\" data-link=\"https:\/\/normandiemaine.cerfrance.fr\/arad2\/?attachment_id=2674\" data-url=\"https:\/\/normandiemaine.cerfrance.fr\/arad2\/wp-content\/uploads\/sites\/3\/2023\/06\/1687959667070-1024x768.jpg\" data-width=\"1707\" src=\"https:\/\/i0.wp.com\/normandiemaine.cerfrance.fr\/arad2\/wp-content\/uploads\/sites\/3\/2023\/06\/1687959667070-1024x768.jpg?ssl=1\" data-amp-layout=\"responsive\" \/><\/figure><figure class=\"tiled-gallery__item\"><img decoding=\"async\" srcset=\"https:\/\/i0.wp.com\/normandiemaine.cerfrance.fr\/arad2\/wp-content\/uploads\/sites\/3\/2023\/06\/1687959673331-1024x768.jpg?strip=info&#038;w=600&#038;ssl=1 600w,https:\/\/i0.wp.com\/normandiemaine.cerfrance.fr\/arad2\/wp-content\/uploads\/sites\/3\/2023\/06\/1687959673331-1024x768.jpg?strip=info&#038;w=900&#038;ssl=1 900w,https:\/\/i0.wp.com\/normandiemaine.cerfrance.fr\/arad2\/wp-content\/uploads\/sites\/3\/2023\/06\/1687959673331-1024x768.jpg?strip=info&#038;w=1200&#038;ssl=1 1200w,https:\/\/i0.wp.com\/normandiemaine.cerfrance.fr\/arad2\/wp-content\/uploads\/sites\/3\/2023\/06\/1687959673331-1024x768.jpg?strip=info&#038;w=1500&#038;ssl=1 1500w,https:\/\/i0.wp.com\/normandiemaine.cerfrance.fr\/arad2\/wp-content\/uploads\/sites\/3\/2023\/06\/1687959673331-1024x768.jpg?strip=info&#038;w=1707&#038;ssl=1 1707w\" alt=\"\" data-height=\"1280\" data-id=\"2676\" data-link=\"https:\/\/normandiemaine.cerfrance.fr\/arad2\/?attachment_id=2676\" data-url=\"https:\/\/normandiemaine.cerfrance.fr\/arad2\/wp-content\/uploads\/sites\/3\/2023\/06\/1687959673331-1024x768.jpg\" data-width=\"1707\" src=\"https:\/\/i0.wp.com\/normandiemaine.cerfrance.fr\/arad2\/wp-content\/uploads\/sites\/3\/2023\/06\/1687959673331-1024x768.jpg?ssl=1\" data-amp-layout=\"responsive\" \/><\/figure><\/div><\/div><\/div><\/div>\n\n\n\n<p>Ce sera \u00e9galement l&rsquo;occasion de visiter le centre de recherche et d&rsquo;innovation de l&rsquo;entreprise L\u00e9ly&nbsp;bas\u00e9 \u00e0 Maasluis et de faire un petit d\u00e9tour par le march\u00e9 aux fleurs d&rsquo;Amsterdam.<\/p>\n\n\n\n<p>Les conseillers ont pu \u00e9galement assister \u00e0 une pr\u00e9sentation g\u00e9n\u00e9rale de l&rsquo;entreprise L\u00e9ly, suivie de la visite de l&rsquo;usine d&rsquo;assemblage du robot de traite Astronaut.  En quelques chiffres, cette usine produit 100 \u00e0 150 robots par semaine. La construction se faits toutefois en flux tendu. La fabrication d&rsquo;un robot se r\u00e9alise en 16 \u00e9tapes et repr\u00e9sente alors 32 heures d&rsquo;assemblage.<\/p>\n\n\n\n<div class=\"wp-block-jetpack-tiled-gallery aligncenter is-style-rectangular\"><div class=\"tiled-gallery__gallery\"><div class=\"tiled-gallery__row\"><div class=\"tiled-gallery__col\" style=\"flex-basis:50.00000%\"><figure class=\"tiled-gallery__item\"><img decoding=\"async\" srcset=\"https:\/\/i0.wp.com\/normandiemaine.cerfrance.fr\/arad2\/wp-content\/uploads\/sites\/3\/2023\/06\/1687874818093-1024x768.jpg?strip=info&#038;w=600&#038;ssl=1 600w,https:\/\/i0.wp.com\/normandiemaine.cerfrance.fr\/arad2\/wp-content\/uploads\/sites\/3\/2023\/06\/1687874818093-1024x768.jpg?strip=info&#038;w=900&#038;ssl=1 900w,https:\/\/i0.wp.com\/normandiemaine.cerfrance.fr\/arad2\/wp-content\/uploads\/sites\/3\/2023\/06\/1687874818093-1024x768.jpg?strip=info&#038;w=1200&#038;ssl=1 1200w,https:\/\/i0.wp.com\/normandiemaine.cerfrance.fr\/arad2\/wp-content\/uploads\/sites\/3\/2023\/06\/1687874818093-1024x768.jpg?strip=info&#038;w=1500&#038;ssl=1 1500w,https:\/\/i0.wp.com\/normandiemaine.cerfrance.fr\/arad2\/wp-content\/uploads\/sites\/3\/2023\/06\/1687874818093-1024x768.jpg?strip=info&#038;w=1707&#038;ssl=1 1707w\" alt=\"\" data-height=\"1280\" data-id=\"2677\" data-link=\"https:\/\/normandiemaine.cerfrance.fr\/arad2\/?attachment_id=2677\" data-url=\"https:\/\/normandiemaine.cerfrance.fr\/arad2\/wp-content\/uploads\/sites\/3\/2023\/06\/1687874818093-1024x768.jpg\" data-width=\"1707\" src=\"https:\/\/i0.wp.com\/normandiemaine.cerfrance.fr\/arad2\/wp-content\/uploads\/sites\/3\/2023\/06\/1687874818093-1024x768.jpg?ssl=1\" data-amp-layout=\"responsive\" \/><\/figure><\/div><div class=\"tiled-gallery__col\" style=\"flex-basis:50.00000%\"><figure class=\"tiled-gallery__item\"><img decoding=\"async\" srcset=\"https:\/\/i1.wp.com\/normandiemaine.cerfrance.fr\/arad2\/wp-content\/uploads\/sites\/3\/2023\/06\/1687874824570-1024x768.jpg?strip=info&#038;w=600&#038;ssl=1 600w,https:\/\/i1.wp.com\/normandiemaine.cerfrance.fr\/arad2\/wp-content\/uploads\/sites\/3\/2023\/06\/1687874824570-1024x768.jpg?strip=info&#038;w=900&#038;ssl=1 900w,https:\/\/i1.wp.com\/normandiemaine.cerfrance.fr\/arad2\/wp-content\/uploads\/sites\/3\/2023\/06\/1687874824570-1024x768.jpg?strip=info&#038;w=1200&#038;ssl=1 1200w,https:\/\/i1.wp.com\/normandiemaine.cerfrance.fr\/arad2\/wp-content\/uploads\/sites\/3\/2023\/06\/1687874824570-1024x768.jpg?strip=info&#038;w=1500&#038;ssl=1 1500w,https:\/\/i1.wp.com\/normandiemaine.cerfrance.fr\/arad2\/wp-content\/uploads\/sites\/3\/2023\/06\/1687874824570-1024x768.jpg?strip=info&#038;w=1707&#038;ssl=1 1707w\" alt=\"\" data-height=\"1280\" data-id=\"2678\" data-link=\"https:\/\/normandiemaine.cerfrance.fr\/arad2\/?attachment_id=2678\" data-url=\"https:\/\/normandiemaine.cerfrance.fr\/arad2\/wp-content\/uploads\/sites\/3\/2023\/06\/1687874824570-1024x768.jpg\" data-width=\"1707\" src=\"https:\/\/i1.wp.com\/normandiemaine.cerfrance.fr\/arad2\/wp-content\/uploads\/sites\/3\/2023\/06\/1687874824570-1024x768.jpg?ssl=1\" data-amp-layout=\"responsive\" \/><\/figure><\/div><\/div><\/div><\/div>\n\n\n\n<p>Le march\u00e9 aux fleurs (Royal FloraHolland) se situe \u00e0 Aalsmeer. Il s&rsquo;agit du plus grand march\u00e9 international de fleurs et de plantes au monde. En quelques chiffres, il repr\u00e9sente :<\/p>\n\n\n\n<ul class=\"wp-block-list\">\n<li>46 millions de fleurs par jour<\/li>\n\n\n\n<li>173 ha d&rsquo;entrep\u00f4t soit l&rsquo;\u00e9quivalent de 250 terrains de football<\/li>\n\n\n\n<li>22 millions de chiffre d affaires journalier<\/li>\n\n\n\n<li>100 000 transactions au cadran journali\u00e8res<\/li>\n\n\n\n<li>Et une logistique impressionnante !<\/li>\n<\/ul>\n\n\n\n<div class=\"wp-block-jetpack-tiled-gallery aligncenter is-style-rectangular\"><div class=\"tiled-gallery__gallery\"><div class=\"tiled-gallery__row\"><div class=\"tiled-gallery__col\" style=\"flex-basis:50.00000%\"><figure class=\"tiled-gallery__item\"><img decoding=\"async\" srcset=\"https:\/\/i0.wp.com\/normandiemaine.cerfrance.fr\/arad2\/wp-content\/uploads\/sites\/3\/2023\/06\/1687937250773-1-1024x768.jpg?strip=info&#038;w=600&#038;ssl=1 600w,https:\/\/i0.wp.com\/normandiemaine.cerfrance.fr\/arad2\/wp-content\/uploads\/sites\/3\/2023\/06\/1687937250773-1-1024x768.jpg?strip=info&#038;w=900&#038;ssl=1 900w,https:\/\/i0.wp.com\/normandiemaine.cerfrance.fr\/arad2\/wp-content\/uploads\/sites\/3\/2023\/06\/1687937250773-1-1024x768.jpg?strip=info&#038;w=1200&#038;ssl=1 1200w,https:\/\/i0.wp.com\/normandiemaine.cerfrance.fr\/arad2\/wp-content\/uploads\/sites\/3\/2023\/06\/1687937250773-1-1024x768.jpg?strip=info&#038;w=1500&#038;ssl=1 1500w,https:\/\/i0.wp.com\/normandiemaine.cerfrance.fr\/arad2\/wp-content\/uploads\/sites\/3\/2023\/06\/1687937250773-1-1024x768.jpg?strip=info&#038;w=1707&#038;ssl=1 1707w\" alt=\"\" data-height=\"1280\" data-id=\"2680\" data-link=\"https:\/\/normandiemaine.cerfrance.fr\/arad2\/?attachment_id=2680\" data-url=\"https:\/\/normandiemaine.cerfrance.fr\/arad2\/wp-content\/uploads\/sites\/3\/2023\/06\/1687937250773-1-1024x768.jpg\" data-width=\"1707\" src=\"https:\/\/i0.wp.com\/normandiemaine.cerfrance.fr\/arad2\/wp-content\/uploads\/sites\/3\/2023\/06\/1687937250773-1-1024x768.jpg?ssl=1\" data-amp-layout=\"responsive\" \/><\/figure><\/div><div class=\"tiled-gallery__col\" style=\"flex-basis:50.00000%\"><figure class=\"tiled-gallery__item\"><img decoding=\"async\" srcset=\"https:\/\/i1.wp.com\/normandiemaine.cerfrance.fr\/arad2\/wp-content\/uploads\/sites\/3\/2023\/06\/1687937250116-1024x768.jpg?strip=info&#038;w=600&#038;ssl=1 600w,https:\/\/i1.wp.com\/normandiemaine.cerfrance.fr\/arad2\/wp-content\/uploads\/sites\/3\/2023\/06\/1687937250116-1024x768.jpg?strip=info&#038;w=900&#038;ssl=1 900w,https:\/\/i1.wp.com\/normandiemaine.cerfrance.fr\/arad2\/wp-content\/uploads\/sites\/3\/2023\/06\/1687937250116-1024x768.jpg?strip=info&#038;w=1200&#038;ssl=1 1200w,https:\/\/i1.wp.com\/normandiemaine.cerfrance.fr\/arad2\/wp-content\/uploads\/sites\/3\/2023\/06\/1687937250116-1024x768.jpg?strip=info&#038;w=1500&#038;ssl=1 1500w,https:\/\/i1.wp.com\/normandiemaine.cerfrance.fr\/arad2\/wp-content\/uploads\/sites\/3\/2023\/06\/1687937250116-1024x768.jpg?strip=info&#038;w=1707&#038;ssl=1 1707w\" alt=\"\" data-height=\"1280\" data-id=\"2681\" data-link=\"https:\/\/normandiemaine.cerfrance.fr\/arad2\/?attachment_id=2681\" data-url=\"https:\/\/normandiemaine.cerfrance.fr\/arad2\/wp-content\/uploads\/sites\/3\/2023\/06\/1687937250116-1024x768.jpg\" data-width=\"1707\" src=\"https:\/\/i1.wp.com\/normandiemaine.cerfrance.fr\/arad2\/wp-content\/uploads\/sites\/3\/2023\/06\/1687937250116-1024x768.jpg?ssl=1\" data-amp-layout=\"responsive\" \/><\/figure><\/div><\/div><\/div><\/div>\n\n\n\n<p>Le voyage d&rsquo;\u00e9tude s&rsquo;ach\u00e8ve par la visite de l&rsquo;entreprise familiale Kaasboerderij de Moerenaar en Belgique qui fait de la transformation fromag\u00e8re.<\/p>\n\n\n\n<p>Une tr\u00e8s belle rencontre avec deux agriculteurs entrepreneurs qui ont commenc\u00e9 avec deux vaches et 35 ha. Aujourd&rsquo;hui, ce sont deux exploitations de 125 vaches qui livrent \u00e0 la fromagerie de leur fils pour transformer 100 000 litres de lait par semaine.<\/p>\n\n\n\n<p>Voici quelques chiffres repr\u00e9sentant la fromagerie :<\/p>\n\n\n\n<ul class=\"wp-block-list\">\n<li>500 tonnes de fromages vendus par an<\/li>\n\n\n\n<li>80 % en Belgique et 20% en France et Hollande.<\/li>\n<\/ul>\n\n\n\n<div class=\"wp-block-jetpack-tiled-gallery aligncenter is-style-rectangular\"><div class=\"tiled-gallery__gallery\"><div class=\"tiled-gallery__row\"><div class=\"tiled-gallery__col\" style=\"flex-basis:66.74150%\"><figure class=\"tiled-gallery__item\"><img decoding=\"async\" srcset=\"https:\/\/i1.wp.com\/normandiemaine.cerfrance.fr\/arad2\/wp-content\/uploads\/sites\/3\/2023\/06\/1688042013299-1024x768.jpg?strip=info&#038;w=600&#038;ssl=1 600w,https:\/\/i1.wp.com\/normandiemaine.cerfrance.fr\/arad2\/wp-content\/uploads\/sites\/3\/2023\/06\/1688042013299-1024x768.jpg?strip=info&#038;w=900&#038;ssl=1 900w,https:\/\/i1.wp.com\/normandiemaine.cerfrance.fr\/arad2\/wp-content\/uploads\/sites\/3\/2023\/06\/1688042013299-1024x768.jpg?strip=info&#038;w=1200&#038;ssl=1 1200w,https:\/\/i1.wp.com\/normandiemaine.cerfrance.fr\/arad2\/wp-content\/uploads\/sites\/3\/2023\/06\/1688042013299-1024x768.jpg?strip=info&#038;w=1500&#038;ssl=1 1500w,https:\/\/i1.wp.com\/normandiemaine.cerfrance.fr\/arad2\/wp-content\/uploads\/sites\/3\/2023\/06\/1688042013299-1024x768.jpg?strip=info&#038;w=1707&#038;ssl=1 1707w\" alt=\"\" data-height=\"1280\" data-id=\"2684\" data-link=\"https:\/\/normandiemaine.cerfrance.fr\/arad2\/voyage-detude-pour-les-conseillers-techniques-cerfrance\/attachment\/1688042013299\/\" data-url=\"https:\/\/normandiemaine.cerfrance.fr\/arad2\/wp-content\/uploads\/sites\/3\/2023\/06\/1688042013299-1024x768.jpg\" data-width=\"1707\" src=\"https:\/\/i1.wp.com\/normandiemaine.cerfrance.fr\/arad2\/wp-content\/uploads\/sites\/3\/2023\/06\/1688042013299-1024x768.jpg?ssl=1\" data-amp-layout=\"responsive\" \/><\/figure><\/div><div class=\"tiled-gallery__col\" style=\"flex-basis:33.25850%\"><figure class=\"tiled-gallery__item\"><img decoding=\"async\" srcset=\"https:\/\/i2.wp.com\/normandiemaine.cerfrance.fr\/arad2\/wp-content\/uploads\/sites\/3\/2023\/06\/1688042015959-1024x768.jpg?strip=info&#038;w=600&#038;ssl=1 600w,https:\/\/i2.wp.com\/normandiemaine.cerfrance.fr\/arad2\/wp-content\/uploads\/sites\/3\/2023\/06\/1688042015959-1024x768.jpg?strip=info&#038;w=900&#038;ssl=1 900w,https:\/\/i2.wp.com\/normandiemaine.cerfrance.fr\/arad2\/wp-content\/uploads\/sites\/3\/2023\/06\/1688042015959-1024x768.jpg?strip=info&#038;w=1200&#038;ssl=1 1200w,https:\/\/i2.wp.com\/normandiemaine.cerfrance.fr\/arad2\/wp-content\/uploads\/sites\/3\/2023\/06\/1688042015959-1024x768.jpg?strip=info&#038;w=1500&#038;ssl=1 1500w,https:\/\/i2.wp.com\/normandiemaine.cerfrance.fr\/arad2\/wp-content\/uploads\/sites\/3\/2023\/06\/1688042015959-1024x768.jpg?strip=info&#038;w=1707&#038;ssl=1 1707w\" alt=\"\" data-height=\"1280\" data-id=\"2685\" data-link=\"https:\/\/normandiemaine.cerfrance.fr\/arad2\/voyage-detude-pour-les-conseillers-techniques-cerfrance\/attachment\/1688042015959\/\" data-url=\"https:\/\/normandiemaine.cerfrance.fr\/arad2\/wp-content\/uploads\/sites\/3\/2023\/06\/1688042015959-1024x768.jpg\" data-width=\"1707\" src=\"https:\/\/i2.wp.com\/normandiemaine.cerfrance.fr\/arad2\/wp-content\/uploads\/sites\/3\/2023\/06\/1688042015959-1024x768.jpg?ssl=1\" data-amp-layout=\"responsive\" \/><\/figure><figure class=\"tiled-gallery__item\"><img decoding=\"async\" srcset=\"https:\/\/i1.wp.com\/normandiemaine.cerfrance.fr\/arad2\/wp-content\/uploads\/sites\/3\/2023\/06\/1688042013123-1024x768.jpg?strip=info&#038;w=600&#038;ssl=1 600w,https:\/\/i1.wp.com\/normandiemaine.cerfrance.fr\/arad2\/wp-content\/uploads\/sites\/3\/2023\/06\/1688042013123-1024x768.jpg?strip=info&#038;w=900&#038;ssl=1 900w,https:\/\/i1.wp.com\/normandiemaine.cerfrance.fr\/arad2\/wp-content\/uploads\/sites\/3\/2023\/06\/1688042013123-1024x768.jpg?strip=info&#038;w=1200&#038;ssl=1 1200w,https:\/\/i1.wp.com\/normandiemaine.cerfrance.fr\/arad2\/wp-content\/uploads\/sites\/3\/2023\/06\/1688042013123-1024x768.jpg?strip=info&#038;w=1500&#038;ssl=1 1500w,https:\/\/i1.wp.com\/normandiemaine.cerfrance.fr\/arad2\/wp-content\/uploads\/sites\/3\/2023\/06\/1688042013123-1024x768.jpg?strip=info&#038;w=1707&#038;ssl=1 1707w\" alt=\"\" data-height=\"1280\" data-id=\"2686\" data-link=\"https:\/\/normandiemaine.cerfrance.fr\/arad2\/voyage-detude-pour-les-conseillers-techniques-cerfrance\/attachment\/1688042013123\/\" data-url=\"https:\/\/normandiemaine.cerfrance.fr\/arad2\/wp-content\/uploads\/sites\/3\/2023\/06\/1688042013123-1024x768.jpg\" data-width=\"1707\" src=\"https:\/\/i1.wp.com\/normandiemaine.cerfrance.fr\/arad2\/wp-content\/uploads\/sites\/3\/2023\/06\/1688042013123-1024x768.jpg?ssl=1\" data-amp-layout=\"responsive\" \/><\/figure><\/div><\/div><\/div><\/div>\n\n\n\n<p>Retrouvez toutes nos <a href=\"https:\/\/normandiemaine.cerfrance.fr\/arad2\/publications\/\" target=\"_blank\" rel=\"noreferrer noopener\">publications en agronomie et en \u00e9levage<\/a> sur notre site internet.<\/p>\n","protected":false},"excerpt":{"rendered":"<p>Retour du voyage d&rsquo;\u00e9tude des conseillers techniques des Cerfrance<\/p>\n","protected":false},"author":4,"featured_media":2671,"comment_status":"closed","ping_status":"open","sticky":false,"template":"","format":"standard","meta":{"site-sidebar-layout":"default","site-content-layout":"","ast-site-content-layout":"default","site-content-style":"default","site-sidebar-style":"default","ast-global-header-display":"","ast-banner-title-visibility":"","ast-main-header-display":"","ast-hfb-above-header-display":"","ast-hfb-below-header-display":"","ast-hfb-mobile-header-display":"","site-post-title":"","ast-breadcrumbs-content":"","ast-featured-img":"","footer-sml-layout":"","ast-disable-related-posts":"","theme-transparent-header-meta":"","adv-header-id-meta":"","stick-header-meta":"","header-above-stick-meta":"","header-main-stick-meta":"","header-below-stick-meta":"","astra-migrate-meta-layouts":"default","ast-page-background-enabled":"default","ast-page-background-meta":{"desktop":{"background-color":"var(--ast-global-color-4)","background-image":"","background-repeat":"repeat","background-position":"center center","background-size":"auto","background-attachment":"scroll","background-type":"","background-media":"","overlay-type":"","overlay-color":"","overlay-opacity":"","overlay-gradient":""},"tablet":{"background-color":"","background-image":"","background-repeat":"repeat","background-position":"center center","background-size":"auto","background-attachment":"scroll","background-type":"","background-media":"","overlay-type":"","overlay-color":"","overlay-opacity":"","overlay-gradient":""},"mobile":{"background-color":"","background-image":"","background-repeat":"repeat","background-position":"center center","background-size":"auto","background-attachment":"scroll","background-type":"","background-media":"","overlay-type":"","overlay-color":"","overlay-opacity":"","overlay-gradient":""}},"ast-content-background-meta":{"desktop":{"background-color":"var(--ast-global-color-5)","background-image":"","background-repeat":"repeat","background-position":"center center","background-size":"auto","background-attachment":"scroll","background-type":"","background-media":"","overlay-type":"","overlay-color":"","overlay-opacity":"","overlay-gradient":""},"tablet":{"background-color":"var(--ast-global-color-5)","background-image":"","background-repeat":"repeat","background-position":"center center","background-size":"auto","background-attachment":"scroll","background-type":"","background-media":"","overlay-type":"","overlay-color":"","overlay-opacity":"","overlay-gradient":""},"mobile":{"background-color":"var(--ast-global-color-5)","background-image":"","background-repeat":"repeat","background-position":"center center","background-size":"auto","background-attachment":"scroll","background-type":"","background-media":"","overlay-type":"","overlay-color":"","overlay-opacity":"","overlay-gradient":""}},"_jetpack_memberships_contains_paid_content":false,"footnotes":""},"categories":[59],"tags":[],"class_list":["post-2666","post","type-post","status-publish","format-standard","has-post-thumbnail","hentry","category-actualites-de-larad2"],"yoast_head":"<!-- This site is optimized with the Yoast SEO plugin v27.5 - https:\/\/yoast.com\/product\/yoast-seo-wordpress\/ -->\n<title>Voyage d&#039;\u00e9tude pour les conseillers techniques - L&#039;ARAD2<\/title>\n<meta name=\"description\" content=\"Retour du voyage d&#039;\u00e9tude hors des fronti\u00e8res fran\u00e7aises pour les conseillers techniques des Cerfrance en Suisse et aux Pays Bas.\" \/>\n<meta name=\"robots\" content=\"index, follow, max-snippet:-1, max-image-preview:large, max-video-preview:-1\" \/>\n<link rel=\"canonical\" href=\"https:\/\/normandiemaine.cerfrance.fr\/arad2\/voyage-detude-pour-les-conseillers-techniques-cerfrance\/\" \/>\n<meta property=\"og:locale\" content=\"fr_FR\" \/>\n<meta property=\"og:type\" content=\"article\" \/>\n<meta property=\"og:title\" content=\"Retour du voyage d&#039;\u00e9tude hors des fronti\u00e8res fran\u00e7aises pour les conseillers techniques des Cerfrance\" \/>\n<meta property=\"og:description\" content=\"Retour du voyage d&#039;\u00e9tude hors des fronti\u00e8res fran\u00e7aises pour les conseillers techniques des Cerfrance\" \/>\n<meta property=\"og:url\" content=\"https:\/\/normandiemaine.cerfrance.fr\/arad2\/voyage-detude-pour-les-conseillers-techniques-cerfrance\/\" \/>\n<meta property=\"og:site_name\" content=\"L&#039;ARAD2\" \/>\n<meta property=\"article:published_time\" content=\"2023-06-29T12:05:40+00:00\" \/>\n<meta property=\"article:modified_time\" content=\"2023-06-30T12:44:40+00:00\" \/>\n<meta property=\"og:image\" content=\"https:\/\/normandiemaine.cerfrance.fr\/arad2\/wp-content\/uploads\/sites\/3\/2023\/06\/1687887229227.jpg\" \/>\n\t<meta property=\"og:image:width\" content=\"2048\" \/>\n\t<meta property=\"og:image:height\" content=\"1536\" \/>\n\t<meta property=\"og:image:type\" content=\"image\/jpeg\" \/>\n<meta name=\"author\" content=\"Lola\" \/>\n<meta name=\"twitter:card\" content=\"summary_large_image\" \/>\n<meta name=\"twitter:title\" content=\"Retour du voyage d&#039;\u00e9tude hors des fronti\u00e8res fran\u00e7aises pour les conseillers techniques des Cerfrance\" \/>\n<meta name=\"twitter:description\" content=\"Retour du voyage d&#039;\u00e9tude hors des fronti\u00e8res fran\u00e7aises pour les conseillers techniques des Cerfrance\" \/>\n<meta name=\"twitter:image\" content=\"https:\/\/i0.wp.com\/normandiemaine.cerfrance.fr\/arad2\/wp-content\/uploads\/sites\/3\/2023\/06\/1687887229227.jpg?fit=2048%2C1536&ssl=1\" \/>\n<meta name=\"twitter:label1\" content=\"\u00c9crit par\" \/>\n\t<meta name=\"twitter:data1\" content=\"Lola\" \/>\n\t<meta name=\"twitter:label2\" content=\"Dur\u00e9e de lecture estim\u00e9e\" \/>\n\t<meta name=\"twitter:data2\" content=\"9 minutes\" \/>\n<script type=\"application\/ld+json\" class=\"yoast-schema-graph\">{\"@context\":\"https:\\\/\\\/schema.org\",\"@graph\":[{\"@type\":\"Article\",\"@id\":\"https:\\\/\\\/normandiemaine.cerfrance.fr\\\/arad2\\\/voyage-detude-pour-les-conseillers-techniques-cerfrance\\\/#article\",\"isPartOf\":{\"@id\":\"https:\\\/\\\/normandiemaine.cerfrance.fr\\\/arad2\\\/voyage-detude-pour-les-conseillers-techniques-cerfrance\\\/\"},\"author\":{\"name\":\"Lola\",\"@id\":\"https:\\\/\\\/normandiemaine.cerfrance.fr\\\/arad2\\\/#\\\/schema\\\/person\\\/9d5645901ac39987762b3b959a346f05\"},\"headline\":\"Voyage d&rsquo;\u00e9tude pour les conseillers techniques\",\"datePublished\":\"2023-06-29T12:05:40+00:00\",\"dateModified\":\"2023-06-30T12:44:40+00:00\",\"mainEntityOfPage\":{\"@id\":\"https:\\\/\\\/normandiemaine.cerfrance.fr\\\/arad2\\\/voyage-detude-pour-les-conseillers-techniques-cerfrance\\\/\"},\"wordCount\":944,\"publisher\":{\"@id\":\"https:\\\/\\\/normandiemaine.cerfrance.fr\\\/arad2\\\/#organization\"},\"image\":{\"@id\":\"https:\\\/\\\/normandiemaine.cerfrance.fr\\\/arad2\\\/voyage-detude-pour-les-conseillers-techniques-cerfrance\\\/#primaryimage\"},\"thumbnailUrl\":\"https:\\\/\\\/i0.wp.com\\\/normandiemaine.cerfrance.fr\\\/arad2\\\/wp-content\\\/uploads\\\/sites\\\/3\\\/2023\\\/06\\\/1688020206472.jpg?fit=2048%2C1536&ssl=1\",\"articleSection\":[\"Actualit\u00e9s de l'ARAD2\"],\"inLanguage\":\"fr-FR\"},{\"@type\":\"WebPage\",\"@id\":\"https:\\\/\\\/normandiemaine.cerfrance.fr\\\/arad2\\\/voyage-detude-pour-les-conseillers-techniques-cerfrance\\\/\",\"url\":\"https:\\\/\\\/normandiemaine.cerfrance.fr\\\/arad2\\\/voyage-detude-pour-les-conseillers-techniques-cerfrance\\\/\",\"name\":\"Voyage d'\u00e9tude pour les conseillers techniques - L&#039;ARAD2\",\"isPartOf\":{\"@id\":\"https:\\\/\\\/normandiemaine.cerfrance.fr\\\/arad2\\\/#website\"},\"primaryImageOfPage\":{\"@id\":\"https:\\\/\\\/normandiemaine.cerfrance.fr\\\/arad2\\\/voyage-detude-pour-les-conseillers-techniques-cerfrance\\\/#primaryimage\"},\"image\":{\"@id\":\"https:\\\/\\\/normandiemaine.cerfrance.fr\\\/arad2\\\/voyage-detude-pour-les-conseillers-techniques-cerfrance\\\/#primaryimage\"},\"thumbnailUrl\":\"https:\\\/\\\/i0.wp.com\\\/normandiemaine.cerfrance.fr\\\/arad2\\\/wp-content\\\/uploads\\\/sites\\\/3\\\/2023\\\/06\\\/1688020206472.jpg?fit=2048%2C1536&ssl=1\",\"datePublished\":\"2023-06-29T12:05:40+00:00\",\"dateModified\":\"2023-06-30T12:44:40+00:00\",\"description\":\"Retour du voyage d'\u00e9tude hors des fronti\u00e8res fran\u00e7aises pour les conseillers techniques des Cerfrance en Suisse et aux Pays Bas.\",\"breadcrumb\":{\"@id\":\"https:\\\/\\\/normandiemaine.cerfrance.fr\\\/arad2\\\/voyage-detude-pour-les-conseillers-techniques-cerfrance\\\/#breadcrumb\"},\"inLanguage\":\"fr-FR\",\"potentialAction\":[{\"@type\":\"ReadAction\",\"target\":[\"https:\\\/\\\/normandiemaine.cerfrance.fr\\\/arad2\\\/voyage-detude-pour-les-conseillers-techniques-cerfrance\\\/\"]}]},{\"@type\":\"ImageObject\",\"inLanguage\":\"fr-FR\",\"@id\":\"https:\\\/\\\/normandiemaine.cerfrance.fr\\\/arad2\\\/voyage-detude-pour-les-conseillers-techniques-cerfrance\\\/#primaryimage\",\"url\":\"https:\\\/\\\/i0.wp.com\\\/normandiemaine.cerfrance.fr\\\/arad2\\\/wp-content\\\/uploads\\\/sites\\\/3\\\/2023\\\/06\\\/1688020206472.jpg?fit=2048%2C1536&ssl=1\",\"contentUrl\":\"https:\\\/\\\/i0.wp.com\\\/normandiemaine.cerfrance.fr\\\/arad2\\\/wp-content\\\/uploads\\\/sites\\\/3\\\/2023\\\/06\\\/1688020206472.jpg?fit=2048%2C1536&ssl=1\",\"width\":2048,\"height\":1536,\"caption\":\"agriculture de conservation voyage d'\u00e9tude conseillers techniques\"},{\"@type\":\"BreadcrumbList\",\"@id\":\"https:\\\/\\\/normandiemaine.cerfrance.fr\\\/arad2\\\/voyage-detude-pour-les-conseillers-techniques-cerfrance\\\/#breadcrumb\",\"itemListElement\":[{\"@type\":\"ListItem\",\"position\":1,\"name\":\"Accueil\",\"item\":\"https:\\\/\\\/normandiemaine.cerfrance.fr\\\/arad2\\\/\"},{\"@type\":\"ListItem\",\"position\":2,\"name\":\"Voyage d&rsquo;\u00e9tude pour les conseillers techniques\"}]},{\"@type\":\"WebSite\",\"@id\":\"https:\\\/\\\/normandiemaine.cerfrance.fr\\\/arad2\\\/#website\",\"url\":\"https:\\\/\\\/normandiemaine.cerfrance.fr\\\/arad2\\\/\",\"name\":\"L&#039;ARAD2\",\"description\":\"\",\"publisher\":{\"@id\":\"https:\\\/\\\/normandiemaine.cerfrance.fr\\\/arad2\\\/#organization\"},\"potentialAction\":[{\"@type\":\"SearchAction\",\"target\":{\"@type\":\"EntryPoint\",\"urlTemplate\":\"https:\\\/\\\/normandiemaine.cerfrance.fr\\\/arad2\\\/?s={search_term_string}\"},\"query-input\":{\"@type\":\"PropertyValueSpecification\",\"valueRequired\":true,\"valueName\":\"search_term_string\"}}],\"inLanguage\":\"fr-FR\"},{\"@type\":\"Organization\",\"@id\":\"https:\\\/\\\/normandiemaine.cerfrance.fr\\\/arad2\\\/#organization\",\"name\":\"L&#039;ARAD2\",\"url\":\"https:\\\/\\\/normandiemaine.cerfrance.fr\\\/arad2\\\/\",\"logo\":{\"@type\":\"ImageObject\",\"inLanguage\":\"fr-FR\",\"@id\":\"https:\\\/\\\/normandiemaine.cerfrance.fr\\\/arad2\\\/#\\\/schema\\\/logo\\\/image\\\/\",\"url\":\"https:\\\/\\\/i0.wp.com\\\/normandiemaine.cerfrance.fr\\\/arad2\\\/wp-content\\\/uploads\\\/sites\\\/3\\\/2020\\\/10\\\/Logo-arad2.png?fit=400%2C223&ssl=1\",\"contentUrl\":\"https:\\\/\\\/i0.wp.com\\\/normandiemaine.cerfrance.fr\\\/arad2\\\/wp-content\\\/uploads\\\/sites\\\/3\\\/2020\\\/10\\\/Logo-arad2.png?fit=400%2C223&ssl=1\",\"width\":400,\"height\":223,\"caption\":\"L&#039;ARAD2\"},\"image\":{\"@id\":\"https:\\\/\\\/normandiemaine.cerfrance.fr\\\/arad2\\\/#\\\/schema\\\/logo\\\/image\\\/\"}},{\"@type\":\"Person\",\"@id\":\"https:\\\/\\\/normandiemaine.cerfrance.fr\\\/arad2\\\/#\\\/schema\\\/person\\\/9d5645901ac39987762b3b959a346f05\",\"name\":\"Lola\",\"image\":{\"@type\":\"ImageObject\",\"inLanguage\":\"fr-FR\",\"@id\":\"https:\\\/\\\/secure.gravatar.com\\\/avatar\\\/d107c1b0f7f9e6250c6c7f9239b8c025730a0a51e46eebc2e1e6a38220f74e7d?s=96&d=mm&r=g\",\"url\":\"https:\\\/\\\/secure.gravatar.com\\\/avatar\\\/d107c1b0f7f9e6250c6c7f9239b8c025730a0a51e46eebc2e1e6a38220f74e7d?s=96&d=mm&r=g\",\"contentUrl\":\"https:\\\/\\\/secure.gravatar.com\\\/avatar\\\/d107c1b0f7f9e6250c6c7f9239b8c025730a0a51e46eebc2e1e6a38220f74e7d?s=96&d=mm&r=g\",\"caption\":\"Lola\"},\"sameAs\":[\"lola\"],\"url\":\"https:\\\/\\\/normandiemaine.cerfrance.fr\\\/arad2\\\/author\\\/lola\\\/\"}]}<\/script>\n<!-- \/ Yoast SEO plugin. -->","yoast_head_json":{"title":"Voyage d'\u00e9tude pour les conseillers techniques - L&#039;ARAD2","description":"Retour du voyage d'\u00e9tude hors des fronti\u00e8res fran\u00e7aises pour les conseillers techniques des Cerfrance en Suisse et aux Pays Bas.","robots":{"index":"index","follow":"follow","max-snippet":"max-snippet:-1","max-image-preview":"max-image-preview:large","max-video-preview":"max-video-preview:-1"},"canonical":"https:\/\/normandiemaine.cerfrance.fr\/arad2\/voyage-detude-pour-les-conseillers-techniques-cerfrance\/","og_locale":"fr_FR","og_type":"article","og_title":"Retour du voyage d'\u00e9tude hors des fronti\u00e8res fran\u00e7aises pour les conseillers techniques des Cerfrance","og_description":"Retour du voyage d'\u00e9tude hors des fronti\u00e8res fran\u00e7aises pour les conseillers techniques des Cerfrance","og_url":"https:\/\/normandiemaine.cerfrance.fr\/arad2\/voyage-detude-pour-les-conseillers-techniques-cerfrance\/","og_site_name":"L&#039;ARAD2","article_published_time":"2023-06-29T12:05:40+00:00","article_modified_time":"2023-06-30T12:44:40+00:00","og_image":[{"width":2048,"height":1536,"url":"https:\/\/normandiemaine.cerfrance.fr\/arad2\/wp-content\/uploads\/sites\/3\/2023\/06\/1687887229227.jpg","type":"image\/jpeg"}],"author":"Lola","twitter_card":"summary_large_image","twitter_title":"Retour du voyage d'\u00e9tude hors des fronti\u00e8res fran\u00e7aises pour les conseillers techniques des Cerfrance","twitter_description":"Retour du voyage d'\u00e9tude hors des fronti\u00e8res fran\u00e7aises pour les conseillers techniques des Cerfrance","twitter_image":"https:\/\/i0.wp.com\/normandiemaine.cerfrance.fr\/arad2\/wp-content\/uploads\/sites\/3\/2023\/06\/1687887229227.jpg?fit=2048%2C1536&ssl=1","twitter_misc":{"\u00c9crit par":"Lola","Dur\u00e9e de lecture estim\u00e9e":"9 minutes"},"schema":{"@context":"https:\/\/schema.org","@graph":[{"@type":"Article","@id":"https:\/\/normandiemaine.cerfrance.fr\/arad2\/voyage-detude-pour-les-conseillers-techniques-cerfrance\/#article","isPartOf":{"@id":"https:\/\/normandiemaine.cerfrance.fr\/arad2\/voyage-detude-pour-les-conseillers-techniques-cerfrance\/"},"author":{"name":"Lola","@id":"https:\/\/normandiemaine.cerfrance.fr\/arad2\/#\/schema\/person\/9d5645901ac39987762b3b959a346f05"},"headline":"Voyage d&rsquo;\u00e9tude pour les conseillers techniques","datePublished":"2023-06-29T12:05:40+00:00","dateModified":"2023-06-30T12:44:40+00:00","mainEntityOfPage":{"@id":"https:\/\/normandiemaine.cerfrance.fr\/arad2\/voyage-detude-pour-les-conseillers-techniques-cerfrance\/"},"wordCount":944,"publisher":{"@id":"https:\/\/normandiemaine.cerfrance.fr\/arad2\/#organization"},"image":{"@id":"https:\/\/normandiemaine.cerfrance.fr\/arad2\/voyage-detude-pour-les-conseillers-techniques-cerfrance\/#primaryimage"},"thumbnailUrl":"https:\/\/i0.wp.com\/normandiemaine.cerfrance.fr\/arad2\/wp-content\/uploads\/sites\/3\/2023\/06\/1688020206472.jpg?fit=2048%2C1536&ssl=1","articleSection":["Actualit\u00e9s de l'ARAD2"],"inLanguage":"fr-FR"},{"@type":"WebPage","@id":"https:\/\/normandiemaine.cerfrance.fr\/arad2\/voyage-detude-pour-les-conseillers-techniques-cerfrance\/","url":"https:\/\/normandiemaine.cerfrance.fr\/arad2\/voyage-detude-pour-les-conseillers-techniques-cerfrance\/","name":"Voyage d'\u00e9tude pour les conseillers techniques - L&#039;ARAD2","isPartOf":{"@id":"https:\/\/normandiemaine.cerfrance.fr\/arad2\/#website"},"primaryImageOfPage":{"@id":"https:\/\/normandiemaine.cerfrance.fr\/arad2\/voyage-detude-pour-les-conseillers-techniques-cerfrance\/#primaryimage"},"image":{"@id":"https:\/\/normandiemaine.cerfrance.fr\/arad2\/voyage-detude-pour-les-conseillers-techniques-cerfrance\/#primaryimage"},"thumbnailUrl":"https:\/\/i0.wp.com\/normandiemaine.cerfrance.fr\/arad2\/wp-content\/uploads\/sites\/3\/2023\/06\/1688020206472.jpg?fit=2048%2C1536&ssl=1","datePublished":"2023-06-29T12:05:40+00:00","dateModified":"2023-06-30T12:44:40+00:00","description":"Retour du voyage d'\u00e9tude hors des fronti\u00e8res fran\u00e7aises pour les conseillers techniques des Cerfrance en Suisse et aux Pays Bas.","breadcrumb":{"@id":"https:\/\/normandiemaine.cerfrance.fr\/arad2\/voyage-detude-pour-les-conseillers-techniques-cerfrance\/#breadcrumb"},"inLanguage":"fr-FR","potentialAction":[{"@type":"ReadAction","target":["https:\/\/normandiemaine.cerfrance.fr\/arad2\/voyage-detude-pour-les-conseillers-techniques-cerfrance\/"]}]},{"@type":"ImageObject","inLanguage":"fr-FR","@id":"https:\/\/normandiemaine.cerfrance.fr\/arad2\/voyage-detude-pour-les-conseillers-techniques-cerfrance\/#primaryimage","url":"https:\/\/i0.wp.com\/normandiemaine.cerfrance.fr\/arad2\/wp-content\/uploads\/sites\/3\/2023\/06\/1688020206472.jpg?fit=2048%2C1536&ssl=1","contentUrl":"https:\/\/i0.wp.com\/normandiemaine.cerfrance.fr\/arad2\/wp-content\/uploads\/sites\/3\/2023\/06\/1688020206472.jpg?fit=2048%2C1536&ssl=1","width":2048,"height":1536,"caption":"agriculture de conservation voyage d'\u00e9tude conseillers techniques"},{"@type":"BreadcrumbList","@id":"https:\/\/normandiemaine.cerfrance.fr\/arad2\/voyage-detude-pour-les-conseillers-techniques-cerfrance\/#breadcrumb","itemListElement":[{"@type":"ListItem","position":1,"name":"Accueil","item":"https:\/\/normandiemaine.cerfrance.fr\/arad2\/"},{"@type":"ListItem","position":2,"name":"Voyage d&rsquo;\u00e9tude pour les conseillers techniques"}]},{"@type":"WebSite","@id":"https:\/\/normandiemaine.cerfrance.fr\/arad2\/#website","url":"https:\/\/normandiemaine.cerfrance.fr\/arad2\/","name":"L&#039;ARAD2","description":"","publisher":{"@id":"https:\/\/normandiemaine.cerfrance.fr\/arad2\/#organization"},"potentialAction":[{"@type":"SearchAction","target":{"@type":"EntryPoint","urlTemplate":"https:\/\/normandiemaine.cerfrance.fr\/arad2\/?s={search_term_string}"},"query-input":{"@type":"PropertyValueSpecification","valueRequired":true,"valueName":"search_term_string"}}],"inLanguage":"fr-FR"},{"@type":"Organization","@id":"https:\/\/normandiemaine.cerfrance.fr\/arad2\/#organization","name":"L&#039;ARAD2","url":"https:\/\/normandiemaine.cerfrance.fr\/arad2\/","logo":{"@type":"ImageObject","inLanguage":"fr-FR","@id":"https:\/\/normandiemaine.cerfrance.fr\/arad2\/#\/schema\/logo\/image\/","url":"https:\/\/i0.wp.com\/normandiemaine.cerfrance.fr\/arad2\/wp-content\/uploads\/sites\/3\/2020\/10\/Logo-arad2.png?fit=400%2C223&ssl=1","contentUrl":"https:\/\/i0.wp.com\/normandiemaine.cerfrance.fr\/arad2\/wp-content\/uploads\/sites\/3\/2020\/10\/Logo-arad2.png?fit=400%2C223&ssl=1","width":400,"height":223,"caption":"L&#039;ARAD2"},"image":{"@id":"https:\/\/normandiemaine.cerfrance.fr\/arad2\/#\/schema\/logo\/image\/"}},{"@type":"Person","@id":"https:\/\/normandiemaine.cerfrance.fr\/arad2\/#\/schema\/person\/9d5645901ac39987762b3b959a346f05","name":"Lola","image":{"@type":"ImageObject","inLanguage":"fr-FR","@id":"https:\/\/secure.gravatar.com\/avatar\/d107c1b0f7f9e6250c6c7f9239b8c025730a0a51e46eebc2e1e6a38220f74e7d?s=96&d=mm&r=g","url":"https:\/\/secure.gravatar.com\/avatar\/d107c1b0f7f9e6250c6c7f9239b8c025730a0a51e46eebc2e1e6a38220f74e7d?s=96&d=mm&r=g","contentUrl":"https:\/\/secure.gravatar.com\/avatar\/d107c1b0f7f9e6250c6c7f9239b8c025730a0a51e46eebc2e1e6a38220f74e7d?s=96&d=mm&r=g","caption":"Lola"},"sameAs":["lola"],"url":"https:\/\/normandiemaine.cerfrance.fr\/arad2\/author\/lola\/"}]}},"jetpack_featured_media_url":"https:\/\/i0.wp.com\/normandiemaine.cerfrance.fr\/arad2\/wp-content\/uploads\/sites\/3\/2023\/06\/1688020206472.jpg?fit=2048%2C1536&ssl=1","jetpack-related-posts":[],"jetpack_sharing_enabled":true,"_links":{"self":[{"href":"https:\/\/normandiemaine.cerfrance.fr\/arad2\/wp-json\/wp\/v2\/posts\/2666","targetHints":{"allow":["GET"]}}],"collection":[{"href":"https:\/\/normandiemaine.cerfrance.fr\/arad2\/wp-json\/wp\/v2\/posts"}],"about":[{"href":"https:\/\/normandiemaine.cerfrance.fr\/arad2\/wp-json\/wp\/v2\/types\/post"}],"author":[{"embeddable":true,"href":"https:\/\/normandiemaine.cerfrance.fr\/arad2\/wp-json\/wp\/v2\/users\/4"}],"replies":[{"embeddable":true,"href":"https:\/\/normandiemaine.cerfrance.fr\/arad2\/wp-json\/wp\/v2\/comments?post=2666"}],"version-history":[{"count":4,"href":"https:\/\/normandiemaine.cerfrance.fr\/arad2\/wp-json\/wp\/v2\/posts\/2666\/revisions"}],"predecessor-version":[{"id":2696,"href":"https:\/\/normandiemaine.cerfrance.fr\/arad2\/wp-json\/wp\/v2\/posts\/2666\/revisions\/2696"}],"wp:featuredmedia":[{"embeddable":true,"href":"https:\/\/normandiemaine.cerfrance.fr\/arad2\/wp-json\/wp\/v2\/media\/2671"}],"wp:attachment":[{"href":"https:\/\/normandiemaine.cerfrance.fr\/arad2\/wp-json\/wp\/v2\/media?parent=2666"}],"wp:term":[{"taxonomy":"category","embeddable":true,"href":"https:\/\/normandiemaine.cerfrance.fr\/arad2\/wp-json\/wp\/v2\/categories?post=2666"},{"taxonomy":"post_tag","embeddable":true,"href":"https:\/\/normandiemaine.cerfrance.fr\/arad2\/wp-json\/wp\/v2\/tags?post=2666"}],"curies":[{"name":"wp","href":"https:\/\/api.w.org\/{rel}","templated":true}]}}