{"id":1303,"date":"2019-12-21T20:38:00","date_gmt":"2019-12-21T19:38:00","guid":{"rendered":"https:\/\/normandiemaine.cerfrance.fr\/latelier\/?p=1303"},"modified":"2023-05-09T15:34:48","modified_gmt":"2023-05-09T13:34:48","slug":"observatoire-economique-de-normandie-2019","status":"publish","type":"post","link":"https:\/\/normandiemaine.cerfrance.fr\/latelier\/observatoire-economique-de-normandie-2019\/","title":{"rendered":"Observatoire \u00e9conomique de Normandie 2019"},"content":{"rendered":"\n<h1 class=\"wp-block-heading\">Observatoire \u00e9conomique de Normandie pour l&rsquo;ann\u00e9e 2019<\/h1>\n\n\n\n<p>L\u2019agriculture occupe une place importante dans notre r\u00e9gion. La Normandie est en effet 2e r\u00e9gion m\u00e9tropolitaine, juste apr\u00e8s les Hauts-de-France, pour son taux de couverture en surfaces agricoles. L\u2019ann\u00e9e 2018 a \u00e9t\u00e9 marqu\u00e9e par des \u00e9v\u00e9nements climatiques, impactant l\u2019activit\u00e9 agricole : une forte pluviom\u00e9trie en d\u00e9but d\u2019ann\u00e9e et au printemps, un \u00e9t\u00e9 particuli\u00e8rement chaud et un manque d\u2019eau en automne.<\/p>\n\n\n\n<p>Ainsi, les cultures ont souffert. Les rendements de la r\u00e9colte 2018 sont plus faibles qu\u2019en 2017. Les prix de vente du bl\u00e9 se redressent, ceux du colza sont stables et ceux des betteraves sucri\u00e8res diminuent. Sur 2019, un redressement des productions de c\u00e9r\u00e9ales est attendu. Une incertitude r\u00e8gne sur le march\u00e9 de la betterave sucri\u00e8re, du fait de la forte baisse de la production indienne, victime de s\u00e9cheresse, et de la restructuration des outils de production de certains groupes sucriers.<\/p>\n\n\n\n<p>Bien que touch\u00e9e par les fortes chaleurs de l\u2019\u00e9t\u00e9 2018, la production des exploitations laiti\u00e8res sp\u00e9cialis\u00e9es poursuit sa progression fin 2018 et le prix de vente du lait est stable. Les perspectives pour 2019 sont favorables. Le manque de fourrage entra\u00eene une hausse des abattages de vaches allaitantes. L\u2019offre en broutards \u00e9tant r\u00e9duite, leur prix devrait \u00eatre maintenu \u00e0 un bon niveau en 2019.<\/p>\n\n\n\n<p>L\u2019ann\u00e9e 2018 a \u00e9t\u00e9 morose pour le march\u00e9 porcin : le prix de vente du porc a chut\u00e9. Il s\u2019am\u00e9liore nettement depuis le printemps 2019, alors que la peste porcine africaine fait des ravages en Chine. Notre capacit\u00e9 \u00e0 maintenir cette \u00e9pid\u00e9mie hors de nos fronti\u00e8res sera d\u00e9terminante pour nos march\u00e9s.<br>Dans des march\u00e9s mondialis\u00e9s, interconnect\u00e9s et marqu\u00e9s par des tensions g\u00e9opolitiques croissantes, les prix mondiaux sont volatiles. En parall\u00e8le, sur le march\u00e9 fran\u00e7ais, les d\u00e9marches de segmentation se d\u00e9veloppent pour r\u00e9pondre aux attentes soci\u00e9tales et \u00e0 l\u2019\u00e9volution des modes de consommation.<\/p>\n\n\n\n<p>Cet observatoire des entreprises agricoles normandes dresse un bilan de cette ann\u00e9e 2018 et dessine les perspectives pour l\u2019ann\u00e9e 2019 pour chacune de nos fili\u00e8res agricoles. Ainsi, nous vous souhaitons une tr\u00e8s bonne lecture.<\/p>\n\n\n<div class=\"_3d-flip-book  fb3d-fullscreen-mode full-size\" data-id=\"1301\" data-mode=\"fullscreen\" data-title=\"false\" data-template=\"short-white-book-view\" data-lightbox=\"dark-shadow\" data-urlparam=\"fb3d-page\" data-page-n=\"0\" data-pdf=\"\" data-tax=\"null\" data-thumbnail=\"\" data-cols=\"3\" data-book-template=\"default\" data-trigger=\"\"><\/div><script type=\"text\/javascript\">window.FB3D_CLIENT_DATA = window.FB3D_CLIENT_DATA || [];FB3D_CLIENT_DATA.push('eyJwb3N0cyI6eyIxMzAxIjp7IklEIjoxMzAxLCJ0aXRsZSI6Ik9ic2VydmF0b2lyZSBcdTAwZTljb25vbWlxdWUgZGUgTm9ybWFuZGllIDIwMTkiLCJ0eXBlIjoicGRmIiwicmVhZHlfZnVuY3Rpb24iOiIiLCJib29rX3N0eWxlIjoiZmxhdCIsImJvb2tfdGVtcGxhdGUiOiJub25lIiwib3V0bGluZSI6W10sImRhdGEiOnsicG9zdF9JRCI6IjEzMDIiLCJndWlkIjoiaHR0cHM6XC9cL25vcm1hbmRpZW1haW5lLmNlcmZyYW5jZS5mclwvbGF0ZWxpZXJcL3dwLWNvbnRlbnRcL3VwbG9hZHNcL3NpdGVzXC8yXC8yMDIxXC8wMVwvQXRlbGllci1kZXMtZXR1ZGVzLU9ic2VydmF0b2lyZS1lY29ub21pcXVlLWRlLU5vcm1hbmRpZS0yMDE5LUVudHJlcHJpc2VzLWFncmljb2xlcy5wZGYiLCJwZGZfcGFnZXMiOiIyMCIsInBhZ2VzX2N1c3RvbWl6YXRpb24iOiJub25lIn0sInRodW1ibmFpbCI6eyJkYXRhIjp7InBvc3RfSUQiOiIwIn0sInR5cGUiOiJhdXRvIn0sInByb3BzIjp7ImNhY2hlZFBhZ2VzIjoiYXV0byIsInJlbmRlckluYWN0aXZlUGFnZXMiOiJhdXRvIiwicmVuZGVySW5hY3RpdmVQYWdlc09uTW9iaWxlIjoiYXV0byIsInJlbmRlcldoaWxlRmxpcHBpbmciOiJhdXRvIiwicHJlbG9hZFBhZ2VzIjoiYXV0byIsInJ0bCI6ImF1dG8iLCJzaGVldCI6eyJzdGFydFZlbG9jaXR5IjoiYXV0byIsIndhdmUiOiJhdXRvIiwid2lkdGhUZXhlbHMiOiJhdXRvIiwiY29sb3IiOiJhdXRvIiwic2lkZSI6ImF1dG8iLCJjb3JuZXJEZXZpYXRpb24iOiJhdXRvIiwiZmxleGliaWxpdHkiOiJhdXRvIiwiZmxleGlibGVDb3JuZXIiOiJhdXRvIiwiYmVuZGluZyI6ImF1dG8iLCJoZWlnaHRUZXhlbHMiOiJhdXRvIn0sImNvdmVyIjp7IndhdmUiOiJhdXRvIiwiY29sb3IiOiJhdXRvIiwiYmluZGVyVGV4dHVyZSI6ImF1dG8iLCJkZXB0aCI6ImF1dG8iLCJwYWRkaW5nIjoiYXV0byIsInN0YXJ0VmVsb2NpdHkiOiJhdXRvIiwiZmxleGliaWxpdHkiOiJhdXRvIiwiZmxleGlibGVDb3JuZXIiOiJhdXRvIiwiYmVuZGluZyI6ImF1dG8iLCJ3aWR0aFRleGVscyI6ImF1dG8iLCJoZWlnaHRUZXhlbHMiOiJhdXRvIiwibWFzcyI6ImF1dG8iLCJzaWRlIjoiYXV0byJ9LCJwYWdlIjp7IndhdmUiOiJhdXRvIiwiY29sb3IiOiJhdXRvIiwiZGVwdGgiOiJhdXRvIiwic3RhcnRWZWxvY2l0eSI6ImF1dG8iLCJmbGV4aWJpbGl0eSI6ImF1dG8iLCJmbGV4aWJsZUNvcm5lciI6ImF1dG8iLCJiZW5kaW5nIjoiYXV0byIsIndpZHRoVGV4ZWxzIjoiYXV0byIsImhlaWdodFRleGVscyI6ImF1dG8iLCJtYXNzIjoiYXV0byIsInNpZGUiOiJhdXRvIn0sImhlaWdodCI6ImF1dG8iLCJ3aWR0aCI6ImF1dG8iLCJncmF2aXR5IjoiYXV0byIsInBhZ2VzRm9yUHJlZGljdGluZyI6ImF1dG8ifSwiY29udHJvbFByb3BzIjp7ImFjdGlvbnMiOnsiY21kU2F2ZSI6eyJlbmFibGVkIjoiYXV0byIsImVuYWJsZWRJbk5hcnJvdyI6ImF1dG8ifSwiY21kUHJpbnQiOnsiZW5hYmxlZCI6ImF1dG8iLCJlbmFibGVkSW5OYXJyb3ciOiJhdXRvIn0sImNtZFNpbmdsZVBhZ2UiOnsiZW5hYmxlZCI6ImF1dG8iLCJlbmFibGVkSW5OYXJyb3ciOiJhdXRvIiwiYWN0aXZlIjoiYXV0byJ9fX0sImF1dG9UaHVtYm5haWwiOiJodHRwczpcL1wvbm9ybWFuZGllbWFpbmUuY2VyZnJhbmNlLmZyXC9sYXRlbGllclwvd3AtY29udGVudFwvdXBsb2Fkc1wvc2l0ZXNcLzJcLzNkLWZsaXAtYm9va1wvYXV0by10aHVtYm5haWxzXC8xMzAxLnBuZyIsInBvc3RfbmFtZSI6Im9ic2VydmF0b2lyZS1lY29ub21pcXVlLWRlLW5vcm1hbmRpZS0yMDE5IiwicG9zdF90eXBlIjoiM2QtZmxpcC1ib29rIn19LCJwYWdlcyI6W10sImZpcnN0UGFnZXMiOltdfQ==');window.FB3D_CLIENT_LOCALE && FB3D_CLIENT_LOCALE.render && FB3D_CLIENT_LOCALE.render();<\/script>\n","protected":false},"excerpt":{"rendered":"<p>Observatoire \u00e9conomique de Normandie pour l&rsquo;ann\u00e9e 2019 L\u2019agriculture occupe une place importante dans notre r\u00e9gion. La Normandie est en effet 2e r\u00e9gion m\u00e9tropolitaine, juste apr\u00e8s les Hauts-de-France, pour son taux [&hellip;]<\/p>\n","protected":false},"author":4,"featured_media":2194,"comment_status":"closed","ping_status":"closed","sticky":false,"template":"","format":"standard","meta":{"site-sidebar-layout":"default","site-content-layout":"default","ast-site-content-layout":"default","site-content-style":"default","site-sidebar-style":"default","ast-global-header-display":"","ast-banner-title-visibility":"","ast-main-header-display":"","ast-hfb-above-header-display":"","ast-hfb-below-header-display":"","ast-hfb-mobile-header-display":"","site-post-title":"","ast-breadcrumbs-content":"","ast-featured-img":"","footer-sml-layout":"","ast-disable-related-posts":"","theme-transparent-header-meta":"default","adv-header-id-meta":"","stick-header-meta":"","header-above-stick-meta":"","header-main-stick-meta":"","header-below-stick-meta":"","astra-migrate-meta-layouts":"default","ast-page-background-enabled":"default","ast-page-background-meta":{"desktop":{"background-color":"","background-image":"","background-repeat":"repeat","background-position":"center center","background-size":"auto","background-attachment":"scroll","background-type":"","background-media":"","overlay-type":"","overlay-color":"","overlay-opacity":"","overlay-gradient":""},"tablet":{"background-color":"","background-image":"","background-repeat":"repeat","background-position":"center center","background-size":"auto","background-attachment":"scroll","background-type":"","background-media":"","overlay-type":"","overlay-color":"","overlay-opacity":"","overlay-gradient":""},"mobile":{"background-color":"","background-image":"","background-repeat":"repeat","background-position":"center center","background-size":"auto","background-attachment":"scroll","background-type":"","background-media":"","overlay-type":"","overlay-color":"","overlay-opacity":"","overlay-gradient":""}},"ast-content-background-meta":{"desktop":{"background-color":"var(--ast-global-color-5)","background-image":"","background-repeat":"repeat","background-position":"center center","background-size":"auto","background-attachment":"scroll","background-type":"","background-media":"","overlay-type":"","overlay-color":"","overlay-opacity":"","overlay-gradient":""},"tablet":{"background-color":"var(--ast-global-color-5)","background-image":"","background-repeat":"repeat","background-position":"center center","background-size":"auto","background-attachment":"scroll","background-type":"","background-media":"","overlay-type":"","overlay-color":"","overlay-opacity":"","overlay-gradient":""},"mobile":{"background-color":"var(--ast-global-color-5)","background-image":"","background-repeat":"repeat","background-position":"center center","background-size":"auto","background-attachment":"scroll","background-type":"","background-media":"","overlay-type":"","overlay-color":"","overlay-opacity":"","overlay-gradient":""}},"_jetpack_memberships_contains_paid_content":false,"footnotes":""},"categories":[131,135],"tags":[],"class_list":["post-1303","post","type-post","status-publish","format-standard","has-post-thumbnail","hentry","category-agriculture","category-toutes-productions"],"yoast_head":"<!-- This site is optimized with the Yoast SEO plugin v27.4 - https:\/\/yoast.com\/product\/yoast-seo-wordpress\/ -->\n<title>Observatoire \u00e9conomique de Normandie 2019<\/title>\n<meta name=\"description\" content=\"Cet observatoire \u00e9conomique de Normandie dresse un bilan 2018 et dessine les perspectives pour 2019 pour chacune de nos fili\u00e8res agricoles.\" \/>\n<meta name=\"robots\" content=\"index, follow, max-snippet:-1, max-image-preview:large, max-video-preview:-1\" \/>\n<link rel=\"canonical\" href=\"https:\/\/normandiemaine.cerfrance.fr\/latelier\/observatoire-economique-de-normandie-2019\/\" \/>\n<meta property=\"og:locale\" content=\"fr_FR\" \/>\n<meta property=\"og:type\" content=\"article\" \/>\n<meta property=\"og:title\" content=\"Observatoire \u00e9conomique de Normandie 2019\" \/>\n<meta property=\"og:description\" content=\"Cet observatoire \u00e9conomique de Normandie dresse un bilan 2018 et dessine les perspectives pour 2019 pour chacune de nos fili\u00e8res agricoles.\" \/>\n<meta property=\"og:url\" content=\"https:\/\/normandiemaine.cerfrance.fr\/latelier\/observatoire-economique-de-normandie-2019\/\" \/>\n<meta property=\"og:site_name\" content=\"L&#039;Atelier des \u00e9tudes \u00e9conomiques\" \/>\n<meta property=\"article:published_time\" content=\"2019-12-21T19:38:00+00:00\" \/>\n<meta property=\"article:modified_time\" content=\"2023-05-09T13:34:48+00:00\" \/>\n<meta property=\"og:image\" content=\"https:\/\/normandiemaine.cerfrance.fr\/latelier\/wp-content\/uploads\/sites\/2\/2021\/12\/wheat-g5e521e346_1920.jpg\" \/>\n\t<meta property=\"og:image:width\" content=\"1920\" \/>\n\t<meta property=\"og:image:height\" content=\"1280\" \/>\n\t<meta property=\"og:image:type\" content=\"image\/jpeg\" \/>\n<meta name=\"author\" content=\"Lola\" \/>\n<meta name=\"twitter:card\" content=\"summary_large_image\" \/>\n<meta name=\"twitter:label1\" content=\"\u00c9crit par\" \/>\n\t<meta name=\"twitter:data1\" content=\"Lola\" \/>\n\t<meta name=\"twitter:label2\" content=\"Dur\u00e9e de lecture estim\u00e9e\" \/>\n\t<meta name=\"twitter:data2\" content=\"2 minutes\" \/>\n<script type=\"application\/ld+json\" class=\"yoast-schema-graph\">{\"@context\":\"https:\\\/\\\/schema.org\",\"@graph\":[{\"@type\":\"Article\",\"@id\":\"https:\\\/\\\/normandiemaine.cerfrance.fr\\\/latelier\\\/observatoire-economique-de-normandie-2019\\\/#article\",\"isPartOf\":{\"@id\":\"https:\\\/\\\/normandiemaine.cerfrance.fr\\\/latelier\\\/observatoire-economique-de-normandie-2019\\\/\"},\"author\":{\"name\":\"Lola\",\"@id\":\"https:\\\/\\\/normandiemaine.cerfrance.fr\\\/latelier\\\/#\\\/schema\\\/person\\\/9d5645901ac39987762b3b959a346f05\"},\"headline\":\"Observatoire \u00e9conomique de Normandie 2019\",\"datePublished\":\"2019-12-21T19:38:00+00:00\",\"dateModified\":\"2023-05-09T13:34:48+00:00\",\"mainEntityOfPage\":{\"@id\":\"https:\\\/\\\/normandiemaine.cerfrance.fr\\\/latelier\\\/observatoire-economique-de-normandie-2019\\\/\"},\"wordCount\":387,\"publisher\":{\"@id\":\"https:\\\/\\\/normandiemaine.cerfrance.fr\\\/latelier\\\/#organization\"},\"image\":{\"@id\":\"https:\\\/\\\/normandiemaine.cerfrance.fr\\\/latelier\\\/observatoire-economique-de-normandie-2019\\\/#primaryimage\"},\"thumbnailUrl\":\"https:\\\/\\\/i0.wp.com\\\/normandiemaine.cerfrance.fr\\\/latelier\\\/wp-content\\\/uploads\\\/sites\\\/2\\\/2021\\\/12\\\/wheat-g5e521e346_1920.jpg?fit=1920%2C1280&ssl=1\",\"articleSection\":[\"Agriculture\",\"Toutes productions\"],\"inLanguage\":\"fr-FR\"},{\"@type\":\"WebPage\",\"@id\":\"https:\\\/\\\/normandiemaine.cerfrance.fr\\\/latelier\\\/observatoire-economique-de-normandie-2019\\\/\",\"url\":\"https:\\\/\\\/normandiemaine.cerfrance.fr\\\/latelier\\\/observatoire-economique-de-normandie-2019\\\/\",\"name\":\"Observatoire \u00e9conomique de Normandie 2019\",\"isPartOf\":{\"@id\":\"https:\\\/\\\/normandiemaine.cerfrance.fr\\\/latelier\\\/#website\"},\"primaryImageOfPage\":{\"@id\":\"https:\\\/\\\/normandiemaine.cerfrance.fr\\\/latelier\\\/observatoire-economique-de-normandie-2019\\\/#primaryimage\"},\"image\":{\"@id\":\"https:\\\/\\\/normandiemaine.cerfrance.fr\\\/latelier\\\/observatoire-economique-de-normandie-2019\\\/#primaryimage\"},\"thumbnailUrl\":\"https:\\\/\\\/i0.wp.com\\\/normandiemaine.cerfrance.fr\\\/latelier\\\/wp-content\\\/uploads\\\/sites\\\/2\\\/2021\\\/12\\\/wheat-g5e521e346_1920.jpg?fit=1920%2C1280&ssl=1\",\"datePublished\":\"2019-12-21T19:38:00+00:00\",\"dateModified\":\"2023-05-09T13:34:48+00:00\",\"description\":\"Cet observatoire \u00e9conomique de Normandie dresse un bilan 2018 et dessine les perspectives pour 2019 pour chacune de nos fili\u00e8res agricoles.\",\"breadcrumb\":{\"@id\":\"https:\\\/\\\/normandiemaine.cerfrance.fr\\\/latelier\\\/observatoire-economique-de-normandie-2019\\\/#breadcrumb\"},\"inLanguage\":\"fr-FR\",\"potentialAction\":[{\"@type\":\"ReadAction\",\"target\":[\"https:\\\/\\\/normandiemaine.cerfrance.fr\\\/latelier\\\/observatoire-economique-de-normandie-2019\\\/\"]}]},{\"@type\":\"ImageObject\",\"inLanguage\":\"fr-FR\",\"@id\":\"https:\\\/\\\/normandiemaine.cerfrance.fr\\\/latelier\\\/observatoire-economique-de-normandie-2019\\\/#primaryimage\",\"url\":\"https:\\\/\\\/i0.wp.com\\\/normandiemaine.cerfrance.fr\\\/latelier\\\/wp-content\\\/uploads\\\/sites\\\/2\\\/2021\\\/12\\\/wheat-g5e521e346_1920.jpg?fit=1920%2C1280&ssl=1\",\"contentUrl\":\"https:\\\/\\\/i0.wp.com\\\/normandiemaine.cerfrance.fr\\\/latelier\\\/wp-content\\\/uploads\\\/sites\\\/2\\\/2021\\\/12\\\/wheat-g5e521e346_1920.jpg?fit=1920%2C1280&ssl=1\",\"width\":1920,\"height\":1280,\"caption\":\"Agriculture biologique\"},{\"@type\":\"BreadcrumbList\",\"@id\":\"https:\\\/\\\/normandiemaine.cerfrance.fr\\\/latelier\\\/observatoire-economique-de-normandie-2019\\\/#breadcrumb\",\"itemListElement\":[{\"@type\":\"ListItem\",\"position\":1,\"name\":\"Accueil\",\"item\":\"https:\\\/\\\/normandiemaine.cerfrance.fr\\\/latelier\\\/\"},{\"@type\":\"ListItem\",\"position\":2,\"name\":\"Observatoire \u00e9conomique de Normandie 2019\"}]},{\"@type\":\"WebSite\",\"@id\":\"https:\\\/\\\/normandiemaine.cerfrance.fr\\\/latelier\\\/#website\",\"url\":\"https:\\\/\\\/normandiemaine.cerfrance.fr\\\/latelier\\\/\",\"name\":\"L&#039;Atelier des \u00e9tudes \u00e9conomiques\",\"description\":\"Un site du Cerfrance Normandie Maine\",\"publisher\":{\"@id\":\"https:\\\/\\\/normandiemaine.cerfrance.fr\\\/latelier\\\/#organization\"},\"potentialAction\":[{\"@type\":\"SearchAction\",\"target\":{\"@type\":\"EntryPoint\",\"urlTemplate\":\"https:\\\/\\\/normandiemaine.cerfrance.fr\\\/latelier\\\/?s={search_term_string}\"},\"query-input\":{\"@type\":\"PropertyValueSpecification\",\"valueRequired\":true,\"valueName\":\"search_term_string\"}}],\"inLanguage\":\"fr-FR\"},{\"@type\":\"Organization\",\"@id\":\"https:\\\/\\\/normandiemaine.cerfrance.fr\\\/latelier\\\/#organization\",\"name\":\"L&#039;Atelier des \u00e9tudes \u00e9conomiques\",\"url\":\"https:\\\/\\\/normandiemaine.cerfrance.fr\\\/latelier\\\/\",\"logo\":{\"@type\":\"ImageObject\",\"inLanguage\":\"fr-FR\",\"@id\":\"https:\\\/\\\/normandiemaine.cerfrance.fr\\\/latelier\\\/#\\\/schema\\\/logo\\\/image\\\/\",\"url\":\"https:\\\/\\\/i0.wp.com\\\/normandiemaine.cerfrance.fr\\\/latelier\\\/wp-content\\\/uploads\\\/sites\\\/2\\\/2020\\\/10\\\/Logo-atelier-2016.png?fit=400%2C195&ssl=1\",\"contentUrl\":\"https:\\\/\\\/i0.wp.com\\\/normandiemaine.cerfrance.fr\\\/latelier\\\/wp-content\\\/uploads\\\/sites\\\/2\\\/2020\\\/10\\\/Logo-atelier-2016.png?fit=400%2C195&ssl=1\",\"width\":400,\"height\":195,\"caption\":\"L&#039;Atelier des \u00e9tudes \u00e9conomiques\"},\"image\":{\"@id\":\"https:\\\/\\\/normandiemaine.cerfrance.fr\\\/latelier\\\/#\\\/schema\\\/logo\\\/image\\\/\"}},{\"@type\":\"Person\",\"@id\":\"https:\\\/\\\/normandiemaine.cerfrance.fr\\\/latelier\\\/#\\\/schema\\\/person\\\/9d5645901ac39987762b3b959a346f05\",\"name\":\"Lola\",\"image\":{\"@type\":\"ImageObject\",\"inLanguage\":\"fr-FR\",\"@id\":\"https:\\\/\\\/secure.gravatar.com\\\/avatar\\\/d107c1b0f7f9e6250c6c7f9239b8c025730a0a51e46eebc2e1e6a38220f74e7d?s=96&d=mm&r=g\",\"url\":\"https:\\\/\\\/secure.gravatar.com\\\/avatar\\\/d107c1b0f7f9e6250c6c7f9239b8c025730a0a51e46eebc2e1e6a38220f74e7d?s=96&d=mm&r=g\",\"contentUrl\":\"https:\\\/\\\/secure.gravatar.com\\\/avatar\\\/d107c1b0f7f9e6250c6c7f9239b8c025730a0a51e46eebc2e1e6a38220f74e7d?s=96&d=mm&r=g\",\"caption\":\"Lola\"},\"sameAs\":[\"lola\"],\"url\":\"https:\\\/\\\/normandiemaine.cerfrance.fr\\\/latelier\\\/author\\\/lola\\\/\"}]}<\/script>\n<!-- \/ Yoast SEO plugin. -->","yoast_head_json":{"title":"Observatoire \u00e9conomique de Normandie 2019","description":"Cet observatoire \u00e9conomique de Normandie dresse un bilan 2018 et dessine les perspectives pour 2019 pour chacune de nos fili\u00e8res agricoles.","robots":{"index":"index","follow":"follow","max-snippet":"max-snippet:-1","max-image-preview":"max-image-preview:large","max-video-preview":"max-video-preview:-1"},"canonical":"https:\/\/normandiemaine.cerfrance.fr\/latelier\/observatoire-economique-de-normandie-2019\/","og_locale":"fr_FR","og_type":"article","og_title":"Observatoire \u00e9conomique de Normandie 2019","og_description":"Cet observatoire \u00e9conomique de Normandie dresse un bilan 2018 et dessine les perspectives pour 2019 pour chacune de nos fili\u00e8res agricoles.","og_url":"https:\/\/normandiemaine.cerfrance.fr\/latelier\/observatoire-economique-de-normandie-2019\/","og_site_name":"L&#039;Atelier des \u00e9tudes \u00e9conomiques","article_published_time":"2019-12-21T19:38:00+00:00","article_modified_time":"2023-05-09T13:34:48+00:00","og_image":[{"width":1920,"height":1280,"url":"https:\/\/normandiemaine.cerfrance.fr\/latelier\/wp-content\/uploads\/sites\/2\/2021\/12\/wheat-g5e521e346_1920.jpg","type":"image\/jpeg"}],"author":"Lola","twitter_card":"summary_large_image","twitter_misc":{"\u00c9crit par":"Lola","Dur\u00e9e de lecture estim\u00e9e":"2 minutes"},"schema":{"@context":"https:\/\/schema.org","@graph":[{"@type":"Article","@id":"https:\/\/normandiemaine.cerfrance.fr\/latelier\/observatoire-economique-de-normandie-2019\/#article","isPartOf":{"@id":"https:\/\/normandiemaine.cerfrance.fr\/latelier\/observatoire-economique-de-normandie-2019\/"},"author":{"name":"Lola","@id":"https:\/\/normandiemaine.cerfrance.fr\/latelier\/#\/schema\/person\/9d5645901ac39987762b3b959a346f05"},"headline":"Observatoire \u00e9conomique de Normandie 2019","datePublished":"2019-12-21T19:38:00+00:00","dateModified":"2023-05-09T13:34:48+00:00","mainEntityOfPage":{"@id":"https:\/\/normandiemaine.cerfrance.fr\/latelier\/observatoire-economique-de-normandie-2019\/"},"wordCount":387,"publisher":{"@id":"https:\/\/normandiemaine.cerfrance.fr\/latelier\/#organization"},"image":{"@id":"https:\/\/normandiemaine.cerfrance.fr\/latelier\/observatoire-economique-de-normandie-2019\/#primaryimage"},"thumbnailUrl":"https:\/\/i0.wp.com\/normandiemaine.cerfrance.fr\/latelier\/wp-content\/uploads\/sites\/2\/2021\/12\/wheat-g5e521e346_1920.jpg?fit=1920%2C1280&ssl=1","articleSection":["Agriculture","Toutes productions"],"inLanguage":"fr-FR"},{"@type":"WebPage","@id":"https:\/\/normandiemaine.cerfrance.fr\/latelier\/observatoire-economique-de-normandie-2019\/","url":"https:\/\/normandiemaine.cerfrance.fr\/latelier\/observatoire-economique-de-normandie-2019\/","name":"Observatoire \u00e9conomique de Normandie 2019","isPartOf":{"@id":"https:\/\/normandiemaine.cerfrance.fr\/latelier\/#website"},"primaryImageOfPage":{"@id":"https:\/\/normandiemaine.cerfrance.fr\/latelier\/observatoire-economique-de-normandie-2019\/#primaryimage"},"image":{"@id":"https:\/\/normandiemaine.cerfrance.fr\/latelier\/observatoire-economique-de-normandie-2019\/#primaryimage"},"thumbnailUrl":"https:\/\/i0.wp.com\/normandiemaine.cerfrance.fr\/latelier\/wp-content\/uploads\/sites\/2\/2021\/12\/wheat-g5e521e346_1920.jpg?fit=1920%2C1280&ssl=1","datePublished":"2019-12-21T19:38:00+00:00","dateModified":"2023-05-09T13:34:48+00:00","description":"Cet observatoire \u00e9conomique de Normandie dresse un bilan 2018 et dessine les perspectives pour 2019 pour chacune de nos fili\u00e8res agricoles.","breadcrumb":{"@id":"https:\/\/normandiemaine.cerfrance.fr\/latelier\/observatoire-economique-de-normandie-2019\/#breadcrumb"},"inLanguage":"fr-FR","potentialAction":[{"@type":"ReadAction","target":["https:\/\/normandiemaine.cerfrance.fr\/latelier\/observatoire-economique-de-normandie-2019\/"]}]},{"@type":"ImageObject","inLanguage":"fr-FR","@id":"https:\/\/normandiemaine.cerfrance.fr\/latelier\/observatoire-economique-de-normandie-2019\/#primaryimage","url":"https:\/\/i0.wp.com\/normandiemaine.cerfrance.fr\/latelier\/wp-content\/uploads\/sites\/2\/2021\/12\/wheat-g5e521e346_1920.jpg?fit=1920%2C1280&ssl=1","contentUrl":"https:\/\/i0.wp.com\/normandiemaine.cerfrance.fr\/latelier\/wp-content\/uploads\/sites\/2\/2021\/12\/wheat-g5e521e346_1920.jpg?fit=1920%2C1280&ssl=1","width":1920,"height":1280,"caption":"Agriculture biologique"},{"@type":"BreadcrumbList","@id":"https:\/\/normandiemaine.cerfrance.fr\/latelier\/observatoire-economique-de-normandie-2019\/#breadcrumb","itemListElement":[{"@type":"ListItem","position":1,"name":"Accueil","item":"https:\/\/normandiemaine.cerfrance.fr\/latelier\/"},{"@type":"ListItem","position":2,"name":"Observatoire \u00e9conomique de Normandie 2019"}]},{"@type":"WebSite","@id":"https:\/\/normandiemaine.cerfrance.fr\/latelier\/#website","url":"https:\/\/normandiemaine.cerfrance.fr\/latelier\/","name":"L&#039;Atelier des \u00e9tudes \u00e9conomiques","description":"Un site du Cerfrance Normandie Maine","publisher":{"@id":"https:\/\/normandiemaine.cerfrance.fr\/latelier\/#organization"},"potentialAction":[{"@type":"SearchAction","target":{"@type":"EntryPoint","urlTemplate":"https:\/\/normandiemaine.cerfrance.fr\/latelier\/?s={search_term_string}"},"query-input":{"@type":"PropertyValueSpecification","valueRequired":true,"valueName":"search_term_string"}}],"inLanguage":"fr-FR"},{"@type":"Organization","@id":"https:\/\/normandiemaine.cerfrance.fr\/latelier\/#organization","name":"L&#039;Atelier des \u00e9tudes \u00e9conomiques","url":"https:\/\/normandiemaine.cerfrance.fr\/latelier\/","logo":{"@type":"ImageObject","inLanguage":"fr-FR","@id":"https:\/\/normandiemaine.cerfrance.fr\/latelier\/#\/schema\/logo\/image\/","url":"https:\/\/i0.wp.com\/normandiemaine.cerfrance.fr\/latelier\/wp-content\/uploads\/sites\/2\/2020\/10\/Logo-atelier-2016.png?fit=400%2C195&ssl=1","contentUrl":"https:\/\/i0.wp.com\/normandiemaine.cerfrance.fr\/latelier\/wp-content\/uploads\/sites\/2\/2020\/10\/Logo-atelier-2016.png?fit=400%2C195&ssl=1","width":400,"height":195,"caption":"L&#039;Atelier des \u00e9tudes \u00e9conomiques"},"image":{"@id":"https:\/\/normandiemaine.cerfrance.fr\/latelier\/#\/schema\/logo\/image\/"}},{"@type":"Person","@id":"https:\/\/normandiemaine.cerfrance.fr\/latelier\/#\/schema\/person\/9d5645901ac39987762b3b959a346f05","name":"Lola","image":{"@type":"ImageObject","inLanguage":"fr-FR","@id":"https:\/\/secure.gravatar.com\/avatar\/d107c1b0f7f9e6250c6c7f9239b8c025730a0a51e46eebc2e1e6a38220f74e7d?s=96&d=mm&r=g","url":"https:\/\/secure.gravatar.com\/avatar\/d107c1b0f7f9e6250c6c7f9239b8c025730a0a51e46eebc2e1e6a38220f74e7d?s=96&d=mm&r=g","contentUrl":"https:\/\/secure.gravatar.com\/avatar\/d107c1b0f7f9e6250c6c7f9239b8c025730a0a51e46eebc2e1e6a38220f74e7d?s=96&d=mm&r=g","caption":"Lola"},"sameAs":["lola"],"url":"https:\/\/normandiemaine.cerfrance.fr\/latelier\/author\/lola\/"}]}},"jetpack_featured_media_url":"https:\/\/i0.wp.com\/normandiemaine.cerfrance.fr\/latelier\/wp-content\/uploads\/sites\/2\/2021\/12\/wheat-g5e521e346_1920.jpg?fit=1920%2C1280&ssl=1","jetpack_shortlink":"https:\/\/wp.me\/pcBSJA-l1","jetpack_sharing_enabled":true,"_links":{"self":[{"href":"https:\/\/normandiemaine.cerfrance.fr\/latelier\/wp-json\/wp\/v2\/posts\/1303","targetHints":{"allow":["GET"]}}],"collection":[{"href":"https:\/\/normandiemaine.cerfrance.fr\/latelier\/wp-json\/wp\/v2\/posts"}],"about":[{"href":"https:\/\/normandiemaine.cerfrance.fr\/latelier\/wp-json\/wp\/v2\/types\/post"}],"author":[{"embeddable":true,"href":"https:\/\/normandiemaine.cerfrance.fr\/latelier\/wp-json\/wp\/v2\/users\/4"}],"replies":[{"embeddable":true,"href":"https:\/\/normandiemaine.cerfrance.fr\/latelier\/wp-json\/wp\/v2\/comments?post=1303"}],"version-history":[{"count":4,"href":"https:\/\/normandiemaine.cerfrance.fr\/latelier\/wp-json\/wp\/v2\/posts\/1303\/revisions"}],"predecessor-version":[{"id":4052,"href":"https:\/\/normandiemaine.cerfrance.fr\/latelier\/wp-json\/wp\/v2\/posts\/1303\/revisions\/4052"}],"wp:featuredmedia":[{"embeddable":true,"href":"https:\/\/normandiemaine.cerfrance.fr\/latelier\/wp-json\/wp\/v2\/media\/2194"}],"wp:attachment":[{"href":"https:\/\/normandiemaine.cerfrance.fr\/latelier\/wp-json\/wp\/v2\/media?parent=1303"}],"wp:term":[{"taxonomy":"category","embeddable":true,"href":"https:\/\/normandiemaine.cerfrance.fr\/latelier\/wp-json\/wp\/v2\/categories?post=1303"},{"taxonomy":"post_tag","embeddable":true,"href":"https:\/\/normandiemaine.cerfrance.fr\/latelier\/wp-json\/wp\/v2\/tags?post=1303"}],"curies":[{"name":"wp","href":"https:\/\/api.w.org\/{rel}","templated":true}]}}