{"id":1329,"date":"2021-01-25T10:39:50","date_gmt":"2021-01-25T09:39:50","guid":{"rendered":"https:\/\/normandiemaine.cerfrance.fr\/latelier\/?p=1329"},"modified":"2022-05-20T17:29:00","modified_gmt":"2022-05-20T15:29:00","slug":"references-economiques-en-agriculture-biologique-2020","status":"publish","type":"post","link":"https:\/\/normandiemaine.cerfrance.fr\/latelier\/references-economiques-en-agriculture-biologique-2020\/","title":{"rendered":"R\u00e9f\u00e9rences \u00e9conomiques en agriculture biologique &#8211; 2020"},"content":{"rendered":"\n<h1 class=\"wp-block-heading\">Les derni\u00e8res r\u00e9f\u00e9rences \u00e9conomiques en agriculture biologique<\/h1>\n\n\n<p>Retrouvez les derni\u00e8res r\u00e9f\u00e9rences \u00e9conomique en agriculture biologique. La <strong>consommation de produits biologiques poursuit son d\u00e9veloppement<\/strong>, le chiffre d\u2019affaires de la fili\u00e8re double tous les 5 ans. L\u2019ann\u00e9e 2019 confirme cette tendance avec une hausse de la consommation de 11 %. Dans un contexte de baisse du budget alimentation des m\u00e9nages, la consommation de produits de l&rsquo;agriculture biologique est dynamique.<\/p>\n<p>Cette \u00e9tude pr\u00e9sente les <strong>r\u00e9sultats technico-\u00e9conomique et financiers des cl\u00f4tures 2019 des exploitations en production biologique,<\/strong> rencontr\u00e9es au niveau des r\u00e9gions Normandie et Pays de La Loire.\u00a0<\/p>\n<p>1. Le contexte du march\u00e9 bio<br \/>2. R\u00e9sultats des producteurs en agriculture biologique 2019<br \/>3. R\u00e9sultats \u00c9conomiques en bovins viande 2019<br \/>4. R\u00e9sultats \u00c9conomiques des producteurs laitiers 2019<br \/>5. R\u00e9sultats \u00e9conomiques des producteurs d\u2019\u0153ufs 2019<br \/>6. R\u00e9sultats \u00e9conomiques des producteurs de volailles de chair 2019<br \/>7. R\u00e9sultats \u00e9conomiques en mara\u00eechage 2019<br \/>8. R\u00e9sultats \u00e9conomiques en grandes cultures biologiques 2019<\/p>\n<p>Annexe :<br \/>Infographie &#8211; L&rsquo;agriculture biologique en France<\/p>\n\n<div class=\"_3d-flip-book  fb3d-fullscreen-mode full-size\" data-id=\"1325\" data-mode=\"fullscreen\" data-title=\"false\" data-template=\"short-white-book-view\" data-lightbox=\"dark-shadow\" data-urlparam=\"fb3d-page\" data-page-n=\"0\" data-pdf=\"\" data-tax=\"null\" data-thumbnail=\"\" data-cols=\"3\" data-book-template=\"default\" data-trigger=\"\"><\/div><script type=\"text\/javascript\">window.FB3D_CLIENT_DATA = window.FB3D_CLIENT_DATA || [];FB3D_CLIENT_DATA.push('eyJwb3N0cyI6eyIxMzI1Ijp7IklEIjoxMzI1LCJ0aXRsZSI6IkV0dWRlIEJpb2xvZ2lxdWUgMjAyMCIsInR5cGUiOiJwZGYiLCJyZWFkeV9mdW5jdGlvbiI6IiIsImJvb2tfc3R5bGUiOiJmbGF0IiwiYm9va190ZW1wbGF0ZSI6Im5vbmUiLCJvdXRsaW5lIjpbXSwiZGF0YSI6eyJwb3N0X0lEIjoiMTMyNiIsImd1aWQiOiJodHRwczpcL1wvbm9ybWFuZGllbWFpbmUuY2VyZnJhbmNlLmZyXC9sYXRlbGllclwvd3AtY29udGVudFwvdXBsb2Fkc1wvc2l0ZXNcLzJcLzIwMjFcLzAxXC9FVFVERS1BR1JJQ1VMVFVSRS1CSU9MT0dJUVVFLUVESVRJT04tMjAyMC5wZGYiLCJwZGZfcGFnZXMiOiI1OCIsInBhZ2VzX2N1c3RvbWl6YXRpb24iOiJub25lIn0sInRodW1ibmFpbCI6eyJkYXRhIjp7InBvc3RfSUQiOiIwIn0sInR5cGUiOiJhdXRvIn0sInByb3BzIjp7ImNhY2hlZFBhZ2VzIjoiYXV0byIsInJlbmRlckluYWN0aXZlUGFnZXMiOiJhdXRvIiwicmVuZGVySW5hY3RpdmVQYWdlc09uTW9iaWxlIjoiYXV0byIsInJlbmRlcldoaWxlRmxpcHBpbmciOiJhdXRvIiwicHJlbG9hZFBhZ2VzIjoiYXV0byIsInJ0bCI6ImF1dG8iLCJzaGVldCI6eyJzdGFydFZlbG9jaXR5IjoiYXV0byIsIndhdmUiOiJhdXRvIiwid2lkdGhUZXhlbHMiOiJhdXRvIiwiY29sb3IiOiJhdXRvIiwic2lkZSI6ImF1dG8iLCJjb3JuZXJEZXZpYXRpb24iOiJhdXRvIiwiZmxleGliaWxpdHkiOiJhdXRvIiwiZmxleGlibGVDb3JuZXIiOiJhdXRvIiwiYmVuZGluZyI6ImF1dG8iLCJoZWlnaHRUZXhlbHMiOiJhdXRvIn0sImNvdmVyIjp7IndhdmUiOiJhdXRvIiwiY29sb3IiOiJhdXRvIiwiYmluZGVyVGV4dHVyZSI6ImF1dG8iLCJkZXB0aCI6ImF1dG8iLCJwYWRkaW5nIjoiYXV0byIsInN0YXJ0VmVsb2NpdHkiOiJhdXRvIiwiZmxleGliaWxpdHkiOiJhdXRvIiwiZmxleGlibGVDb3JuZXIiOiJhdXRvIiwiYmVuZGluZyI6ImF1dG8iLCJ3aWR0aFRleGVscyI6ImF1dG8iLCJoZWlnaHRUZXhlbHMiOiJhdXRvIiwibWFzcyI6ImF1dG8iLCJzaWRlIjoiYXV0byJ9LCJwYWdlIjp7IndhdmUiOiJhdXRvIiwiY29sb3IiOiJhdXRvIiwiZGVwdGgiOiJhdXRvIiwic3RhcnRWZWxvY2l0eSI6ImF1dG8iLCJmbGV4aWJpbGl0eSI6ImF1dG8iLCJmbGV4aWJsZUNvcm5lciI6ImF1dG8iLCJiZW5kaW5nIjoiYXV0byIsIndpZHRoVGV4ZWxzIjoiYXV0byIsImhlaWdodFRleGVscyI6ImF1dG8iLCJtYXNzIjoiYXV0byIsInNpZGUiOiJhdXRvIn0sImhlaWdodCI6ImF1dG8iLCJ3aWR0aCI6ImF1dG8iLCJncmF2aXR5IjoiYXV0byIsInBhZ2VzRm9yUHJlZGljdGluZyI6ImF1dG8ifSwiY29udHJvbFByb3BzIjp7ImFjdGlvbnMiOnsiY21kU2F2ZSI6eyJlbmFibGVkIjoiYXV0byIsImVuYWJsZWRJbk5hcnJvdyI6ImF1dG8ifSwiY21kUHJpbnQiOnsiZW5hYmxlZCI6ImF1dG8iLCJlbmFibGVkSW5OYXJyb3ciOiJhdXRvIn0sImNtZFNpbmdsZVBhZ2UiOnsiZW5hYmxlZCI6ImF1dG8iLCJlbmFibGVkSW5OYXJyb3ciOiJhdXRvIiwiYWN0aXZlIjoiYXV0byJ9fX0sImF1dG9UaHVtYm5haWwiOiJodHRwczpcL1wvbm9ybWFuZGllbWFpbmUuY2VyZnJhbmNlLmZyXC9sYXRlbGllclwvd3AtY29udGVudFwvdXBsb2Fkc1wvc2l0ZXNcLzJcLzNkLWZsaXAtYm9va1wvYXV0by10aHVtYm5haWxzXC8xMzI1LnBuZyIsInBvc3RfbmFtZSI6ImV0dWRlLWJpb2xvZ2lxdWUtMjAyMCIsInBvc3RfdHlwZSI6IjNkLWZsaXAtYm9vayJ9fSwicGFnZXMiOltdLCJmaXJzdFBhZ2VzIjpbXX0=');window.FB3D_CLIENT_LOCALE && FB3D_CLIENT_LOCALE.render && FB3D_CLIENT_LOCALE.render();<\/script>\n\n\n\n<p>Retrouvez toutes les publications sur l&rsquo;<a href=\"https:\/\/normandiemaine.cerfrance.fr\/latelier\/category\/agriculture\/toutes-productions\/\" target=\"_blank\" rel=\"noreferrer noopener\">agriculture biologique<\/a> dans les observatoires \u00e9conomques toutes productions agricoles de notre site internet.<\/p>\n","protected":false},"excerpt":{"rendered":"<p>La consommation de produits biologiques poursuit son d\u00e9veloppement, le chiffre d\u2019affaires de la fili\u00e8re double tous les 5 ans<\/p>\n","protected":false},"author":4,"featured_media":2194,"comment_status":"closed","ping_status":"closed","sticky":false,"template":"","format":"standard","meta":{"site-sidebar-layout":"default","site-content-layout":"default","ast-site-content-layout":"default","site-content-style":"default","site-sidebar-style":"default","ast-global-header-display":"","ast-banner-title-visibility":"","ast-main-header-display":"","ast-hfb-above-header-display":"","ast-hfb-below-header-display":"","ast-hfb-mobile-header-display":"","site-post-title":"","ast-breadcrumbs-content":"","ast-featured-img":"","footer-sml-layout":"","ast-disable-related-posts":"","theme-transparent-header-meta":"default","adv-header-id-meta":"","stick-header-meta":"","header-above-stick-meta":"","header-main-stick-meta":"","header-below-stick-meta":"","astra-migrate-meta-layouts":"default","ast-page-background-enabled":"default","ast-page-background-meta":{"desktop":{"background-color":"","background-image":"","background-repeat":"repeat","background-position":"center center","background-size":"auto","background-attachment":"scroll","background-type":"","background-media":"","overlay-type":"","overlay-color":"","overlay-opacity":"","overlay-gradient":""},"tablet":{"background-color":"","background-image":"","background-repeat":"repeat","background-position":"center center","background-size":"auto","background-attachment":"scroll","background-type":"","background-media":"","overlay-type":"","overlay-color":"","overlay-opacity":"","overlay-gradient":""},"mobile":{"background-color":"","background-image":"","background-repeat":"repeat","background-position":"center center","background-size":"auto","background-attachment":"scroll","background-type":"","background-media":"","overlay-type":"","overlay-color":"","overlay-opacity":"","overlay-gradient":""}},"ast-content-background-meta":{"desktop":{"background-color":"var(--ast-global-color-5)","background-image":"","background-repeat":"repeat","background-position":"center center","background-size":"auto","background-attachment":"scroll","background-type":"","background-media":"","overlay-type":"","overlay-color":"","overlay-opacity":"","overlay-gradient":""},"tablet":{"background-color":"var(--ast-global-color-5)","background-image":"","background-repeat":"repeat","background-position":"center center","background-size":"auto","background-attachment":"scroll","background-type":"","background-media":"","overlay-type":"","overlay-color":"","overlay-opacity":"","overlay-gradient":""},"mobile":{"background-color":"var(--ast-global-color-5)","background-image":"","background-repeat":"repeat","background-position":"center center","background-size":"auto","background-attachment":"scroll","background-type":"","background-media":"","overlay-type":"","overlay-color":"","overlay-opacity":"","overlay-gradient":""}},"_jetpack_memberships_contains_paid_content":false,"footnotes":""},"categories":[131,135],"tags":[],"class_list":["post-1329","post","type-post","status-publish","format-standard","has-post-thumbnail","hentry","category-agriculture","category-toutes-productions"],"yoast_head":"<!-- This site is optimized with the Yoast SEO plugin v27.4 - https:\/\/yoast.com\/product\/yoast-seo-wordpress\/ -->\n<title>R\u00e9f\u00e9rences \u00e9conomiques en agriculture biologique - 2020<\/title>\n<meta name=\"description\" content=\"Les r\u00e9f\u00e9rences \u00e9conomiques des exploitations en agriculture biologique produit en 2020 est disponible en libre acc\u00e8s sur notre site internet\" \/>\n<meta name=\"robots\" content=\"index, follow, max-snippet:-1, max-image-preview:large, max-video-preview:-1\" \/>\n<link rel=\"canonical\" href=\"https:\/\/normandiemaine.cerfrance.fr\/latelier\/references-economiques-en-agriculture-biologique-2020\/\" \/>\n<meta property=\"og:locale\" content=\"fr_FR\" \/>\n<meta property=\"og:type\" content=\"article\" \/>\n<meta property=\"og:title\" content=\"R\u00e9f\u00e9rences \u00e9conomiques en agriculture biologique - 2020\" \/>\n<meta property=\"og:description\" content=\"Les r\u00e9f\u00e9rences \u00e9conomiques des exploitations en agriculture biologique produit en 2020 est disponible en libre acc\u00e8s sur notre site internet\" \/>\n<meta property=\"og:url\" content=\"https:\/\/normandiemaine.cerfrance.fr\/latelier\/references-economiques-en-agriculture-biologique-2020\/\" \/>\n<meta property=\"og:site_name\" content=\"L&#039;Atelier des \u00e9tudes \u00e9conomiques\" \/>\n<meta property=\"article:published_time\" content=\"2021-01-25T09:39:50+00:00\" \/>\n<meta property=\"article:modified_time\" content=\"2022-05-20T15:29:00+00:00\" \/>\n<meta property=\"og:image\" content=\"https:\/\/normandiemaine.cerfrance.fr\/latelier\/wp-content\/uploads\/sites\/2\/2021\/12\/wheat-g5e521e346_1920.jpg\" \/>\n\t<meta property=\"og:image:width\" content=\"1920\" \/>\n\t<meta property=\"og:image:height\" content=\"1280\" \/>\n\t<meta property=\"og:image:type\" content=\"image\/jpeg\" \/>\n<meta name=\"author\" content=\"Lola\" \/>\n<meta name=\"twitter:card\" content=\"summary_large_image\" \/>\n<meta name=\"twitter:label1\" content=\"\u00c9crit par\" \/>\n\t<meta name=\"twitter:data1\" content=\"Lola\" \/>\n\t<meta name=\"twitter:label2\" content=\"Dur\u00e9e de lecture estim\u00e9e\" \/>\n\t<meta name=\"twitter:data2\" content=\"1 minute\" \/>\n<script type=\"application\/ld+json\" class=\"yoast-schema-graph\">{\"@context\":\"https:\\\/\\\/schema.org\",\"@graph\":[{\"@type\":\"Article\",\"@id\":\"https:\\\/\\\/normandiemaine.cerfrance.fr\\\/latelier\\\/references-economiques-en-agriculture-biologique-2020\\\/#article\",\"isPartOf\":{\"@id\":\"https:\\\/\\\/normandiemaine.cerfrance.fr\\\/latelier\\\/references-economiques-en-agriculture-biologique-2020\\\/\"},\"author\":{\"name\":\"Lola\",\"@id\":\"https:\\\/\\\/normandiemaine.cerfrance.fr\\\/latelier\\\/#\\\/schema\\\/person\\\/9d5645901ac39987762b3b959a346f05\"},\"headline\":\"R\u00e9f\u00e9rences \u00e9conomiques en agriculture biologique &#8211; 2020\",\"datePublished\":\"2021-01-25T09:39:50+00:00\",\"dateModified\":\"2022-05-20T15:29:00+00:00\",\"mainEntityOfPage\":{\"@id\":\"https:\\\/\\\/normandiemaine.cerfrance.fr\\\/latelier\\\/references-economiques-en-agriculture-biologique-2020\\\/\"},\"wordCount\":201,\"publisher\":{\"@id\":\"https:\\\/\\\/normandiemaine.cerfrance.fr\\\/latelier\\\/#organization\"},\"image\":{\"@id\":\"https:\\\/\\\/normandiemaine.cerfrance.fr\\\/latelier\\\/references-economiques-en-agriculture-biologique-2020\\\/#primaryimage\"},\"thumbnailUrl\":\"https:\\\/\\\/i0.wp.com\\\/normandiemaine.cerfrance.fr\\\/latelier\\\/wp-content\\\/uploads\\\/sites\\\/2\\\/2021\\\/12\\\/wheat-g5e521e346_1920.jpg?fit=1920%2C1280&ssl=1\",\"articleSection\":[\"Agriculture\",\"Toutes productions\"],\"inLanguage\":\"fr-FR\"},{\"@type\":\"WebPage\",\"@id\":\"https:\\\/\\\/normandiemaine.cerfrance.fr\\\/latelier\\\/references-economiques-en-agriculture-biologique-2020\\\/\",\"url\":\"https:\\\/\\\/normandiemaine.cerfrance.fr\\\/latelier\\\/references-economiques-en-agriculture-biologique-2020\\\/\",\"name\":\"R\u00e9f\u00e9rences \u00e9conomiques en agriculture biologique - 2020\",\"isPartOf\":{\"@id\":\"https:\\\/\\\/normandiemaine.cerfrance.fr\\\/latelier\\\/#website\"},\"primaryImageOfPage\":{\"@id\":\"https:\\\/\\\/normandiemaine.cerfrance.fr\\\/latelier\\\/references-economiques-en-agriculture-biologique-2020\\\/#primaryimage\"},\"image\":{\"@id\":\"https:\\\/\\\/normandiemaine.cerfrance.fr\\\/latelier\\\/references-economiques-en-agriculture-biologique-2020\\\/#primaryimage\"},\"thumbnailUrl\":\"https:\\\/\\\/i0.wp.com\\\/normandiemaine.cerfrance.fr\\\/latelier\\\/wp-content\\\/uploads\\\/sites\\\/2\\\/2021\\\/12\\\/wheat-g5e521e346_1920.jpg?fit=1920%2C1280&ssl=1\",\"datePublished\":\"2021-01-25T09:39:50+00:00\",\"dateModified\":\"2022-05-20T15:29:00+00:00\",\"description\":\"Les r\u00e9f\u00e9rences \u00e9conomiques des exploitations en agriculture biologique produit en 2020 est disponible en libre acc\u00e8s sur notre site internet\",\"breadcrumb\":{\"@id\":\"https:\\\/\\\/normandiemaine.cerfrance.fr\\\/latelier\\\/references-economiques-en-agriculture-biologique-2020\\\/#breadcrumb\"},\"inLanguage\":\"fr-FR\",\"potentialAction\":[{\"@type\":\"ReadAction\",\"target\":[\"https:\\\/\\\/normandiemaine.cerfrance.fr\\\/latelier\\\/references-economiques-en-agriculture-biologique-2020\\\/\"]}]},{\"@type\":\"ImageObject\",\"inLanguage\":\"fr-FR\",\"@id\":\"https:\\\/\\\/normandiemaine.cerfrance.fr\\\/latelier\\\/references-economiques-en-agriculture-biologique-2020\\\/#primaryimage\",\"url\":\"https:\\\/\\\/i0.wp.com\\\/normandiemaine.cerfrance.fr\\\/latelier\\\/wp-content\\\/uploads\\\/sites\\\/2\\\/2021\\\/12\\\/wheat-g5e521e346_1920.jpg?fit=1920%2C1280&ssl=1\",\"contentUrl\":\"https:\\\/\\\/i0.wp.com\\\/normandiemaine.cerfrance.fr\\\/latelier\\\/wp-content\\\/uploads\\\/sites\\\/2\\\/2021\\\/12\\\/wheat-g5e521e346_1920.jpg?fit=1920%2C1280&ssl=1\",\"width\":1920,\"height\":1280,\"caption\":\"Agriculture biologique\"},{\"@type\":\"BreadcrumbList\",\"@id\":\"https:\\\/\\\/normandiemaine.cerfrance.fr\\\/latelier\\\/references-economiques-en-agriculture-biologique-2020\\\/#breadcrumb\",\"itemListElement\":[{\"@type\":\"ListItem\",\"position\":1,\"name\":\"Accueil\",\"item\":\"https:\\\/\\\/normandiemaine.cerfrance.fr\\\/latelier\\\/\"},{\"@type\":\"ListItem\",\"position\":2,\"name\":\"R\u00e9f\u00e9rences \u00e9conomiques en agriculture biologique &#8211; 2020\"}]},{\"@type\":\"WebSite\",\"@id\":\"https:\\\/\\\/normandiemaine.cerfrance.fr\\\/latelier\\\/#website\",\"url\":\"https:\\\/\\\/normandiemaine.cerfrance.fr\\\/latelier\\\/\",\"name\":\"L&#039;Atelier des \u00e9tudes \u00e9conomiques\",\"description\":\"Un site du Cerfrance Normandie Maine\",\"publisher\":{\"@id\":\"https:\\\/\\\/normandiemaine.cerfrance.fr\\\/latelier\\\/#organization\"},\"potentialAction\":[{\"@type\":\"SearchAction\",\"target\":{\"@type\":\"EntryPoint\",\"urlTemplate\":\"https:\\\/\\\/normandiemaine.cerfrance.fr\\\/latelier\\\/?s={search_term_string}\"},\"query-input\":{\"@type\":\"PropertyValueSpecification\",\"valueRequired\":true,\"valueName\":\"search_term_string\"}}],\"inLanguage\":\"fr-FR\"},{\"@type\":\"Organization\",\"@id\":\"https:\\\/\\\/normandiemaine.cerfrance.fr\\\/latelier\\\/#organization\",\"name\":\"L&#039;Atelier des \u00e9tudes \u00e9conomiques\",\"url\":\"https:\\\/\\\/normandiemaine.cerfrance.fr\\\/latelier\\\/\",\"logo\":{\"@type\":\"ImageObject\",\"inLanguage\":\"fr-FR\",\"@id\":\"https:\\\/\\\/normandiemaine.cerfrance.fr\\\/latelier\\\/#\\\/schema\\\/logo\\\/image\\\/\",\"url\":\"https:\\\/\\\/i0.wp.com\\\/normandiemaine.cerfrance.fr\\\/latelier\\\/wp-content\\\/uploads\\\/sites\\\/2\\\/2020\\\/10\\\/Logo-atelier-2016.png?fit=400%2C195&ssl=1\",\"contentUrl\":\"https:\\\/\\\/i0.wp.com\\\/normandiemaine.cerfrance.fr\\\/latelier\\\/wp-content\\\/uploads\\\/sites\\\/2\\\/2020\\\/10\\\/Logo-atelier-2016.png?fit=400%2C195&ssl=1\",\"width\":400,\"height\":195,\"caption\":\"L&#039;Atelier des \u00e9tudes \u00e9conomiques\"},\"image\":{\"@id\":\"https:\\\/\\\/normandiemaine.cerfrance.fr\\\/latelier\\\/#\\\/schema\\\/logo\\\/image\\\/\"}},{\"@type\":\"Person\",\"@id\":\"https:\\\/\\\/normandiemaine.cerfrance.fr\\\/latelier\\\/#\\\/schema\\\/person\\\/9d5645901ac39987762b3b959a346f05\",\"name\":\"Lola\",\"image\":{\"@type\":\"ImageObject\",\"inLanguage\":\"fr-FR\",\"@id\":\"https:\\\/\\\/secure.gravatar.com\\\/avatar\\\/d107c1b0f7f9e6250c6c7f9239b8c025730a0a51e46eebc2e1e6a38220f74e7d?s=96&d=mm&r=g\",\"url\":\"https:\\\/\\\/secure.gravatar.com\\\/avatar\\\/d107c1b0f7f9e6250c6c7f9239b8c025730a0a51e46eebc2e1e6a38220f74e7d?s=96&d=mm&r=g\",\"contentUrl\":\"https:\\\/\\\/secure.gravatar.com\\\/avatar\\\/d107c1b0f7f9e6250c6c7f9239b8c025730a0a51e46eebc2e1e6a38220f74e7d?s=96&d=mm&r=g\",\"caption\":\"Lola\"},\"sameAs\":[\"lola\"],\"url\":\"https:\\\/\\\/normandiemaine.cerfrance.fr\\\/latelier\\\/author\\\/lola\\\/\"}]}<\/script>\n<!-- \/ Yoast SEO plugin. -->","yoast_head_json":{"title":"R\u00e9f\u00e9rences \u00e9conomiques en agriculture biologique - 2020","description":"Les r\u00e9f\u00e9rences \u00e9conomiques des exploitations en agriculture biologique produit en 2020 est disponible en libre acc\u00e8s sur notre site internet","robots":{"index":"index","follow":"follow","max-snippet":"max-snippet:-1","max-image-preview":"max-image-preview:large","max-video-preview":"max-video-preview:-1"},"canonical":"https:\/\/normandiemaine.cerfrance.fr\/latelier\/references-economiques-en-agriculture-biologique-2020\/","og_locale":"fr_FR","og_type":"article","og_title":"R\u00e9f\u00e9rences \u00e9conomiques en agriculture biologique - 2020","og_description":"Les r\u00e9f\u00e9rences \u00e9conomiques des exploitations en agriculture biologique produit en 2020 est disponible en libre acc\u00e8s sur notre site internet","og_url":"https:\/\/normandiemaine.cerfrance.fr\/latelier\/references-economiques-en-agriculture-biologique-2020\/","og_site_name":"L&#039;Atelier des \u00e9tudes \u00e9conomiques","article_published_time":"2021-01-25T09:39:50+00:00","article_modified_time":"2022-05-20T15:29:00+00:00","og_image":[{"width":1920,"height":1280,"url":"https:\/\/normandiemaine.cerfrance.fr\/latelier\/wp-content\/uploads\/sites\/2\/2021\/12\/wheat-g5e521e346_1920.jpg","type":"image\/jpeg"}],"author":"Lola","twitter_card":"summary_large_image","twitter_misc":{"\u00c9crit par":"Lola","Dur\u00e9e de lecture estim\u00e9e":"1 minute"},"schema":{"@context":"https:\/\/schema.org","@graph":[{"@type":"Article","@id":"https:\/\/normandiemaine.cerfrance.fr\/latelier\/references-economiques-en-agriculture-biologique-2020\/#article","isPartOf":{"@id":"https:\/\/normandiemaine.cerfrance.fr\/latelier\/references-economiques-en-agriculture-biologique-2020\/"},"author":{"name":"Lola","@id":"https:\/\/normandiemaine.cerfrance.fr\/latelier\/#\/schema\/person\/9d5645901ac39987762b3b959a346f05"},"headline":"R\u00e9f\u00e9rences \u00e9conomiques en agriculture biologique &#8211; 2020","datePublished":"2021-01-25T09:39:50+00:00","dateModified":"2022-05-20T15:29:00+00:00","mainEntityOfPage":{"@id":"https:\/\/normandiemaine.cerfrance.fr\/latelier\/references-economiques-en-agriculture-biologique-2020\/"},"wordCount":201,"publisher":{"@id":"https:\/\/normandiemaine.cerfrance.fr\/latelier\/#organization"},"image":{"@id":"https:\/\/normandiemaine.cerfrance.fr\/latelier\/references-economiques-en-agriculture-biologique-2020\/#primaryimage"},"thumbnailUrl":"https:\/\/i0.wp.com\/normandiemaine.cerfrance.fr\/latelier\/wp-content\/uploads\/sites\/2\/2021\/12\/wheat-g5e521e346_1920.jpg?fit=1920%2C1280&ssl=1","articleSection":["Agriculture","Toutes productions"],"inLanguage":"fr-FR"},{"@type":"WebPage","@id":"https:\/\/normandiemaine.cerfrance.fr\/latelier\/references-economiques-en-agriculture-biologique-2020\/","url":"https:\/\/normandiemaine.cerfrance.fr\/latelier\/references-economiques-en-agriculture-biologique-2020\/","name":"R\u00e9f\u00e9rences \u00e9conomiques en agriculture biologique - 2020","isPartOf":{"@id":"https:\/\/normandiemaine.cerfrance.fr\/latelier\/#website"},"primaryImageOfPage":{"@id":"https:\/\/normandiemaine.cerfrance.fr\/latelier\/references-economiques-en-agriculture-biologique-2020\/#primaryimage"},"image":{"@id":"https:\/\/normandiemaine.cerfrance.fr\/latelier\/references-economiques-en-agriculture-biologique-2020\/#primaryimage"},"thumbnailUrl":"https:\/\/i0.wp.com\/normandiemaine.cerfrance.fr\/latelier\/wp-content\/uploads\/sites\/2\/2021\/12\/wheat-g5e521e346_1920.jpg?fit=1920%2C1280&ssl=1","datePublished":"2021-01-25T09:39:50+00:00","dateModified":"2022-05-20T15:29:00+00:00","description":"Les r\u00e9f\u00e9rences \u00e9conomiques des exploitations en agriculture biologique produit en 2020 est disponible en libre acc\u00e8s sur notre site internet","breadcrumb":{"@id":"https:\/\/normandiemaine.cerfrance.fr\/latelier\/references-economiques-en-agriculture-biologique-2020\/#breadcrumb"},"inLanguage":"fr-FR","potentialAction":[{"@type":"ReadAction","target":["https:\/\/normandiemaine.cerfrance.fr\/latelier\/references-economiques-en-agriculture-biologique-2020\/"]}]},{"@type":"ImageObject","inLanguage":"fr-FR","@id":"https:\/\/normandiemaine.cerfrance.fr\/latelier\/references-economiques-en-agriculture-biologique-2020\/#primaryimage","url":"https:\/\/i0.wp.com\/normandiemaine.cerfrance.fr\/latelier\/wp-content\/uploads\/sites\/2\/2021\/12\/wheat-g5e521e346_1920.jpg?fit=1920%2C1280&ssl=1","contentUrl":"https:\/\/i0.wp.com\/normandiemaine.cerfrance.fr\/latelier\/wp-content\/uploads\/sites\/2\/2021\/12\/wheat-g5e521e346_1920.jpg?fit=1920%2C1280&ssl=1","width":1920,"height":1280,"caption":"Agriculture biologique"},{"@type":"BreadcrumbList","@id":"https:\/\/normandiemaine.cerfrance.fr\/latelier\/references-economiques-en-agriculture-biologique-2020\/#breadcrumb","itemListElement":[{"@type":"ListItem","position":1,"name":"Accueil","item":"https:\/\/normandiemaine.cerfrance.fr\/latelier\/"},{"@type":"ListItem","position":2,"name":"R\u00e9f\u00e9rences \u00e9conomiques en agriculture biologique &#8211; 2020"}]},{"@type":"WebSite","@id":"https:\/\/normandiemaine.cerfrance.fr\/latelier\/#website","url":"https:\/\/normandiemaine.cerfrance.fr\/latelier\/","name":"L&#039;Atelier des \u00e9tudes \u00e9conomiques","description":"Un site du Cerfrance Normandie Maine","publisher":{"@id":"https:\/\/normandiemaine.cerfrance.fr\/latelier\/#organization"},"potentialAction":[{"@type":"SearchAction","target":{"@type":"EntryPoint","urlTemplate":"https:\/\/normandiemaine.cerfrance.fr\/latelier\/?s={search_term_string}"},"query-input":{"@type":"PropertyValueSpecification","valueRequired":true,"valueName":"search_term_string"}}],"inLanguage":"fr-FR"},{"@type":"Organization","@id":"https:\/\/normandiemaine.cerfrance.fr\/latelier\/#organization","name":"L&#039;Atelier des \u00e9tudes \u00e9conomiques","url":"https:\/\/normandiemaine.cerfrance.fr\/latelier\/","logo":{"@type":"ImageObject","inLanguage":"fr-FR","@id":"https:\/\/normandiemaine.cerfrance.fr\/latelier\/#\/schema\/logo\/image\/","url":"https:\/\/i0.wp.com\/normandiemaine.cerfrance.fr\/latelier\/wp-content\/uploads\/sites\/2\/2020\/10\/Logo-atelier-2016.png?fit=400%2C195&ssl=1","contentUrl":"https:\/\/i0.wp.com\/normandiemaine.cerfrance.fr\/latelier\/wp-content\/uploads\/sites\/2\/2020\/10\/Logo-atelier-2016.png?fit=400%2C195&ssl=1","width":400,"height":195,"caption":"L&#039;Atelier des \u00e9tudes \u00e9conomiques"},"image":{"@id":"https:\/\/normandiemaine.cerfrance.fr\/latelier\/#\/schema\/logo\/image\/"}},{"@type":"Person","@id":"https:\/\/normandiemaine.cerfrance.fr\/latelier\/#\/schema\/person\/9d5645901ac39987762b3b959a346f05","name":"Lola","image":{"@type":"ImageObject","inLanguage":"fr-FR","@id":"https:\/\/secure.gravatar.com\/avatar\/d107c1b0f7f9e6250c6c7f9239b8c025730a0a51e46eebc2e1e6a38220f74e7d?s=96&d=mm&r=g","url":"https:\/\/secure.gravatar.com\/avatar\/d107c1b0f7f9e6250c6c7f9239b8c025730a0a51e46eebc2e1e6a38220f74e7d?s=96&d=mm&r=g","contentUrl":"https:\/\/secure.gravatar.com\/avatar\/d107c1b0f7f9e6250c6c7f9239b8c025730a0a51e46eebc2e1e6a38220f74e7d?s=96&d=mm&r=g","caption":"Lola"},"sameAs":["lola"],"url":"https:\/\/normandiemaine.cerfrance.fr\/latelier\/author\/lola\/"}]}},"jetpack_featured_media_url":"https:\/\/i0.wp.com\/normandiemaine.cerfrance.fr\/latelier\/wp-content\/uploads\/sites\/2\/2021\/12\/wheat-g5e521e346_1920.jpg?fit=1920%2C1280&ssl=1","jetpack_shortlink":"https:\/\/wp.me\/pcBSJA-lr","jetpack_sharing_enabled":true,"_links":{"self":[{"href":"https:\/\/normandiemaine.cerfrance.fr\/latelier\/wp-json\/wp\/v2\/posts\/1329","targetHints":{"allow":["GET"]}}],"collection":[{"href":"https:\/\/normandiemaine.cerfrance.fr\/latelier\/wp-json\/wp\/v2\/posts"}],"about":[{"href":"https:\/\/normandiemaine.cerfrance.fr\/latelier\/wp-json\/wp\/v2\/types\/post"}],"author":[{"embeddable":true,"href":"https:\/\/normandiemaine.cerfrance.fr\/latelier\/wp-json\/wp\/v2\/users\/4"}],"replies":[{"embeddable":true,"href":"https:\/\/normandiemaine.cerfrance.fr\/latelier\/wp-json\/wp\/v2\/comments?post=1329"}],"version-history":[{"count":4,"href":"https:\/\/normandiemaine.cerfrance.fr\/latelier\/wp-json\/wp\/v2\/posts\/1329\/revisions"}],"predecessor-version":[{"id":2876,"href":"https:\/\/normandiemaine.cerfrance.fr\/latelier\/wp-json\/wp\/v2\/posts\/1329\/revisions\/2876"}],"wp:featuredmedia":[{"embeddable":true,"href":"https:\/\/normandiemaine.cerfrance.fr\/latelier\/wp-json\/wp\/v2\/media\/2194"}],"wp:attachment":[{"href":"https:\/\/normandiemaine.cerfrance.fr\/latelier\/wp-json\/wp\/v2\/media?parent=1329"}],"wp:term":[{"taxonomy":"category","embeddable":true,"href":"https:\/\/normandiemaine.cerfrance.fr\/latelier\/wp-json\/wp\/v2\/categories?post=1329"},{"taxonomy":"post_tag","embeddable":true,"href":"https:\/\/normandiemaine.cerfrance.fr\/latelier\/wp-json\/wp\/v2\/tags?post=1329"}],"curies":[{"name":"wp","href":"https:\/\/api.w.org\/{rel}","templated":true}]}}