{"id":1661,"date":"2021-06-30T16:24:24","date_gmt":"2021-06-30T14:24:24","guid":{"rendered":"https:\/\/normandiemaine.cerfrance.fr\/latelier\/?p=1661"},"modified":"2022-07-13T12:12:37","modified_gmt":"2022-07-13T10:12:37","slug":"prix-du-lait-320-a-340-e-par-1-000-l-sur-lannee-civile-2021","status":"publish","type":"post","link":"https:\/\/normandiemaine.cerfrance.fr\/latelier\/prix-du-lait-320-a-340-e-par-1-000-l-sur-lannee-civile-2021\/","title":{"rendered":"Prix du lait sur l\u2019ann\u00e9e civile 2021"},"content":{"rendered":"\n<h1 class=\"wp-block-heading\">Prix du lait : 320 \u00e0 340 \u20ac par 1 000 litres sur l\u2019ann\u00e9e civile 2021<\/h1>\n\n\n\n<p>La demande mondiale soutenue et une collecte mod\u00e9r\u00e9e soutiennent les march\u00e9s laitiers. Le prix du lait des cl\u00f4tures de fin 2021 va progresser pour se situer entre 320 et 340 \u20ac \/ 1 000 litres (de -5 \u20ac \u00e0 +10 \u20ac par 1 000 litres). Dans le m\u00eame temps, les charges devraient augmenter plus fort, et les revenus des \u00e9leveurs s\u2019annoncent \u00e0 la baisse\u2026<\/p>\n\n\n\n<h3 class=\"wp-block-heading\">Aide \u00e0 l\u2019analyse des r\u00e9sultats et aux pr\u00e9visions : 320 \u00e0 340 \u20ac sur l\u2019ann\u00e9e 2021.<\/h3>\n\n\n\n<h3 class=\"wp-block-heading\">Une collecte mondiale au ralenti.<\/h3>\n\n\n\n<p>Le d\u00e9but 2021 se caract\u00e9rise par une offre de lait limit\u00e9e. Seuls les Etats-Unis sont dynamiques (+ 3 % sur 5 mois). Alors que la production de l\u2019UE est stable (sur 4 mois).<\/p>\n\n\n\n<p>La demande internationale est robuste (Chine et Br\u00e9sil tr\u00e8s pr\u00e9sents). La faible croissance de la collecte dans les bassins exc\u00e9dentaires cr\u00e9\u00e9 donc une forte tension sur les march\u00e9s.<\/p>\n\n\n\n<p>Le beurre se stabilise \u00e0 4 200 \u20ac\/t. Et la poudre de lait \u00e9cr\u00e9m\u00e9 se stabilise autour de 2 600 \u20ac\/t. En mai 2021, la <strong>valorisation beurre \u2013 poudre<\/strong> atteint alors le niveau \u00e9lev\u00e9 de 348 \u20ac par 1 000 litres. <\/p>\n\n\n\n<h3 class=\"wp-block-heading\">En France, le prix du lait en l\u00e9g\u00e8re progression.<\/h3>\n\n\n\n<p>La collecte nationale est en repli sur le 1er trimestre 2021 (- 2,5 %) avec un manque de fourrages. Elle se redresse sur le second trimestre (+ 1,5 % environ, dont + 4 % dans l\u2019ouest de la France). Cette situation est permise gr\u00e2ce \u00e0 une mise \u00e0 l\u2019herbe pr\u00e9coce et une bonne pousse de l\u2019herbe. Le cheptel de vaches laiti\u00e8res marque donc un recul important (- 2 % sur un an). Et il est \u00e0 son plus bas historique.<\/p>\n\n\n\n<p>Les <strong>cl\u00f4tures du printemps 2021<\/strong> (mars \u00e0 juin) connaissent une l\u00e9g\u00e8re baisse du prix de base du lait conventionnel. Elle se situe entre 315 et 335 \u20ac \/ 1 000 litres. Ce qui repr\u00e9sente donc de -15 \u00e0 +5 \u20ac \/ 1 000 litres selon les laiteries.<\/p>\n\n\n\n<p>Les<strong> cl\u00f4tures de fin d\u2019ann\u00e9e 2021<\/strong> (septembre \u00e0 d\u00e9cembre) seront stables \u00e0 l\u00e9g\u00e8rement haussi\u00e8res. Le prix de base est situ\u00e9 entre 320 et 340 \u20ac \/ 1 000 litres. Ce qui repr\u00e9sente donc de -5 \u00e0 +10 \u20ac \/ 1 000 litres selon les laiteries.<\/p>\n\n\n\n<h2 class=\"wp-block-heading\">Une hausse des charges sans pr\u00e9c\u00e9dent \u2026<\/h2>\n\n\n\n<p>Les tr\u00e9soreries des exploitations laiti\u00e8res vont malgr\u00e9 tout \u00eatre mises en difficult\u00e9 par la <strong>hausse significative des mati\u00e8res premi\u00e8res depuis la fin 2020<\/strong>. La hausse cumul\u00e9e des aliments, de l\u2019\u00e9nergie et des engrais peut repr\u00e9senter 15 \u00e0 20 \u20ac \/ 1 000 litres, depuis le d\u00e9but de l\u2019ann\u00e9e 2021. Les perspectives pour la fin de l\u2019ann\u00e9e 2021 restent donc fragiles.<\/p>\n\n\n<div class=\"_3d-flip-book  fb3d-fullscreen-mode full-size\" data-id=\"1659\" data-mode=\"fullscreen\" data-title=\"false\" data-template=\"short-white-book-view\" data-lightbox=\"dark-shadow\" data-urlparam=\"fb3d-page\" data-page-n=\"0\" data-pdf=\"\" data-tax=\"null\" data-thumbnail=\"\" data-cols=\"3\" data-book-template=\"default\" data-trigger=\"\"><\/div><script type=\"text\/javascript\">window.FB3D_CLIENT_DATA = window.FB3D_CLIENT_DATA || [];FB3D_CLIENT_DATA.push('eyJwb3N0cyI6eyIxNjU5Ijp7IklEIjoxNjU5LCJ0aXRsZSI6IlZFSUxMRV9FQ09fUHJpeCBkdSBsYWl0X0p1aW4gMjAyMSIsInR5cGUiOiJwZGYiLCJyZWFkeV9mdW5jdGlvbiI6IiIsImJvb2tfc3R5bGUiOiJmbGF0IiwiYm9va190ZW1wbGF0ZSI6Im5vbmUiLCJvdXRsaW5lIjpbXSwiZGF0YSI6eyJwb3N0X0lEIjoiMTY2MCIsImd1aWQiOiJodHRwczpcL1wvbm9ybWFuZGllbWFpbmUuY2VyZnJhbmNlLmZyXC9sYXRlbGllclwvd3AtY29udGVudFwvdXBsb2Fkc1wvc2l0ZXNcLzJcLzIwMjFcLzA2XC9WRUlMTEVfRUNPX1ByaXgtZHUtbGFpdF9KdWluLTIwMjEucGRmIiwicGRmX3BhZ2VzIjoiMSIsInBhZ2VzX2N1c3RvbWl6YXRpb24iOiJub25lIn0sInRodW1ibmFpbCI6eyJkYXRhIjp7InBvc3RfSUQiOiIwIn0sInR5cGUiOiJhdXRvIn0sInByb3BzIjp7ImNhY2hlZFBhZ2VzIjoiYXV0byIsInJlbmRlckluYWN0aXZlUGFnZXMiOiJhdXRvIiwicmVuZGVySW5hY3RpdmVQYWdlc09uTW9iaWxlIjoiYXV0byIsInJlbmRlcldoaWxlRmxpcHBpbmciOiJhdXRvIiwicHJlbG9hZFBhZ2VzIjoiYXV0byIsInJ0bCI6ImF1dG8iLCJpbnRlcmFjdGl2ZUNvcm5lcnMiOiJhdXRvIiwic2hlZXQiOnsic3RhcnRWZWxvY2l0eSI6ImF1dG8iLCJ3YXZlIjoiYXV0byIsIndpZHRoVGV4ZWxzIjoiYXV0byIsImNvbG9yIjoiYXV0byIsInNpZGUiOiJhdXRvIiwiY29ybmVyRGV2aWF0aW9uIjoiYXV0byIsImZsZXhpYmlsaXR5IjoiYXV0byIsImZsZXhpYmxlQ29ybmVyIjoiYXV0byIsImJlbmRpbmciOiJhdXRvIiwiaGVpZ2h0VGV4ZWxzIjoiYXV0byJ9LCJjb3ZlciI6eyJ3YXZlIjoiYXV0byIsImNvbG9yIjoiYXV0byIsImJpbmRlclRleHR1cmUiOiJhdXRvIiwiZGVwdGgiOiJhdXRvIiwicGFkZGluZyI6ImF1dG8iLCJzdGFydFZlbG9jaXR5IjoiYXV0byIsImZsZXhpYmlsaXR5IjoiYXV0byIsImZsZXhpYmxlQ29ybmVyIjoiYXV0byIsImJlbmRpbmciOiJhdXRvIiwid2lkdGhUZXhlbHMiOiJhdXRvIiwiaGVpZ2h0VGV4ZWxzIjoiYXV0byIsIm1hc3MiOiJhdXRvIiwic2lkZSI6ImF1dG8ifSwicGFnZSI6eyJ3YXZlIjoiYXV0byIsImNvbG9yIjoiYXV0byIsImRlcHRoIjoiYXV0byIsInN0YXJ0VmVsb2NpdHkiOiJhdXRvIiwiZmxleGliaWxpdHkiOiJhdXRvIiwiZmxleGlibGVDb3JuZXIiOiJhdXRvIiwiYmVuZGluZyI6ImF1dG8iLCJ3aWR0aFRleGVscyI6ImF1dG8iLCJoZWlnaHRUZXhlbHMiOiJhdXRvIiwibWFzcyI6ImF1dG8iLCJzaWRlIjoiYXV0byJ9LCJoZWlnaHQiOiJhdXRvIiwid2lkdGgiOiJhdXRvIiwiZ3Jhdml0eSI6ImF1dG8iLCJwYWdlc0ZvclByZWRpY3RpbmciOiJhdXRvIn0sImNvbnRyb2xQcm9wcyI6eyJhY3Rpb25zIjp7ImNtZFNhdmUiOnsiZW5hYmxlZCI6ImF1dG8iLCJlbmFibGVkSW5OYXJyb3ciOiJhdXRvIn0sImNtZFByaW50Ijp7ImVuYWJsZWQiOiJhdXRvIiwiZW5hYmxlZEluTmFycm93IjoiYXV0byJ9LCJjbWRTaW5nbGVQYWdlIjp7ImVuYWJsZWQiOiJhdXRvIiwiZW5hYmxlZEluTmFycm93IjoiYXV0byIsImFjdGl2ZSI6ImF1dG8iLCJhY3RpdmVGb3JNb2JpbGUiOiJhdXRvIn19fSwiYXV0b1RodW1ibmFpbCI6Imh0dHBzOlwvXC9ub3JtYW5kaWVtYWluZS5jZXJmcmFuY2UuZnJcL2xhdGVsaWVyXC93cC1jb250ZW50XC91cGxvYWRzXC9zaXRlc1wvMlwvM2QtZmxpcC1ib29rXC9hdXRvLXRodW1ibmFpbHNcLzE2NTkucG5nIiwicG9zdF9uYW1lIjoidmVpbGxlX2Vjb19wcml4LWR1LWxhaXRfanVpbi0yMDIxIiwicG9zdF90eXBlIjoiM2QtZmxpcC1ib29rIn19LCJwYWdlcyI6W10sImZpcnN0UGFnZXMiOltdfQ==');window.FB3D_CLIENT_LOCALE && FB3D_CLIENT_LOCALE.render && FB3D_CLIENT_LOCALE.render();<\/script>\n\n\n\n<p>Retrouvez toutes nos publications <a href=\"https:\/\/normandiemaine.cerfrance.fr\/latelier\/category\/agriculture\/production-animale\/conjoncture\/lait\/\" target=\"_blank\" rel=\"noreferrer noopener\">conjoncture \/ lait<\/a> sur notre site internet.<\/p>\n","protected":false},"excerpt":{"rendered":"<p>Le prix du lait des cl\u00f4tures de fin 2021 va progresser pour se situer entre 320 et 340 \u20ac \/ 1 000 litres <\/p>\n","protected":false},"author":4,"featured_media":3157,"comment_status":"closed","ping_status":"closed","sticky":false,"template":"","format":"standard","meta":{"site-sidebar-layout":"default","site-content-layout":"default","ast-site-content-layout":"default","site-content-style":"default","site-sidebar-style":"default","ast-global-header-display":"","ast-banner-title-visibility":"","ast-main-header-display":"","ast-hfb-above-header-display":"","ast-hfb-below-header-display":"","ast-hfb-mobile-header-display":"","site-post-title":"","ast-breadcrumbs-content":"","ast-featured-img":"","footer-sml-layout":"","ast-disable-related-posts":"","theme-transparent-header-meta":"default","adv-header-id-meta":"","stick-header-meta":"","header-above-stick-meta":"","header-main-stick-meta":"","header-below-stick-meta":"","astra-migrate-meta-layouts":"default","ast-page-background-enabled":"default","ast-page-background-meta":{"desktop":{"background-color":"","background-image":"","background-repeat":"repeat","background-position":"center center","background-size":"auto","background-attachment":"scroll","background-type":"","background-media":"","overlay-type":"","overlay-color":"","overlay-opacity":"","overlay-gradient":""},"tablet":{"background-color":"","background-image":"","background-repeat":"repeat","background-position":"center center","background-size":"auto","background-attachment":"scroll","background-type":"","background-media":"","overlay-type":"","overlay-color":"","overlay-opacity":"","overlay-gradient":""},"mobile":{"background-color":"","background-image":"","background-repeat":"repeat","background-position":"center center","background-size":"auto","background-attachment":"scroll","background-type":"","background-media":"","overlay-type":"","overlay-color":"","overlay-opacity":"","overlay-gradient":""}},"ast-content-background-meta":{"desktop":{"background-color":"var(--ast-global-color-5)","background-image":"","background-repeat":"repeat","background-position":"center center","background-size":"auto","background-attachment":"scroll","background-type":"","background-media":"","overlay-type":"","overlay-color":"","overlay-opacity":"","overlay-gradient":""},"tablet":{"background-color":"var(--ast-global-color-5)","background-image":"","background-repeat":"repeat","background-position":"center center","background-size":"auto","background-attachment":"scroll","background-type":"","background-media":"","overlay-type":"","overlay-color":"","overlay-opacity":"","overlay-gradient":""},"mobile":{"background-color":"var(--ast-global-color-5)","background-image":"","background-repeat":"repeat","background-position":"center center","background-size":"auto","background-attachment":"scroll","background-type":"","background-media":"","overlay-type":"","overlay-color":"","overlay-opacity":"","overlay-gradient":""}},"_jetpack_memberships_contains_paid_content":false,"footnotes":""},"categories":[131,138,142,136],"tags":[],"class_list":["post-1661","post","type-post","status-publish","format-standard","has-post-thumbnail","hentry","category-agriculture","category-conjoncture","category-lait","category-production-animale"],"yoast_head":"<!-- This site is optimized with the Yoast SEO plugin v27.5 - https:\/\/yoast.com\/product\/yoast-seo-wordpress\/ -->\n<title>Prix du lait sur l\u2019ann\u00e9e civile 2021 - L&#039;Atelier des \u00e9tudes \u00e9conomiques<\/title>\n<meta name=\"description\" content=\"Le prix du lait des cl\u00f4tures de fin 2021 va progresser pour se situer entre 320 \u20ac et 340 \u20ac les 1 000 litres\" \/>\n<meta name=\"robots\" content=\"index, follow, max-snippet:-1, max-image-preview:large, max-video-preview:-1\" \/>\n<link rel=\"canonical\" href=\"https:\/\/normandiemaine.cerfrance.fr\/latelier\/prix-du-lait-320-a-340-e-par-1-000-l-sur-lannee-civile-2021\/\" \/>\n<meta property=\"og:locale\" content=\"fr_FR\" \/>\n<meta property=\"og:type\" content=\"article\" \/>\n<meta property=\"og:title\" content=\"Prix du lait sur l\u2019ann\u00e9e civile 2021 - L&#039;Atelier des \u00e9tudes \u00e9conomiques\" \/>\n<meta property=\"og:description\" content=\"Le prix du lait des cl\u00f4tures de fin 2021 va progresser pour se situer entre 320 \u20ac et 340 \u20ac les 1 000 litres\" \/>\n<meta property=\"og:url\" content=\"https:\/\/normandiemaine.cerfrance.fr\/latelier\/prix-du-lait-320-a-340-e-par-1-000-l-sur-lannee-civile-2021\/\" \/>\n<meta property=\"og:site_name\" content=\"L&#039;Atelier des \u00e9tudes \u00e9conomiques\" \/>\n<meta property=\"article:published_time\" content=\"2021-06-30T14:24:24+00:00\" \/>\n<meta property=\"article:modified_time\" content=\"2022-07-13T10:12:37+00:00\" \/>\n<meta property=\"og:image\" content=\"https:\/\/normandiemaine.cerfrance.fr\/latelier\/wp-content\/uploads\/sites\/2\/2022\/07\/Prix-du-lait.jpg\" \/>\n\t<meta property=\"og:image:width\" content=\"1200\" \/>\n\t<meta property=\"og:image:height\" content=\"800\" \/>\n\t<meta property=\"og:image:type\" content=\"image\/jpeg\" \/>\n<meta name=\"author\" content=\"Lola\" \/>\n<meta name=\"twitter:card\" content=\"summary_large_image\" \/>\n<meta name=\"twitter:label1\" content=\"\u00c9crit par\" \/>\n\t<meta name=\"twitter:data1\" content=\"Lola\" \/>\n\t<meta name=\"twitter:label2\" content=\"Dur\u00e9e de lecture estim\u00e9e\" \/>\n\t<meta name=\"twitter:data2\" content=\"3 minutes\" \/>\n<script type=\"application\/ld+json\" class=\"yoast-schema-graph\">{\"@context\":\"https:\\\/\\\/schema.org\",\"@graph\":[{\"@type\":\"Article\",\"@id\":\"https:\\\/\\\/normandiemaine.cerfrance.fr\\\/latelier\\\/prix-du-lait-320-a-340-e-par-1-000-l-sur-lannee-civile-2021\\\/#article\",\"isPartOf\":{\"@id\":\"https:\\\/\\\/normandiemaine.cerfrance.fr\\\/latelier\\\/prix-du-lait-320-a-340-e-par-1-000-l-sur-lannee-civile-2021\\\/\"},\"author\":{\"name\":\"Lola\",\"@id\":\"https:\\\/\\\/normandiemaine.cerfrance.fr\\\/latelier\\\/#\\\/schema\\\/person\\\/9d5645901ac39987762b3b959a346f05\"},\"headline\":\"Prix du lait sur l\u2019ann\u00e9e civile 2021\",\"datePublished\":\"2021-06-30T14:24:24+00:00\",\"dateModified\":\"2022-07-13T10:12:37+00:00\",\"mainEntityOfPage\":{\"@id\":\"https:\\\/\\\/normandiemaine.cerfrance.fr\\\/latelier\\\/prix-du-lait-320-a-340-e-par-1-000-l-sur-lannee-civile-2021\\\/\"},\"wordCount\":429,\"publisher\":{\"@id\":\"https:\\\/\\\/normandiemaine.cerfrance.fr\\\/latelier\\\/#organization\"},\"image\":{\"@id\":\"https:\\\/\\\/normandiemaine.cerfrance.fr\\\/latelier\\\/prix-du-lait-320-a-340-e-par-1-000-l-sur-lannee-civile-2021\\\/#primaryimage\"},\"thumbnailUrl\":\"https:\\\/\\\/i0.wp.com\\\/normandiemaine.cerfrance.fr\\\/latelier\\\/wp-content\\\/uploads\\\/sites\\\/2\\\/2022\\\/07\\\/Prix-du-lait.jpg?fit=1200%2C800&ssl=1\",\"articleSection\":[\"Agriculture\",\"Conjoncture\",\"Lait\",\"Production animale\"],\"inLanguage\":\"fr-FR\"},{\"@type\":\"WebPage\",\"@id\":\"https:\\\/\\\/normandiemaine.cerfrance.fr\\\/latelier\\\/prix-du-lait-320-a-340-e-par-1-000-l-sur-lannee-civile-2021\\\/\",\"url\":\"https:\\\/\\\/normandiemaine.cerfrance.fr\\\/latelier\\\/prix-du-lait-320-a-340-e-par-1-000-l-sur-lannee-civile-2021\\\/\",\"name\":\"Prix du lait sur l\u2019ann\u00e9e civile 2021 - L&#039;Atelier des \u00e9tudes \u00e9conomiques\",\"isPartOf\":{\"@id\":\"https:\\\/\\\/normandiemaine.cerfrance.fr\\\/latelier\\\/#website\"},\"primaryImageOfPage\":{\"@id\":\"https:\\\/\\\/normandiemaine.cerfrance.fr\\\/latelier\\\/prix-du-lait-320-a-340-e-par-1-000-l-sur-lannee-civile-2021\\\/#primaryimage\"},\"image\":{\"@id\":\"https:\\\/\\\/normandiemaine.cerfrance.fr\\\/latelier\\\/prix-du-lait-320-a-340-e-par-1-000-l-sur-lannee-civile-2021\\\/#primaryimage\"},\"thumbnailUrl\":\"https:\\\/\\\/i0.wp.com\\\/normandiemaine.cerfrance.fr\\\/latelier\\\/wp-content\\\/uploads\\\/sites\\\/2\\\/2022\\\/07\\\/Prix-du-lait.jpg?fit=1200%2C800&ssl=1\",\"datePublished\":\"2021-06-30T14:24:24+00:00\",\"dateModified\":\"2022-07-13T10:12:37+00:00\",\"description\":\"Le prix du lait des cl\u00f4tures de fin 2021 va progresser pour se situer entre 320 \u20ac et 340 \u20ac les 1 000 litres\",\"breadcrumb\":{\"@id\":\"https:\\\/\\\/normandiemaine.cerfrance.fr\\\/latelier\\\/prix-du-lait-320-a-340-e-par-1-000-l-sur-lannee-civile-2021\\\/#breadcrumb\"},\"inLanguage\":\"fr-FR\",\"potentialAction\":[{\"@type\":\"ReadAction\",\"target\":[\"https:\\\/\\\/normandiemaine.cerfrance.fr\\\/latelier\\\/prix-du-lait-320-a-340-e-par-1-000-l-sur-lannee-civile-2021\\\/\"]}]},{\"@type\":\"ImageObject\",\"inLanguage\":\"fr-FR\",\"@id\":\"https:\\\/\\\/normandiemaine.cerfrance.fr\\\/latelier\\\/prix-du-lait-320-a-340-e-par-1-000-l-sur-lannee-civile-2021\\\/#primaryimage\",\"url\":\"https:\\\/\\\/i0.wp.com\\\/normandiemaine.cerfrance.fr\\\/latelier\\\/wp-content\\\/uploads\\\/sites\\\/2\\\/2022\\\/07\\\/Prix-du-lait.jpg?fit=1200%2C800&ssl=1\",\"contentUrl\":\"https:\\\/\\\/i0.wp.com\\\/normandiemaine.cerfrance.fr\\\/latelier\\\/wp-content\\\/uploads\\\/sites\\\/2\\\/2022\\\/07\\\/Prix-du-lait.jpg?fit=1200%2C800&ssl=1\",\"width\":1200,\"height\":800,\"caption\":\"Prix du lait\"},{\"@type\":\"BreadcrumbList\",\"@id\":\"https:\\\/\\\/normandiemaine.cerfrance.fr\\\/latelier\\\/prix-du-lait-320-a-340-e-par-1-000-l-sur-lannee-civile-2021\\\/#breadcrumb\",\"itemListElement\":[{\"@type\":\"ListItem\",\"position\":1,\"name\":\"Accueil\",\"item\":\"https:\\\/\\\/normandiemaine.cerfrance.fr\\\/latelier\\\/\"},{\"@type\":\"ListItem\",\"position\":2,\"name\":\"Prix du lait sur l\u2019ann\u00e9e civile 2021\"}]},{\"@type\":\"WebSite\",\"@id\":\"https:\\\/\\\/normandiemaine.cerfrance.fr\\\/latelier\\\/#website\",\"url\":\"https:\\\/\\\/normandiemaine.cerfrance.fr\\\/latelier\\\/\",\"name\":\"L&#039;Atelier des \u00e9tudes \u00e9conomiques\",\"description\":\"Un site du Cerfrance Normandie Maine\",\"publisher\":{\"@id\":\"https:\\\/\\\/normandiemaine.cerfrance.fr\\\/latelier\\\/#organization\"},\"potentialAction\":[{\"@type\":\"SearchAction\",\"target\":{\"@type\":\"EntryPoint\",\"urlTemplate\":\"https:\\\/\\\/normandiemaine.cerfrance.fr\\\/latelier\\\/?s={search_term_string}\"},\"query-input\":{\"@type\":\"PropertyValueSpecification\",\"valueRequired\":true,\"valueName\":\"search_term_string\"}}],\"inLanguage\":\"fr-FR\"},{\"@type\":\"Organization\",\"@id\":\"https:\\\/\\\/normandiemaine.cerfrance.fr\\\/latelier\\\/#organization\",\"name\":\"L&#039;Atelier des \u00e9tudes \u00e9conomiques\",\"url\":\"https:\\\/\\\/normandiemaine.cerfrance.fr\\\/latelier\\\/\",\"logo\":{\"@type\":\"ImageObject\",\"inLanguage\":\"fr-FR\",\"@id\":\"https:\\\/\\\/normandiemaine.cerfrance.fr\\\/latelier\\\/#\\\/schema\\\/logo\\\/image\\\/\",\"url\":\"https:\\\/\\\/i0.wp.com\\\/normandiemaine.cerfrance.fr\\\/latelier\\\/wp-content\\\/uploads\\\/sites\\\/2\\\/2020\\\/10\\\/Logo-atelier-2016.png?fit=400%2C195&ssl=1\",\"contentUrl\":\"https:\\\/\\\/i0.wp.com\\\/normandiemaine.cerfrance.fr\\\/latelier\\\/wp-content\\\/uploads\\\/sites\\\/2\\\/2020\\\/10\\\/Logo-atelier-2016.png?fit=400%2C195&ssl=1\",\"width\":400,\"height\":195,\"caption\":\"L&#039;Atelier des \u00e9tudes \u00e9conomiques\"},\"image\":{\"@id\":\"https:\\\/\\\/normandiemaine.cerfrance.fr\\\/latelier\\\/#\\\/schema\\\/logo\\\/image\\\/\"}},{\"@type\":\"Person\",\"@id\":\"https:\\\/\\\/normandiemaine.cerfrance.fr\\\/latelier\\\/#\\\/schema\\\/person\\\/9d5645901ac39987762b3b959a346f05\",\"name\":\"Lola\",\"image\":{\"@type\":\"ImageObject\",\"inLanguage\":\"fr-FR\",\"@id\":\"https:\\\/\\\/secure.gravatar.com\\\/avatar\\\/d107c1b0f7f9e6250c6c7f9239b8c025730a0a51e46eebc2e1e6a38220f74e7d?s=96&d=mm&r=g\",\"url\":\"https:\\\/\\\/secure.gravatar.com\\\/avatar\\\/d107c1b0f7f9e6250c6c7f9239b8c025730a0a51e46eebc2e1e6a38220f74e7d?s=96&d=mm&r=g\",\"contentUrl\":\"https:\\\/\\\/secure.gravatar.com\\\/avatar\\\/d107c1b0f7f9e6250c6c7f9239b8c025730a0a51e46eebc2e1e6a38220f74e7d?s=96&d=mm&r=g\",\"caption\":\"Lola\"},\"sameAs\":[\"lola\"],\"url\":\"https:\\\/\\\/normandiemaine.cerfrance.fr\\\/latelier\\\/author\\\/lola\\\/\"}]}<\/script>\n<!-- \/ Yoast SEO plugin. -->","yoast_head_json":{"title":"Prix du lait sur l\u2019ann\u00e9e civile 2021 - L&#039;Atelier des \u00e9tudes \u00e9conomiques","description":"Le prix du lait des cl\u00f4tures de fin 2021 va progresser pour se situer entre 320 \u20ac et 340 \u20ac les 1 000 litres","robots":{"index":"index","follow":"follow","max-snippet":"max-snippet:-1","max-image-preview":"max-image-preview:large","max-video-preview":"max-video-preview:-1"},"canonical":"https:\/\/normandiemaine.cerfrance.fr\/latelier\/prix-du-lait-320-a-340-e-par-1-000-l-sur-lannee-civile-2021\/","og_locale":"fr_FR","og_type":"article","og_title":"Prix du lait sur l\u2019ann\u00e9e civile 2021 - L&#039;Atelier des \u00e9tudes \u00e9conomiques","og_description":"Le prix du lait des cl\u00f4tures de fin 2021 va progresser pour se situer entre 320 \u20ac et 340 \u20ac les 1 000 litres","og_url":"https:\/\/normandiemaine.cerfrance.fr\/latelier\/prix-du-lait-320-a-340-e-par-1-000-l-sur-lannee-civile-2021\/","og_site_name":"L&#039;Atelier des \u00e9tudes \u00e9conomiques","article_published_time":"2021-06-30T14:24:24+00:00","article_modified_time":"2022-07-13T10:12:37+00:00","og_image":[{"width":1200,"height":800,"url":"https:\/\/normandiemaine.cerfrance.fr\/latelier\/wp-content\/uploads\/sites\/2\/2022\/07\/Prix-du-lait.jpg","type":"image\/jpeg"}],"author":"Lola","twitter_card":"summary_large_image","twitter_misc":{"\u00c9crit par":"Lola","Dur\u00e9e de lecture estim\u00e9e":"3 minutes"},"schema":{"@context":"https:\/\/schema.org","@graph":[{"@type":"Article","@id":"https:\/\/normandiemaine.cerfrance.fr\/latelier\/prix-du-lait-320-a-340-e-par-1-000-l-sur-lannee-civile-2021\/#article","isPartOf":{"@id":"https:\/\/normandiemaine.cerfrance.fr\/latelier\/prix-du-lait-320-a-340-e-par-1-000-l-sur-lannee-civile-2021\/"},"author":{"name":"Lola","@id":"https:\/\/normandiemaine.cerfrance.fr\/latelier\/#\/schema\/person\/9d5645901ac39987762b3b959a346f05"},"headline":"Prix du lait sur l\u2019ann\u00e9e civile 2021","datePublished":"2021-06-30T14:24:24+00:00","dateModified":"2022-07-13T10:12:37+00:00","mainEntityOfPage":{"@id":"https:\/\/normandiemaine.cerfrance.fr\/latelier\/prix-du-lait-320-a-340-e-par-1-000-l-sur-lannee-civile-2021\/"},"wordCount":429,"publisher":{"@id":"https:\/\/normandiemaine.cerfrance.fr\/latelier\/#organization"},"image":{"@id":"https:\/\/normandiemaine.cerfrance.fr\/latelier\/prix-du-lait-320-a-340-e-par-1-000-l-sur-lannee-civile-2021\/#primaryimage"},"thumbnailUrl":"https:\/\/i0.wp.com\/normandiemaine.cerfrance.fr\/latelier\/wp-content\/uploads\/sites\/2\/2022\/07\/Prix-du-lait.jpg?fit=1200%2C800&ssl=1","articleSection":["Agriculture","Conjoncture","Lait","Production animale"],"inLanguage":"fr-FR"},{"@type":"WebPage","@id":"https:\/\/normandiemaine.cerfrance.fr\/latelier\/prix-du-lait-320-a-340-e-par-1-000-l-sur-lannee-civile-2021\/","url":"https:\/\/normandiemaine.cerfrance.fr\/latelier\/prix-du-lait-320-a-340-e-par-1-000-l-sur-lannee-civile-2021\/","name":"Prix du lait sur l\u2019ann\u00e9e civile 2021 - L&#039;Atelier des \u00e9tudes \u00e9conomiques","isPartOf":{"@id":"https:\/\/normandiemaine.cerfrance.fr\/latelier\/#website"},"primaryImageOfPage":{"@id":"https:\/\/normandiemaine.cerfrance.fr\/latelier\/prix-du-lait-320-a-340-e-par-1-000-l-sur-lannee-civile-2021\/#primaryimage"},"image":{"@id":"https:\/\/normandiemaine.cerfrance.fr\/latelier\/prix-du-lait-320-a-340-e-par-1-000-l-sur-lannee-civile-2021\/#primaryimage"},"thumbnailUrl":"https:\/\/i0.wp.com\/normandiemaine.cerfrance.fr\/latelier\/wp-content\/uploads\/sites\/2\/2022\/07\/Prix-du-lait.jpg?fit=1200%2C800&ssl=1","datePublished":"2021-06-30T14:24:24+00:00","dateModified":"2022-07-13T10:12:37+00:00","description":"Le prix du lait des cl\u00f4tures de fin 2021 va progresser pour se situer entre 320 \u20ac et 340 \u20ac les 1 000 litres","breadcrumb":{"@id":"https:\/\/normandiemaine.cerfrance.fr\/latelier\/prix-du-lait-320-a-340-e-par-1-000-l-sur-lannee-civile-2021\/#breadcrumb"},"inLanguage":"fr-FR","potentialAction":[{"@type":"ReadAction","target":["https:\/\/normandiemaine.cerfrance.fr\/latelier\/prix-du-lait-320-a-340-e-par-1-000-l-sur-lannee-civile-2021\/"]}]},{"@type":"ImageObject","inLanguage":"fr-FR","@id":"https:\/\/normandiemaine.cerfrance.fr\/latelier\/prix-du-lait-320-a-340-e-par-1-000-l-sur-lannee-civile-2021\/#primaryimage","url":"https:\/\/i0.wp.com\/normandiemaine.cerfrance.fr\/latelier\/wp-content\/uploads\/sites\/2\/2022\/07\/Prix-du-lait.jpg?fit=1200%2C800&ssl=1","contentUrl":"https:\/\/i0.wp.com\/normandiemaine.cerfrance.fr\/latelier\/wp-content\/uploads\/sites\/2\/2022\/07\/Prix-du-lait.jpg?fit=1200%2C800&ssl=1","width":1200,"height":800,"caption":"Prix du lait"},{"@type":"BreadcrumbList","@id":"https:\/\/normandiemaine.cerfrance.fr\/latelier\/prix-du-lait-320-a-340-e-par-1-000-l-sur-lannee-civile-2021\/#breadcrumb","itemListElement":[{"@type":"ListItem","position":1,"name":"Accueil","item":"https:\/\/normandiemaine.cerfrance.fr\/latelier\/"},{"@type":"ListItem","position":2,"name":"Prix du lait sur l\u2019ann\u00e9e civile 2021"}]},{"@type":"WebSite","@id":"https:\/\/normandiemaine.cerfrance.fr\/latelier\/#website","url":"https:\/\/normandiemaine.cerfrance.fr\/latelier\/","name":"L&#039;Atelier des \u00e9tudes \u00e9conomiques","description":"Un site du Cerfrance Normandie Maine","publisher":{"@id":"https:\/\/normandiemaine.cerfrance.fr\/latelier\/#organization"},"potentialAction":[{"@type":"SearchAction","target":{"@type":"EntryPoint","urlTemplate":"https:\/\/normandiemaine.cerfrance.fr\/latelier\/?s={search_term_string}"},"query-input":{"@type":"PropertyValueSpecification","valueRequired":true,"valueName":"search_term_string"}}],"inLanguage":"fr-FR"},{"@type":"Organization","@id":"https:\/\/normandiemaine.cerfrance.fr\/latelier\/#organization","name":"L&#039;Atelier des \u00e9tudes \u00e9conomiques","url":"https:\/\/normandiemaine.cerfrance.fr\/latelier\/","logo":{"@type":"ImageObject","inLanguage":"fr-FR","@id":"https:\/\/normandiemaine.cerfrance.fr\/latelier\/#\/schema\/logo\/image\/","url":"https:\/\/i0.wp.com\/normandiemaine.cerfrance.fr\/latelier\/wp-content\/uploads\/sites\/2\/2020\/10\/Logo-atelier-2016.png?fit=400%2C195&ssl=1","contentUrl":"https:\/\/i0.wp.com\/normandiemaine.cerfrance.fr\/latelier\/wp-content\/uploads\/sites\/2\/2020\/10\/Logo-atelier-2016.png?fit=400%2C195&ssl=1","width":400,"height":195,"caption":"L&#039;Atelier des \u00e9tudes \u00e9conomiques"},"image":{"@id":"https:\/\/normandiemaine.cerfrance.fr\/latelier\/#\/schema\/logo\/image\/"}},{"@type":"Person","@id":"https:\/\/normandiemaine.cerfrance.fr\/latelier\/#\/schema\/person\/9d5645901ac39987762b3b959a346f05","name":"Lola","image":{"@type":"ImageObject","inLanguage":"fr-FR","@id":"https:\/\/secure.gravatar.com\/avatar\/d107c1b0f7f9e6250c6c7f9239b8c025730a0a51e46eebc2e1e6a38220f74e7d?s=96&d=mm&r=g","url":"https:\/\/secure.gravatar.com\/avatar\/d107c1b0f7f9e6250c6c7f9239b8c025730a0a51e46eebc2e1e6a38220f74e7d?s=96&d=mm&r=g","contentUrl":"https:\/\/secure.gravatar.com\/avatar\/d107c1b0f7f9e6250c6c7f9239b8c025730a0a51e46eebc2e1e6a38220f74e7d?s=96&d=mm&r=g","caption":"Lola"},"sameAs":["lola"],"url":"https:\/\/normandiemaine.cerfrance.fr\/latelier\/author\/lola\/"}]}},"jetpack_featured_media_url":"https:\/\/i0.wp.com\/normandiemaine.cerfrance.fr\/latelier\/wp-content\/uploads\/sites\/2\/2022\/07\/Prix-du-lait.jpg?fit=1200%2C800&ssl=1","jetpack_shortlink":"https:\/\/wp.me\/pcBSJA-qN","jetpack_sharing_enabled":true,"_links":{"self":[{"href":"https:\/\/normandiemaine.cerfrance.fr\/latelier\/wp-json\/wp\/v2\/posts\/1661","targetHints":{"allow":["GET"]}}],"collection":[{"href":"https:\/\/normandiemaine.cerfrance.fr\/latelier\/wp-json\/wp\/v2\/posts"}],"about":[{"href":"https:\/\/normandiemaine.cerfrance.fr\/latelier\/wp-json\/wp\/v2\/types\/post"}],"author":[{"embeddable":true,"href":"https:\/\/normandiemaine.cerfrance.fr\/latelier\/wp-json\/wp\/v2\/users\/4"}],"replies":[{"embeddable":true,"href":"https:\/\/normandiemaine.cerfrance.fr\/latelier\/wp-json\/wp\/v2\/comments?post=1661"}],"version-history":[{"count":5,"href":"https:\/\/normandiemaine.cerfrance.fr\/latelier\/wp-json\/wp\/v2\/posts\/1661\/revisions"}],"predecessor-version":[{"id":3174,"href":"https:\/\/normandiemaine.cerfrance.fr\/latelier\/wp-json\/wp\/v2\/posts\/1661\/revisions\/3174"}],"wp:featuredmedia":[{"embeddable":true,"href":"https:\/\/normandiemaine.cerfrance.fr\/latelier\/wp-json\/wp\/v2\/media\/3157"}],"wp:attachment":[{"href":"https:\/\/normandiemaine.cerfrance.fr\/latelier\/wp-json\/wp\/v2\/media?parent=1661"}],"wp:term":[{"taxonomy":"category","embeddable":true,"href":"https:\/\/normandiemaine.cerfrance.fr\/latelier\/wp-json\/wp\/v2\/categories?post=1661"},{"taxonomy":"post_tag","embeddable":true,"href":"https:\/\/normandiemaine.cerfrance.fr\/latelier\/wp-json\/wp\/v2\/tags?post=1661"}],"curies":[{"name":"wp","href":"https:\/\/api.w.org\/{rel}","templated":true}]}}