{"id":3967,"date":"2023-03-20T16:17:53","date_gmt":"2023-03-20T15:17:53","guid":{"rendered":"https:\/\/normandiemaine.cerfrance.fr\/latelier\/?p=3967"},"modified":"2023-03-20T16:17:54","modified_gmt":"2023-03-20T15:17:54","slug":"de-la-fourche-a-la-fourchette-mars-2023","status":"publish","type":"post","link":"https:\/\/normandiemaine.cerfrance.fr\/latelier\/de-la-fourche-a-la-fourchette-mars-2023\/","title":{"rendered":"De la fourche \u00e0 la fourchette | Mars 2023"},"content":{"rendered":"\n<h1 class=\"wp-block-heading\">Mars 2023 de la fourche \u00e0 la fourchette : trimestre anti-infation et agrivolta\u00efsme<\/h1>\n\n\n\n<p>Au sommaire de notre derni\u00e8re publication de la <strong>fourche \u00e0 la fourchette de mars 2023<\/strong> : <\/p>\n\n\n\n<ul class=\"wp-block-list\"><li>Le <strong>trimestre anti-inflation<\/strong><\/li><li>L&rsquo;<strong>agrivolta\u00efsme<\/strong> : une solution ?<\/li><\/ul>\n\n\n<div class=\"_3d-flip-book  fb3d-fullscreen-mode full-size\" data-id=\"3965\" data-mode=\"fullscreen\" data-title=\"false\" data-template=\"short-white-book-view\" data-lightbox=\"dark-shadow\" data-urlparam=\"fb3d-page\" data-page-n=\"0\" data-pdf=\"\" data-tax=\"null\" data-thumbnail=\"\" data-cols=\"3\" data-book-template=\"default\" data-trigger=\"\"><\/div><script type=\"text\/javascript\">window.FB3D_CLIENT_DATA = window.FB3D_CLIENT_DATA || [];FB3D_CLIENT_DATA.push('eyJwb3N0cyI6eyIzOTY1Ijp7IklEIjozOTY1LCJ0aXRsZSI6IkRlIGxhIGZvdXJjaGUgXHUwMGUwIGxhIGZvdXJjaGV0dGVfTWFycyAyMDIzIiwidHlwZSI6InBkZiIsInJlYWR5X2Z1bmN0aW9uIjoiIiwiYm9va19zdHlsZSI6ImZsYXQiLCJib29rX3RlbXBsYXRlIjoibm9uZSIsIm91dGxpbmUiOltdLCJkYXRhIjp7InBvc3RfSUQiOiIzOTY2IiwiZ3VpZCI6Imh0dHBzOlwvXC9ub3JtYW5kaWVtYWluZS5jZXJmcmFuY2UuZnJcL2xhdGVsaWVyXC93cC1jb250ZW50XC91cGxvYWRzXC9zaXRlc1wvMlwvMjAyM1wvMDNcL0RlLWxhLWZvdXJjaGUtYS1sYS1mb3VyY2hldHRlX01hcnMtMjAyMy5wZGYiLCJwZGZfcGFnZXMiOiIzIiwicGFnZXNfY3VzdG9taXphdGlvbiI6Im5vbmUifSwidGh1bWJuYWlsIjp7ImRhdGEiOnsicG9zdF9JRCI6IjAifSwidHlwZSI6ImF1dG8ifSwicHJvcHMiOnsiY2FjaGVkUGFnZXMiOiJhdXRvIiwicmVuZGVySW5hY3RpdmVQYWdlcyI6ImF1dG8iLCJyZW5kZXJJbmFjdGl2ZVBhZ2VzT25Nb2JpbGUiOiJhdXRvIiwicmVuZGVyV2hpbGVGbGlwcGluZyI6ImF1dG8iLCJwcmVsb2FkUGFnZXMiOiJhdXRvIiwicnRsIjoiYXV0byIsImludGVyYWN0aXZlQ29ybmVycyI6ImF1dG8iLCJzaGVldCI6eyJzdGFydFZlbG9jaXR5IjoiYXV0byIsIndhdmUiOiJhdXRvIiwic2hhcGUiOiJhdXRvIiwid2lkdGhUZXhlbHMiOiJhdXRvIiwiY29sb3IiOiJhdXRvIiwic2lkZSI6ImF1dG8iLCJjb3JuZXJEZXZpYXRpb24iOiJhdXRvIiwiZmxleGliaWxpdHkiOiJhdXRvIiwiZmxleGlibGVDb3JuZXIiOiJhdXRvIiwiYmVuZGluZyI6ImF1dG8iLCJoZWlnaHRUZXhlbHMiOiJhdXRvIn0sImNvdmVyIjp7IndhdmUiOiJhdXRvIiwiY29sb3IiOiJhdXRvIiwiYmluZGVyVGV4dHVyZSI6ImF1dG8iLCJkZXB0aCI6ImF1dG8iLCJwYWRkaW5nIjoiYXV0byIsInN0YXJ0VmVsb2NpdHkiOiJhdXRvIiwiZmxleGliaWxpdHkiOiJhdXRvIiwiZmxleGlibGVDb3JuZXIiOiJhdXRvIiwiYmVuZGluZyI6ImF1dG8iLCJ3aWR0aFRleGVscyI6ImF1dG8iLCJoZWlnaHRUZXhlbHMiOiJhdXRvIiwibWFzcyI6ImF1dG8iLCJzaWRlIjoiYXV0byIsInNoYXBlIjoiYXV0byJ9LCJwYWdlIjp7IndhdmUiOiJhdXRvIiwiY29sb3IiOiJhdXRvIiwiZGVwdGgiOiJhdXRvIiwic3RhcnRWZWxvY2l0eSI6ImF1dG8iLCJmbGV4aWJpbGl0eSI6ImF1dG8iLCJmbGV4aWJsZUNvcm5lciI6ImF1dG8iLCJiZW5kaW5nIjoiYXV0byIsIndpZHRoVGV4ZWxzIjoiYXV0byIsImhlaWdodFRleGVscyI6ImF1dG8iLCJtYXNzIjoiYXV0byIsInNpZGUiOiJhdXRvIiwic2hhcGUiOiJhdXRvIn0sImhlaWdodCI6ImF1dG8iLCJ3aWR0aCI6ImF1dG8iLCJncmF2aXR5IjoiYXV0byIsInBhZ2VzRm9yUHJlZGljdGluZyI6ImF1dG8ifSwiY29udHJvbFByb3BzIjp7ImFjdGlvbnMiOnsiY21kU2F2ZSI6eyJlbmFibGVkIjoiYXV0byIsImVuYWJsZWRJbk5hcnJvdyI6ImF1dG8ifSwiY21kUHJpbnQiOnsiZW5hYmxlZCI6ImF1dG8iLCJlbmFibGVkSW5OYXJyb3ciOiJhdXRvIn0sImNtZFNpbmdsZVBhZ2UiOnsiZW5hYmxlZCI6ImF1dG8iLCJlbmFibGVkSW5OYXJyb3ciOiJhdXRvIiwiYWN0aXZlIjoiYXV0byIsImFjdGl2ZUZvck1vYmlsZSI6ImF1dG8ifX19LCJhdXRvVGh1bWJuYWlsIjoiaHR0cHM6XC9cL25vcm1hbmRpZW1haW5lLmNlcmZyYW5jZS5mclwvbGF0ZWxpZXJcL3dwLWNvbnRlbnRcL3VwbG9hZHNcL3NpdGVzXC8yXC8zZC1mbGlwLWJvb2tcL2F1dG8tdGh1bWJuYWlsc1wvMzk2NS5wbmciLCJwb3N0X25hbWUiOiJmb3VyY2hlLWZvdXJjaGV0dGUtbWFycy0yMDIzIiwicG9zdF90eXBlIjoiM2QtZmxpcC1ib29rIn19LCJwYWdlcyI6W10sImZpcnN0UGFnZXMiOltdfQ==');window.FB3D_CLIENT_LOCALE && FB3D_CLIENT_LOCALE.render && FB3D_CLIENT_LOCALE.render();<\/script>\n\n\n\n<h2 class=\"wp-block-heading\">Le trimestre anti-inflation<\/h2>\n\n\n\n<figure class=\"wp-block-image aligncenter size-large\"><img data-recalc-dims=\"1\" fetchpriority=\"high\" decoding=\"async\" width=\"1024\" height=\"683\" src=\"https:\/\/i0.wp.com\/normandiemaine.cerfrance.fr\/latelier\/wp-content\/uploads\/sites\/2\/2023\/03\/trimestre-anti-inflation.png?resize=1024%2C683&#038;ssl=1\" alt=\"Bruno Le Maire a annonc\u00e9 d\u00e9but mars le lancement d'un \u00ab\u00a0trimestre anti-inflation\u00a0\u00bb\" class=\"wp-image-3970\" srcset=\"https:\/\/i0.wp.com\/normandiemaine.cerfrance.fr\/latelier\/wp-content\/uploads\/sites\/2\/2023\/03\/trimestre-anti-inflation.png?resize=1024%2C683&amp;ssl=1 1024w, https:\/\/i0.wp.com\/normandiemaine.cerfrance.fr\/latelier\/wp-content\/uploads\/sites\/2\/2023\/03\/trimestre-anti-inflation.png?resize=300%2C200&amp;ssl=1 300w, https:\/\/i0.wp.com\/normandiemaine.cerfrance.fr\/latelier\/wp-content\/uploads\/sites\/2\/2023\/03\/trimestre-anti-inflation.png?resize=768%2C512&amp;ssl=1 768w, https:\/\/i0.wp.com\/normandiemaine.cerfrance.fr\/latelier\/wp-content\/uploads\/sites\/2\/2023\/03\/trimestre-anti-inflation.png?w=1200&amp;ssl=1 1200w\" sizes=\"(max-width: 1000px) 100vw, 1000px\" \/><figcaption>Bruno Le Maire a annonc\u00e9 d\u00e9but mars le lancement d&rsquo;un \u00ab\u00a0trimestre anti-inflation\u00a0\u00bb<\/figcaption><\/figure>\n\n\n\n<h3 class=\"wp-block-heading\">Lancement d&rsquo;un \u00ab\u00a0trimestre anti-inflation\u00a0\u00bb<\/h3>\n\n\n\n<p><strong>Bruno Le Maire a annonc\u00e9 d\u00e9but mars le lancement d&rsquo;un \u00ab\u00a0<a href=\"https:\/\/www.gouvernement.fr\/actualite\/la-grande-distribution-sengage-a-mettre-en-place-un-trimestre-anti-inflation\" target=\"_blank\" rel=\"noreferrer noopener\">trimestre anti-inflation<\/a>\u00a0\u00bb, fruit d&rsquo;un accord avec les distributeurs qui se sont engag\u00e9s \u00e0 proposer les prix \u00ab\u00a0les plus bas possibles\u00a0\u00bb jusqu&rsquo;en juin sur une s\u00e9lection de produits \u00e0 leur discr\u00e9tion.<\/strong><\/p>\n\n\n\n<p>Apr\u00e8s la fin des n\u00e9gociations commerciales annuelles entre les supermarch\u00e9s et l&rsquo;industrie agroalimentaire. On ignore encore pr\u00e9cis\u00e9ment de quel ordre sera la hausse des prix. Mais <strong>la facture va grimper pour tout le monde (+\u00a010 \u00e0 12\u00a0%)<\/strong>. Ces n\u00e9gociations ont pour but de fixer chaque ann\u00e9e le prix et les conditions auxquelles les grandes surfaces s&rsquo;approvisionneront aupr\u00e8s des industriels. Les industriels souhaitent r\u00e9percuter la flamb\u00e9e de leurs co\u00fbts de production et payer les \u00e9leveurs \u00e0 leur juste prix, subissant eux aussi une hausse des<em> co\u00fbts de production des agriculteurs sur la derni\u00e8re ann\u00e9e, <\/em><strong>c&rsquo;est 18\u00a0% de hausse de charges<\/strong><em>.<\/em><\/p>\n\n\n\n<p><strong>Dans ce contexte, l<\/strong>e gouvernement souhaite mettre en place dans les prochains mois un \u00ab&nbsp;<strong>ch\u00e8que alimentaire<\/strong>&nbsp;\u00bb <strong>pour les m\u00e9nages les plus modestes<\/strong>, avec la collaboration des enseignes de la grande distribution.<\/p>\n\n\n\n<p>Ce dispositif vient remplacer le projet de \u00ab\u00a0panier anti-inflation\u00a0\u00bb, abandonn\u00e9 faute d\u2019accord au sein de la grande distribution sur une liste de produits commune \u00e0 toutes les enseignes.<\/p>\n\n\n\n<h3 class=\"wp-block-heading\">Qu&rsquo;est ce que le \u00ab\u00a0trimestre anti-inflation\u00a0\u00bb ?<\/h3>\n\n\n\n<p>Concr\u00e8tement, les supermarch\u00e9s s\u2019engagent \u00e0 vendre en rayons des centaines de produits <strong>aux prix les plus bas possibles<\/strong>, en rognant sur leurs marges, pendant trois mois. Chaque distributeur reste libre de d\u00e9finir sa liste de produits \u00e0 <strong>prix cass\u00e9s.<\/strong> Ils seront identifiables gr\u00e2ce \u00e0 un logo tricolore \u00ab\u00a0trimestre anti-inflation\u00a0\u00bb. L\u2019essentiel des op\u00e9rations commerciales portera sur les produits de marque distributeur. Sur lesquelles les enseignes ont le plus de \u00ab\u00a0latitude\u00a0\u00bb pour fixer les prix.\u00a0<\/p>\n\n\n\n<p>\u00c0 l\u2019issue de ce \u00ab&nbsp;trimestre anti-inflation&nbsp;\u00bb, les n\u00e9gociations commerciales reprendront normalement avec les grands industriels de fa\u00e7on \u00e0 ce que la baisse des prix de gros, observ\u00e9e sur les march\u00e9s mais qui n\u2019est pas encore transmise aux produits de consommation courante, puisse se traduire sur les produits du quotidien.<\/p>\n\n\n\n<p>Face \u00e0 l\u2019inflation alimentaire qui a atteint 14,5&nbsp;% sur un an en f\u00e9vrier selon l\u2019Insee, le gouvernement cherchait depuis plusieurs mois un m\u00e9canisme de soutien au pouvoir d\u2019achat.<\/p>\n\n\n\n<p>Le but est de mieux r\u00e9mun\u00e9rer les agriculteurs et les industriels, mais aussi de pr\u00e9server le pouvoir d\u2019achats des m\u00e9nages.<\/p>\n\n\n\n<h2 class=\"wp-block-heading\">L\u2019agrivolta\u00efsme\u00a0: une solution\u00a0?<\/h2>\n\n\n\n<p>Dans le <strong>contexte de l\u2019envol\u00e9e des prix de l\u2019\u00e9nergie et du changement climatique<\/strong>, le Parlement veut acc\u00e9l\u00e9rer le <strong>d\u00e9ploiement de panneaux solaires dans les champs<\/strong>. Au croisement de l\u2019agriculture et de la production d\u2019\u00e9nergie, l&rsquo;agrivolta\u00efsme consiste \u00e0 produire de l&rsquo;\u00e9lectricit\u00e9 \u00e0 partir de panneaux photovolta\u00efques implant\u00e9s sur des parcelles agricoles. L&rsquo;agrivolta\u00efsme, concept r\u00e9cent, a d\u00e9sormais une <strong>d\u00e9finition l\u00e9gale centr\u00e9e sur le principe de synergie entre l&rsquo;activit\u00e9 agricole et la production d&rsquo;\u00e9lectricit\u00e9 verte.<\/strong><\/p>\n\n\n\n<h3 class=\"wp-block-heading\">Enfin une premi\u00e8re d\u00e9finition, mais avec des questions en suspens<\/h3>\n\n\n\n<p>Aujourd&rsquo;hui, les d\u00e9bats techniques se poursuivent&nbsp;: o\u00f9 autoriser l\u2019agrivolta\u00efsme&nbsp;? Comment l\u2019autoriser&nbsp;? Comment \u00e9viter que cela cr\u00e9e de la sp\u00e9culation sur les terres agricoles&nbsp;? La loi interdit les panneaux photovolta\u00efques au sol sur les terrains agricoles, sauf pour des friches de tr\u00e8s longue dur\u00e9e, \u00e0 savoir des terrains agricoles qui seraient abandonn\u00e9s depuis longtemps. La loi n&rsquo;autorise que <strong>l&rsquo;agrivolta\u00efsme, d\u00e9fini comme un outil au service de la production agricole pour la prot\u00e9ger contre le changement climatique.<\/strong><\/p>\n\n\n\n<p>Pour l\u2019installation, les panneaux doivent apporter au moins un des services suivants\u00a0: <\/p>\n\n\n\n<ul class=\"wp-block-list\"><li><strong>l\u2019am\u00e9lioration du potentiel et de l\u2019impact agronomique<\/strong> (rendement et qualit\u00e9)\u00a0; <\/li><li><strong>l\u2019adaptation au changement climatique\u00a0; <\/strong><\/li><li><strong>la protection contre les al\u00e9as<\/strong> (gel, gr\u00eale, temp\u00e9ratures \u00e9lev\u00e9es, abri animaux en cas de fortes chaleurs)\u00a0; <\/li><li>l\u2019installation doit <strong>garantir une production significative et un revenu durable<\/strong>.<\/li><\/ul>\n\n\n\n<p>Cependant des questions restent en suspens, et notamment la r\u00e9mun\u00e9ration et le partage de la valeur entre les diff\u00e9rents acteurs (propri\u00e9taires, fermiers exploitants, \u00e9nerg\u00e9ticiens).<\/p>\n\n\n\n<p>Cette d\u00e9finition devrait acc\u00e9l\u00e9rer l<strong>e d\u00e9ploiement de l\u2019agrivolta\u00efsme<\/strong> qui dispose <strong>d\u2019un potentiel consid\u00e9rable en France <\/strong>selon l\u2019INRAE.<\/p>\n\n\n\n<h3 class=\"wp-block-heading\">\u00a0Un d\u00e9ploiement attendu d\u2019ici les prochaines ann\u00e9es<\/h3>\n\n\n\n<p>Des simulations montrent qu&rsquo;avec moins de 2\u00a0% de la surface agricole utilis\u00e9e en France (30 millions d&rsquo;hectares). Il serait possible de produire autant d&rsquo;\u00e9lectricit\u00e9 que le parc nucl\u00e9aire fran\u00e7ais actuel selon Christian Dupraz, chercheur \u00e0 l\u2019INRAE. La programmation pluriannuelle de l\u2019\u00e9nergie (PPE) a d\u00e9fini des objectifs ambitieux. Elle pr\u00e9voit passer d\u2019un parc photovolta\u00efque d\u2019une puissance de 14 GW en 2022 \u00e0 au moins 35 GW en 2028.<\/p>\n\n\n\n<p>Les innovations se multiplient\u00a0: panneaux mobiles, pliables, s\u2019adaptant aux serres ou \u00e0 la culture en plein champ et transformant le reste en \u00e9lectricit\u00e9. Une cinquantaine de centrales agrivolta\u00efques en France sont en service ou en construction avec des d\u00e9monstrateurs. Cela permet la collecte de donn\u00e9es pour mesurer les impacts de ces nouvelles pratiques.<\/p>\n\n\n\n<figure class=\"wp-block-image aligncenter size-full\"><img data-recalc-dims=\"1\" decoding=\"async\" width=\"406\" height=\"305\" src=\"https:\/\/i0.wp.com\/normandiemaine.cerfrance.fr\/latelier\/wp-content\/uploads\/sites\/2\/2023\/03\/solutions-pour-concilier-production-energie-photovoltaique-au-sol-et-actvities-agricoles.png?resize=406%2C305&#038;ssl=1\" alt=\"Les solutions existent pour concilier production d'\u00e9nergie photovolta\u00efque au sol et activit\u00e9s agricoles\" class=\"wp-image-3971\" srcset=\"https:\/\/i0.wp.com\/normandiemaine.cerfrance.fr\/latelier\/wp-content\/uploads\/sites\/2\/2023\/03\/solutions-pour-concilier-production-energie-photovoltaique-au-sol-et-actvities-agricoles.png?w=406&amp;ssl=1 406w, https:\/\/i0.wp.com\/normandiemaine.cerfrance.fr\/latelier\/wp-content\/uploads\/sites\/2\/2023\/03\/solutions-pour-concilier-production-energie-photovoltaique-au-sol-et-actvities-agricoles.png?resize=300%2C225&amp;ssl=1 300w\" sizes=\"(max-width: 406px) 100vw, 406px\" \/><figcaption>Les solutions existent pour concilier production d&rsquo;\u00e9nergie photovolta\u00efque au sol et activit\u00e9s agricoles<\/figcaption><\/figure>\n\n\n\n<h3 class=\"wp-block-heading\">\u00a0Voici quelques exemples<\/h3>\n\n\n\n<h4 class=\"wp-block-heading\">Une canop\u00e9e solaire pour climatiser des c\u00e9r\u00e9ales de TSE<\/h4>\n\n\n\n<p>En 2022, l\u2019op\u00e9rateur TSE a inaugur\u00e9 sa premi\u00e8re canop\u00e9e solaire agricole en Haute-Sa\u00f4ne. Au c\u0153ur d\u2019une exploitation de 850\u00a0hectares, l\u2019ombri\u00e8re d\u2019une puissance de 2,4\u00a0MW couvre une surface de trois\u00a0hectares o\u00f9 sont cultiv\u00e9s soja, bl\u00e9, seigle fourrager, orge d\u2019hiver, colza&#8230; Les panneaux solaires suivant l\u2019axe du soleil d\u2019est en ouest, l\u2019installation doit att\u00e9nuer les stress thermiques et hydriques. <strong><br><\/strong><\/p>\n\n\n\n<h4 class=\"wp-block-heading\">Une haie solaire au milieu des vaches<\/h4>\n\n\n\n<p>Avec l\u2019INRAE, Engie Green a install\u00e9 neuf haies compos\u00e9es de 252 panneaux verticaux bifaciaux orient\u00e9s est-ouest, sur une prairie d\u2019un hectare. Les panneaux solaires cohabitent avec des bovins. Ils doivent produire 100\u00a0MWh par an. 50 capteurs agronomiques et m\u00e9t\u00e9orologi-ques assureront le suivi pendant l\u2019exp\u00e9rimentation.\u00a0\u00a0\u00a0 <strong><br><\/strong><\/p>\n\n\n\n<h4 class=\"wp-block-heading\">Des moutons paissent \u00e0 l\u2019ombre en Ari\u00e8ge avec Arkolia<\/h4>\n\n\n\n<p>Depuis 2014, cette centrale solaire install\u00e9e par Arkolia \u00c9nergies occupe 7,8\u00a0hectares et un p\u00e2turage de 25,5\u00a0ha. Cette installation couvre 36\u00a0% des besoins en fourragers des 130 brebis et 19\u00a0% des besoins de l\u2019ensemble des cheptels, dont dix vaches, dix chevaux et dix truies.<\/p>\n\n\n\n<h4 class=\"wp-block-heading\">Une exp\u00e9rimentation en Normandie en 2023<\/h4>\n\n\n\n<p>En Normandie, deux projets similaires devraient voir le jour d\u2019ici l\u2019automne 2023 avec une production de vaches qui vont brouter en dessous. Il s\u2019agit de mesurer l\u2019impact des ombri\u00e8res sur le comportement des vaches, la qualit\u00e9 du lait, la pousse de l\u2019herbe mais aussi sur les cultures de c\u00e9r\u00e9ales et de l\u00e9gumineuses en lien avec l\u2019\u00e9volution climatique. Ces deux exp\u00e9rimentations et les r\u00e9sultats serviront ensuite pour les agriculteurs de tout l&rsquo;ouest de la France.<\/p>\n\n\n\n<h3 class=\"wp-block-heading\">Des d\u00e9crets \u00e0 venir pour \u00e9viter toutes d\u00e9rives\u00a0?<\/h3>\n\n\n\n<p>Des voix s\u2019\u00e9l\u00e8vent avec <strong>des craintes<\/strong> que la production d\u2019\u00e9nergie prenne le pas sur la production agricole, menant \u00e0 une <strong>artificialisation d\u00e9guis\u00e9e des sols, avec des cons\u00e9quences sur les prix du foncier, la productivit\u00e9 des exploitations et la transmission des entreprises<\/strong>.<\/p>\n\n\n\n<p>D\u2019autres estiment que les objectifs de la PPE sont largement atteignables par les installations sur les toitures, les parkings, les friches industrielles et surfaces non agricoles (\u00e0 partir des estimations de l\u2019ADEME). \u00c0 ce jour, les impacts sont encore peu connus sur la perte de rendements avec le facteur limitant de la lumi\u00e8re sur la croissance des plantes, la concentration de la pluviom\u00e9trie suite au ruissellement sur les panneaux, etc.<\/p>\n\n\n\n<p>&nbsp;<strong>Il est primordial d\u2019associer l\u2019agriculteur au d\u00e9veloppement du projet pour \u00eatre en coh\u00e9rence avec ses pratiques.<\/strong><\/p>\n\n\n\n<p>Les surfaces concern\u00e9es par ces projets sont encore limit\u00e9es, mais les ambitions \u00e9nerg\u00e9tiques fran\u00e7aises risquent de changer la donne. Les d\u00e9crets \u00e0 venir devront \u00eatre pr\u00e9cis afin de pr\u00e9venir toutes d\u00e9rives.<\/p>\n\n\n\n<p>Retrouvez toutes nos fourches \u00e0 la fourchette <a href=\"https:\/\/normandiemaine.cerfrance.fr\/latelier\/category\/de-la-fourche-a-la-fourchette\/\" target=\"_blank\" rel=\"noreferrer noopener\">sur notre site internet<\/a>.<\/p>\n","protected":false},"excerpt":{"rendered":"<p>Au sommaire : trimestre anti-infation et agrivolta\u00efsme<\/p>\n","protected":false},"author":4,"featured_media":3969,"comment_status":"closed","ping_status":"closed","sticky":false,"template":"","format":"standard","meta":{"site-sidebar-layout":"default","site-content-layout":"","ast-site-content-layout":"default","site-content-style":"default","site-sidebar-style":"default","ast-global-header-display":"","ast-banner-title-visibility":"","ast-main-header-display":"","ast-hfb-above-header-display":"","ast-hfb-below-header-display":"","ast-hfb-mobile-header-display":"","site-post-title":"","ast-breadcrumbs-content":"","ast-featured-img":"","footer-sml-layout":"","ast-disable-related-posts":"","theme-transparent-header-meta":"","adv-header-id-meta":"","stick-header-meta":"","header-above-stick-meta":"","header-main-stick-meta":"","header-below-stick-meta":"","astra-migrate-meta-layouts":"default","ast-page-background-enabled":"default","ast-page-background-meta":{"desktop":{"background-color":"","background-image":"","background-repeat":"repeat","background-position":"center center","background-size":"auto","background-attachment":"scroll","background-type":"","background-media":"","overlay-type":"","overlay-color":"","overlay-opacity":"","overlay-gradient":""},"tablet":{"background-color":"","background-image":"","background-repeat":"repeat","background-position":"center center","background-size":"auto","background-attachment":"scroll","background-type":"","background-media":"","overlay-type":"","overlay-color":"","overlay-opacity":"","overlay-gradient":""},"mobile":{"background-color":"","background-image":"","background-repeat":"repeat","background-position":"center center","background-size":"auto","background-attachment":"scroll","background-type":"","background-media":"","overlay-type":"","overlay-color":"","overlay-opacity":"","overlay-gradient":""}},"ast-content-background-meta":{"desktop":{"background-color":"var(--ast-global-color-5)","background-image":"","background-repeat":"repeat","background-position":"center center","background-size":"auto","background-attachment":"scroll","background-type":"","background-media":"","overlay-type":"","overlay-color":"","overlay-opacity":"","overlay-gradient":""},"tablet":{"background-color":"var(--ast-global-color-5)","background-image":"","background-repeat":"repeat","background-position":"center center","background-size":"auto","background-attachment":"scroll","background-type":"","background-media":"","overlay-type":"","overlay-color":"","overlay-opacity":"","overlay-gradient":""},"mobile":{"background-color":"var(--ast-global-color-5)","background-image":"","background-repeat":"repeat","background-position":"center center","background-size":"auto","background-attachment":"scroll","background-type":"","background-media":"","overlay-type":"","overlay-color":"","overlay-opacity":"","overlay-gradient":""}},"_jetpack_memberships_contains_paid_content":false,"footnotes":""},"categories":[133],"tags":[],"class_list":["post-3967","post","type-post","status-publish","format-standard","has-post-thumbnail","hentry","category-de-la-fourche-a-la-fourchette"],"yoast_head":"<!-- This site is optimized with the Yoast SEO plugin v27.5 - https:\/\/yoast.com\/product\/yoast-seo-wordpress\/ -->\n<title>De la fourche \u00e0 la fourchette | Mars 2023<\/title>\n<meta name=\"description\" content=\"Au sommaire de la fourche \u00e0 la fourchette du mois de mars 2023 un point sur le trimestre anti-infation et l&#039;agrivolta\u00efsme\" \/>\n<meta name=\"robots\" content=\"index, follow, max-snippet:-1, max-image-preview:large, max-video-preview:-1\" \/>\n<link rel=\"canonical\" href=\"https:\/\/normandiemaine.cerfrance.fr\/latelier\/de-la-fourche-a-la-fourchette-mars-2023\/\" \/>\n<meta property=\"og:locale\" content=\"fr_FR\" \/>\n<meta property=\"og:type\" content=\"article\" \/>\n<meta property=\"og:title\" content=\"De la fourche \u00e0 la fourchette | Mars 2023\" \/>\n<meta property=\"og:description\" content=\"Au sommaire de la fourche \u00e0 la fourchette du mois de mars 2023 un point sur le trimestre anti-infation et l&#039;agrivolta\u00efsme\" \/>\n<meta property=\"og:url\" content=\"https:\/\/normandiemaine.cerfrance.fr\/latelier\/de-la-fourche-a-la-fourchette-mars-2023\/\" \/>\n<meta property=\"og:site_name\" content=\"L&#039;Atelier des \u00e9tudes \u00e9conomiques\" \/>\n<meta property=\"article:published_time\" content=\"2023-03-20T15:17:53+00:00\" \/>\n<meta property=\"article:modified_time\" content=\"2023-03-20T15:17:54+00:00\" \/>\n<meta property=\"og:image\" content=\"https:\/\/normandiemaine.cerfrance.fr\/latelier\/wp-content\/uploads\/sites\/2\/2023\/03\/fourche-fourchette-mars-2023.png\" \/>\n\t<meta property=\"og:image:width\" content=\"1200\" \/>\n\t<meta property=\"og:image:height\" content=\"800\" \/>\n\t<meta property=\"og:image:type\" content=\"image\/png\" \/>\n<meta name=\"author\" content=\"Lola\" \/>\n<meta name=\"twitter:card\" content=\"summary_large_image\" \/>\n<meta name=\"twitter:label1\" content=\"\u00c9crit par\" \/>\n\t<meta name=\"twitter:data1\" content=\"Lola\" \/>\n\t<meta name=\"twitter:label2\" content=\"Dur\u00e9e de lecture estim\u00e9e\" \/>\n\t<meta name=\"twitter:data2\" content=\"7 minutes\" \/>\n<script type=\"application\/ld+json\" class=\"yoast-schema-graph\">{\"@context\":\"https:\\\/\\\/schema.org\",\"@graph\":[{\"@type\":\"Article\",\"@id\":\"https:\\\/\\\/normandiemaine.cerfrance.fr\\\/latelier\\\/de-la-fourche-a-la-fourchette-mars-2023\\\/#article\",\"isPartOf\":{\"@id\":\"https:\\\/\\\/normandiemaine.cerfrance.fr\\\/latelier\\\/de-la-fourche-a-la-fourchette-mars-2023\\\/\"},\"author\":{\"name\":\"Lola\",\"@id\":\"https:\\\/\\\/normandiemaine.cerfrance.fr\\\/latelier\\\/#\\\/schema\\\/person\\\/9d5645901ac39987762b3b959a346f05\"},\"headline\":\"De la fourche \u00e0 la fourchette | Mars 2023\",\"datePublished\":\"2023-03-20T15:17:53+00:00\",\"dateModified\":\"2023-03-20T15:17:54+00:00\",\"mainEntityOfPage\":{\"@id\":\"https:\\\/\\\/normandiemaine.cerfrance.fr\\\/latelier\\\/de-la-fourche-a-la-fourchette-mars-2023\\\/\"},\"wordCount\":1439,\"publisher\":{\"@id\":\"https:\\\/\\\/normandiemaine.cerfrance.fr\\\/latelier\\\/#organization\"},\"image\":{\"@id\":\"https:\\\/\\\/normandiemaine.cerfrance.fr\\\/latelier\\\/de-la-fourche-a-la-fourchette-mars-2023\\\/#primaryimage\"},\"thumbnailUrl\":\"https:\\\/\\\/i0.wp.com\\\/normandiemaine.cerfrance.fr\\\/latelier\\\/wp-content\\\/uploads\\\/sites\\\/2\\\/2023\\\/03\\\/fourche-fourchette-mars-2023.png?fit=1200%2C800&ssl=1\",\"articleSection\":[\"De la Fourche \u00e0 la Fourchette\"],\"inLanguage\":\"fr-FR\"},{\"@type\":\"WebPage\",\"@id\":\"https:\\\/\\\/normandiemaine.cerfrance.fr\\\/latelier\\\/de-la-fourche-a-la-fourchette-mars-2023\\\/\",\"url\":\"https:\\\/\\\/normandiemaine.cerfrance.fr\\\/latelier\\\/de-la-fourche-a-la-fourchette-mars-2023\\\/\",\"name\":\"De la fourche \u00e0 la fourchette | Mars 2023\",\"isPartOf\":{\"@id\":\"https:\\\/\\\/normandiemaine.cerfrance.fr\\\/latelier\\\/#website\"},\"primaryImageOfPage\":{\"@id\":\"https:\\\/\\\/normandiemaine.cerfrance.fr\\\/latelier\\\/de-la-fourche-a-la-fourchette-mars-2023\\\/#primaryimage\"},\"image\":{\"@id\":\"https:\\\/\\\/normandiemaine.cerfrance.fr\\\/latelier\\\/de-la-fourche-a-la-fourchette-mars-2023\\\/#primaryimage\"},\"thumbnailUrl\":\"https:\\\/\\\/i0.wp.com\\\/normandiemaine.cerfrance.fr\\\/latelier\\\/wp-content\\\/uploads\\\/sites\\\/2\\\/2023\\\/03\\\/fourche-fourchette-mars-2023.png?fit=1200%2C800&ssl=1\",\"datePublished\":\"2023-03-20T15:17:53+00:00\",\"dateModified\":\"2023-03-20T15:17:54+00:00\",\"description\":\"Au sommaire de la fourche \u00e0 la fourchette du mois de mars 2023 un point sur le trimestre anti-infation et l'agrivolta\u00efsme\",\"breadcrumb\":{\"@id\":\"https:\\\/\\\/normandiemaine.cerfrance.fr\\\/latelier\\\/de-la-fourche-a-la-fourchette-mars-2023\\\/#breadcrumb\"},\"inLanguage\":\"fr-FR\",\"potentialAction\":[{\"@type\":\"ReadAction\",\"target\":[\"https:\\\/\\\/normandiemaine.cerfrance.fr\\\/latelier\\\/de-la-fourche-a-la-fourchette-mars-2023\\\/\"]}]},{\"@type\":\"ImageObject\",\"inLanguage\":\"fr-FR\",\"@id\":\"https:\\\/\\\/normandiemaine.cerfrance.fr\\\/latelier\\\/de-la-fourche-a-la-fourchette-mars-2023\\\/#primaryimage\",\"url\":\"https:\\\/\\\/i0.wp.com\\\/normandiemaine.cerfrance.fr\\\/latelier\\\/wp-content\\\/uploads\\\/sites\\\/2\\\/2023\\\/03\\\/fourche-fourchette-mars-2023.png?fit=1200%2C800&ssl=1\",\"contentUrl\":\"https:\\\/\\\/i0.wp.com\\\/normandiemaine.cerfrance.fr\\\/latelier\\\/wp-content\\\/uploads\\\/sites\\\/2\\\/2023\\\/03\\\/fourche-fourchette-mars-2023.png?fit=1200%2C800&ssl=1\",\"width\":1200,\"height\":800,\"caption\":\"De la fourche \u00e0 la fourchette de mars 2023\"},{\"@type\":\"BreadcrumbList\",\"@id\":\"https:\\\/\\\/normandiemaine.cerfrance.fr\\\/latelier\\\/de-la-fourche-a-la-fourchette-mars-2023\\\/#breadcrumb\",\"itemListElement\":[{\"@type\":\"ListItem\",\"position\":1,\"name\":\"Accueil\",\"item\":\"https:\\\/\\\/normandiemaine.cerfrance.fr\\\/latelier\\\/\"},{\"@type\":\"ListItem\",\"position\":2,\"name\":\"De la fourche \u00e0 la fourchette | Mars 2023\"}]},{\"@type\":\"WebSite\",\"@id\":\"https:\\\/\\\/normandiemaine.cerfrance.fr\\\/latelier\\\/#website\",\"url\":\"https:\\\/\\\/normandiemaine.cerfrance.fr\\\/latelier\\\/\",\"name\":\"L&#039;Atelier des \u00e9tudes \u00e9conomiques\",\"description\":\"Un site du Cerfrance Normandie Maine\",\"publisher\":{\"@id\":\"https:\\\/\\\/normandiemaine.cerfrance.fr\\\/latelier\\\/#organization\"},\"potentialAction\":[{\"@type\":\"SearchAction\",\"target\":{\"@type\":\"EntryPoint\",\"urlTemplate\":\"https:\\\/\\\/normandiemaine.cerfrance.fr\\\/latelier\\\/?s={search_term_string}\"},\"query-input\":{\"@type\":\"PropertyValueSpecification\",\"valueRequired\":true,\"valueName\":\"search_term_string\"}}],\"inLanguage\":\"fr-FR\"},{\"@type\":\"Organization\",\"@id\":\"https:\\\/\\\/normandiemaine.cerfrance.fr\\\/latelier\\\/#organization\",\"name\":\"L&#039;Atelier des \u00e9tudes \u00e9conomiques\",\"url\":\"https:\\\/\\\/normandiemaine.cerfrance.fr\\\/latelier\\\/\",\"logo\":{\"@type\":\"ImageObject\",\"inLanguage\":\"fr-FR\",\"@id\":\"https:\\\/\\\/normandiemaine.cerfrance.fr\\\/latelier\\\/#\\\/schema\\\/logo\\\/image\\\/\",\"url\":\"https:\\\/\\\/i0.wp.com\\\/normandiemaine.cerfrance.fr\\\/latelier\\\/wp-content\\\/uploads\\\/sites\\\/2\\\/2020\\\/10\\\/Logo-atelier-2016.png?fit=400%2C195&ssl=1\",\"contentUrl\":\"https:\\\/\\\/i0.wp.com\\\/normandiemaine.cerfrance.fr\\\/latelier\\\/wp-content\\\/uploads\\\/sites\\\/2\\\/2020\\\/10\\\/Logo-atelier-2016.png?fit=400%2C195&ssl=1\",\"width\":400,\"height\":195,\"caption\":\"L&#039;Atelier des \u00e9tudes \u00e9conomiques\"},\"image\":{\"@id\":\"https:\\\/\\\/normandiemaine.cerfrance.fr\\\/latelier\\\/#\\\/schema\\\/logo\\\/image\\\/\"}},{\"@type\":\"Person\",\"@id\":\"https:\\\/\\\/normandiemaine.cerfrance.fr\\\/latelier\\\/#\\\/schema\\\/person\\\/9d5645901ac39987762b3b959a346f05\",\"name\":\"Lola\",\"image\":{\"@type\":\"ImageObject\",\"inLanguage\":\"fr-FR\",\"@id\":\"https:\\\/\\\/secure.gravatar.com\\\/avatar\\\/d107c1b0f7f9e6250c6c7f9239b8c025730a0a51e46eebc2e1e6a38220f74e7d?s=96&d=mm&r=g\",\"url\":\"https:\\\/\\\/secure.gravatar.com\\\/avatar\\\/d107c1b0f7f9e6250c6c7f9239b8c025730a0a51e46eebc2e1e6a38220f74e7d?s=96&d=mm&r=g\",\"contentUrl\":\"https:\\\/\\\/secure.gravatar.com\\\/avatar\\\/d107c1b0f7f9e6250c6c7f9239b8c025730a0a51e46eebc2e1e6a38220f74e7d?s=96&d=mm&r=g\",\"caption\":\"Lola\"},\"sameAs\":[\"lola\"],\"url\":\"https:\\\/\\\/normandiemaine.cerfrance.fr\\\/latelier\\\/author\\\/lola\\\/\"}]}<\/script>\n<!-- \/ Yoast SEO plugin. -->","yoast_head_json":{"title":"De la fourche \u00e0 la fourchette | Mars 2023","description":"Au sommaire de la fourche \u00e0 la fourchette du mois de mars 2023 un point sur le trimestre anti-infation et l'agrivolta\u00efsme","robots":{"index":"index","follow":"follow","max-snippet":"max-snippet:-1","max-image-preview":"max-image-preview:large","max-video-preview":"max-video-preview:-1"},"canonical":"https:\/\/normandiemaine.cerfrance.fr\/latelier\/de-la-fourche-a-la-fourchette-mars-2023\/","og_locale":"fr_FR","og_type":"article","og_title":"De la fourche \u00e0 la fourchette | Mars 2023","og_description":"Au sommaire de la fourche \u00e0 la fourchette du mois de mars 2023 un point sur le trimestre anti-infation et l'agrivolta\u00efsme","og_url":"https:\/\/normandiemaine.cerfrance.fr\/latelier\/de-la-fourche-a-la-fourchette-mars-2023\/","og_site_name":"L&#039;Atelier des \u00e9tudes \u00e9conomiques","article_published_time":"2023-03-20T15:17:53+00:00","article_modified_time":"2023-03-20T15:17:54+00:00","og_image":[{"width":1200,"height":800,"url":"https:\/\/normandiemaine.cerfrance.fr\/latelier\/wp-content\/uploads\/sites\/2\/2023\/03\/fourche-fourchette-mars-2023.png","type":"image\/png"}],"author":"Lola","twitter_card":"summary_large_image","twitter_misc":{"\u00c9crit par":"Lola","Dur\u00e9e de lecture estim\u00e9e":"7 minutes"},"schema":{"@context":"https:\/\/schema.org","@graph":[{"@type":"Article","@id":"https:\/\/normandiemaine.cerfrance.fr\/latelier\/de-la-fourche-a-la-fourchette-mars-2023\/#article","isPartOf":{"@id":"https:\/\/normandiemaine.cerfrance.fr\/latelier\/de-la-fourche-a-la-fourchette-mars-2023\/"},"author":{"name":"Lola","@id":"https:\/\/normandiemaine.cerfrance.fr\/latelier\/#\/schema\/person\/9d5645901ac39987762b3b959a346f05"},"headline":"De la fourche \u00e0 la fourchette | Mars 2023","datePublished":"2023-03-20T15:17:53+00:00","dateModified":"2023-03-20T15:17:54+00:00","mainEntityOfPage":{"@id":"https:\/\/normandiemaine.cerfrance.fr\/latelier\/de-la-fourche-a-la-fourchette-mars-2023\/"},"wordCount":1439,"publisher":{"@id":"https:\/\/normandiemaine.cerfrance.fr\/latelier\/#organization"},"image":{"@id":"https:\/\/normandiemaine.cerfrance.fr\/latelier\/de-la-fourche-a-la-fourchette-mars-2023\/#primaryimage"},"thumbnailUrl":"https:\/\/i0.wp.com\/normandiemaine.cerfrance.fr\/latelier\/wp-content\/uploads\/sites\/2\/2023\/03\/fourche-fourchette-mars-2023.png?fit=1200%2C800&ssl=1","articleSection":["De la Fourche \u00e0 la Fourchette"],"inLanguage":"fr-FR"},{"@type":"WebPage","@id":"https:\/\/normandiemaine.cerfrance.fr\/latelier\/de-la-fourche-a-la-fourchette-mars-2023\/","url":"https:\/\/normandiemaine.cerfrance.fr\/latelier\/de-la-fourche-a-la-fourchette-mars-2023\/","name":"De la fourche \u00e0 la fourchette | Mars 2023","isPartOf":{"@id":"https:\/\/normandiemaine.cerfrance.fr\/latelier\/#website"},"primaryImageOfPage":{"@id":"https:\/\/normandiemaine.cerfrance.fr\/latelier\/de-la-fourche-a-la-fourchette-mars-2023\/#primaryimage"},"image":{"@id":"https:\/\/normandiemaine.cerfrance.fr\/latelier\/de-la-fourche-a-la-fourchette-mars-2023\/#primaryimage"},"thumbnailUrl":"https:\/\/i0.wp.com\/normandiemaine.cerfrance.fr\/latelier\/wp-content\/uploads\/sites\/2\/2023\/03\/fourche-fourchette-mars-2023.png?fit=1200%2C800&ssl=1","datePublished":"2023-03-20T15:17:53+00:00","dateModified":"2023-03-20T15:17:54+00:00","description":"Au sommaire de la fourche \u00e0 la fourchette du mois de mars 2023 un point sur le trimestre anti-infation et l'agrivolta\u00efsme","breadcrumb":{"@id":"https:\/\/normandiemaine.cerfrance.fr\/latelier\/de-la-fourche-a-la-fourchette-mars-2023\/#breadcrumb"},"inLanguage":"fr-FR","potentialAction":[{"@type":"ReadAction","target":["https:\/\/normandiemaine.cerfrance.fr\/latelier\/de-la-fourche-a-la-fourchette-mars-2023\/"]}]},{"@type":"ImageObject","inLanguage":"fr-FR","@id":"https:\/\/normandiemaine.cerfrance.fr\/latelier\/de-la-fourche-a-la-fourchette-mars-2023\/#primaryimage","url":"https:\/\/i0.wp.com\/normandiemaine.cerfrance.fr\/latelier\/wp-content\/uploads\/sites\/2\/2023\/03\/fourche-fourchette-mars-2023.png?fit=1200%2C800&ssl=1","contentUrl":"https:\/\/i0.wp.com\/normandiemaine.cerfrance.fr\/latelier\/wp-content\/uploads\/sites\/2\/2023\/03\/fourche-fourchette-mars-2023.png?fit=1200%2C800&ssl=1","width":1200,"height":800,"caption":"De la fourche \u00e0 la fourchette de mars 2023"},{"@type":"BreadcrumbList","@id":"https:\/\/normandiemaine.cerfrance.fr\/latelier\/de-la-fourche-a-la-fourchette-mars-2023\/#breadcrumb","itemListElement":[{"@type":"ListItem","position":1,"name":"Accueil","item":"https:\/\/normandiemaine.cerfrance.fr\/latelier\/"},{"@type":"ListItem","position":2,"name":"De la fourche \u00e0 la fourchette | Mars 2023"}]},{"@type":"WebSite","@id":"https:\/\/normandiemaine.cerfrance.fr\/latelier\/#website","url":"https:\/\/normandiemaine.cerfrance.fr\/latelier\/","name":"L&#039;Atelier des \u00e9tudes \u00e9conomiques","description":"Un site du Cerfrance Normandie Maine","publisher":{"@id":"https:\/\/normandiemaine.cerfrance.fr\/latelier\/#organization"},"potentialAction":[{"@type":"SearchAction","target":{"@type":"EntryPoint","urlTemplate":"https:\/\/normandiemaine.cerfrance.fr\/latelier\/?s={search_term_string}"},"query-input":{"@type":"PropertyValueSpecification","valueRequired":true,"valueName":"search_term_string"}}],"inLanguage":"fr-FR"},{"@type":"Organization","@id":"https:\/\/normandiemaine.cerfrance.fr\/latelier\/#organization","name":"L&#039;Atelier des \u00e9tudes \u00e9conomiques","url":"https:\/\/normandiemaine.cerfrance.fr\/latelier\/","logo":{"@type":"ImageObject","inLanguage":"fr-FR","@id":"https:\/\/normandiemaine.cerfrance.fr\/latelier\/#\/schema\/logo\/image\/","url":"https:\/\/i0.wp.com\/normandiemaine.cerfrance.fr\/latelier\/wp-content\/uploads\/sites\/2\/2020\/10\/Logo-atelier-2016.png?fit=400%2C195&ssl=1","contentUrl":"https:\/\/i0.wp.com\/normandiemaine.cerfrance.fr\/latelier\/wp-content\/uploads\/sites\/2\/2020\/10\/Logo-atelier-2016.png?fit=400%2C195&ssl=1","width":400,"height":195,"caption":"L&#039;Atelier des \u00e9tudes \u00e9conomiques"},"image":{"@id":"https:\/\/normandiemaine.cerfrance.fr\/latelier\/#\/schema\/logo\/image\/"}},{"@type":"Person","@id":"https:\/\/normandiemaine.cerfrance.fr\/latelier\/#\/schema\/person\/9d5645901ac39987762b3b959a346f05","name":"Lola","image":{"@type":"ImageObject","inLanguage":"fr-FR","@id":"https:\/\/secure.gravatar.com\/avatar\/d107c1b0f7f9e6250c6c7f9239b8c025730a0a51e46eebc2e1e6a38220f74e7d?s=96&d=mm&r=g","url":"https:\/\/secure.gravatar.com\/avatar\/d107c1b0f7f9e6250c6c7f9239b8c025730a0a51e46eebc2e1e6a38220f74e7d?s=96&d=mm&r=g","contentUrl":"https:\/\/secure.gravatar.com\/avatar\/d107c1b0f7f9e6250c6c7f9239b8c025730a0a51e46eebc2e1e6a38220f74e7d?s=96&d=mm&r=g","caption":"Lola"},"sameAs":["lola"],"url":"https:\/\/normandiemaine.cerfrance.fr\/latelier\/author\/lola\/"}]}},"jetpack_featured_media_url":"https:\/\/i0.wp.com\/normandiemaine.cerfrance.fr\/latelier\/wp-content\/uploads\/sites\/2\/2023\/03\/fourche-fourchette-mars-2023.png?fit=1200%2C800&ssl=1","jetpack_shortlink":"https:\/\/wp.me\/pcBSJA-11Z","jetpack_sharing_enabled":true,"_links":{"self":[{"href":"https:\/\/normandiemaine.cerfrance.fr\/latelier\/wp-json\/wp\/v2\/posts\/3967","targetHints":{"allow":["GET"]}}],"collection":[{"href":"https:\/\/normandiemaine.cerfrance.fr\/latelier\/wp-json\/wp\/v2\/posts"}],"about":[{"href":"https:\/\/normandiemaine.cerfrance.fr\/latelier\/wp-json\/wp\/v2\/types\/post"}],"author":[{"embeddable":true,"href":"https:\/\/normandiemaine.cerfrance.fr\/latelier\/wp-json\/wp\/v2\/users\/4"}],"replies":[{"embeddable":true,"href":"https:\/\/normandiemaine.cerfrance.fr\/latelier\/wp-json\/wp\/v2\/comments?post=3967"}],"version-history":[{"count":1,"href":"https:\/\/normandiemaine.cerfrance.fr\/latelier\/wp-json\/wp\/v2\/posts\/3967\/revisions"}],"predecessor-version":[{"id":3974,"href":"https:\/\/normandiemaine.cerfrance.fr\/latelier\/wp-json\/wp\/v2\/posts\/3967\/revisions\/3974"}],"wp:featuredmedia":[{"embeddable":true,"href":"https:\/\/normandiemaine.cerfrance.fr\/latelier\/wp-json\/wp\/v2\/media\/3969"}],"wp:attachment":[{"href":"https:\/\/normandiemaine.cerfrance.fr\/latelier\/wp-json\/wp\/v2\/media?parent=3967"}],"wp:term":[{"taxonomy":"category","embeddable":true,"href":"https:\/\/normandiemaine.cerfrance.fr\/latelier\/wp-json\/wp\/v2\/categories?post=3967"},{"taxonomy":"post_tag","embeddable":true,"href":"https:\/\/normandiemaine.cerfrance.fr\/latelier\/wp-json\/wp\/v2\/tags?post=3967"}],"curies":[{"name":"wp","href":"https:\/\/api.w.org\/{rel}","templated":true}]}}