{"id":3981,"date":"2023-04-03T10:31:54","date_gmt":"2023-04-03T08:31:54","guid":{"rendered":"https:\/\/normandiemaine.cerfrance.fr\/latelier\/?p=3981"},"modified":"2023-07-07T08:59:32","modified_gmt":"2023-07-07T06:59:32","slug":"prix-du-lait-ete-2023","status":"publish","type":"post","link":"https:\/\/normandiemaine.cerfrance.fr\/latelier\/prix-du-lait-ete-2023\/","title":{"rendered":"Prix du lait : \u00e9t\u00e9 2023"},"content":{"rendered":"\n<h1 class=\"wp-block-heading\">Prix du lait : 425 \u00e0 460 \u20ac par 1&nbsp;000&nbsp;litres sur l\u2019\u00e9t\u00e9 2023<\/h1>\n\n\n\n<p>D\u00e9couvrez notre <strong>derni\u00e8re veille \u00e9conomique consacr\u00e9e au prix du lait : 425 \u00e0 460 \u20ac par 1&nbsp;000&nbsp;litres sur l\u2019\u00e9t\u00e9 2023<\/strong><\/p>\n\n\n\n<p>L\u2019offre de lait mondiale, limit\u00e9e en 2022, repart d\u00e9but 2023. Dans le contexte d\u2019une demande ralentie, les march\u00e9s internationaux se sont retourn\u00e9s.<\/p>\n\n\n\n<p>En France, le prix du lait devrait encore augmenter en 2023, soutenu par les march\u00e9s int\u00e9rieurs. Le cap des 450 \u20ac par 1&nbsp;000&nbsp;litres est en vue. Mais il sera peut-\u00eatre aussi un maximum \u2026<\/p>\n\n\n<div class=\"_3d-flip-book  fb3d-fullscreen-mode full-size\" data-id=\"3980\" data-mode=\"fullscreen\" data-title=\"false\" data-template=\"short-white-book-view\" data-lightbox=\"dark-shadow\" data-urlparam=\"fb3d-page\" data-page-n=\"0\" data-pdf=\"\" data-tax=\"null\" data-thumbnail=\"\" data-cols=\"3\" data-book-template=\"default\" data-trigger=\"\"><\/div><script type=\"text\/javascript\">window.FB3D_CLIENT_DATA = window.FB3D_CLIENT_DATA || [];FB3D_CLIENT_DATA.push('eyJwb3N0cyI6eyIzOTgwIjp7IklEIjozOTgwLCJ0aXRsZSI6IlZFSUxMRSBFQ08gUHJpeCBkdSBsYWl0IGF2cmlsIDIwMjMiLCJ0eXBlIjoicGRmIiwicmVhZHlfZnVuY3Rpb24iOiIiLCJib29rX3N0eWxlIjoiZmxhdCIsImJvb2tfdGVtcGxhdGUiOiJub25lIiwib3V0bGluZSI6W10sImRhdGEiOnsicG9zdF9JRCI6IjM5ODkiLCJndWlkIjoiaHR0cHM6XC9cL25vcm1hbmRpZW1haW5lLmNlcmZyYW5jZS5mclwvbGF0ZWxpZXJcL3dwLWNvbnRlbnRcL3VwbG9hZHNcL3NpdGVzXC8yXC8yMDIzXC8wNFwvVkVJTExFX0VDT19Qcml4LWR1LWxhaXRfQXZyaWwtMjAyMy5wZGYiLCJwZGZfcGFnZXMiOiIxIiwicGFnZXNfY3VzdG9taXphdGlvbiI6Im5vbmUifSwidGh1bWJuYWlsIjp7ImRhdGEiOnsicG9zdF9JRCI6IjAifSwidHlwZSI6ImF1dG8ifSwicHJvcHMiOnsiY2FjaGVkUGFnZXMiOiJhdXRvIiwicmVuZGVySW5hY3RpdmVQYWdlcyI6ImF1dG8iLCJyZW5kZXJJbmFjdGl2ZVBhZ2VzT25Nb2JpbGUiOiJhdXRvIiwicmVuZGVyV2hpbGVGbGlwcGluZyI6ImF1dG8iLCJwcmVsb2FkUGFnZXMiOiJhdXRvIiwicnRsIjoiYXV0byIsImludGVyYWN0aXZlQ29ybmVycyI6ImF1dG8iLCJzaGVldCI6eyJzdGFydFZlbG9jaXR5IjoiYXV0byIsIndhdmUiOiJhdXRvIiwic2hhcGUiOiJhdXRvIiwid2lkdGhUZXhlbHMiOiJhdXRvIiwiY29sb3IiOiJhdXRvIiwic2lkZSI6ImF1dG8iLCJjb3JuZXJEZXZpYXRpb24iOiJhdXRvIiwiZmxleGliaWxpdHkiOiJhdXRvIiwiZmxleGlibGVDb3JuZXIiOiJhdXRvIiwiYmVuZGluZyI6ImF1dG8iLCJoZWlnaHRUZXhlbHMiOiJhdXRvIn0sImNvdmVyIjp7IndhdmUiOiJhdXRvIiwiY29sb3IiOiJhdXRvIiwiYmluZGVyVGV4dHVyZSI6ImF1dG8iLCJkZXB0aCI6ImF1dG8iLCJwYWRkaW5nIjoiYXV0byIsInN0YXJ0VmVsb2NpdHkiOiJhdXRvIiwiZmxleGliaWxpdHkiOiJhdXRvIiwiZmxleGlibGVDb3JuZXIiOiJhdXRvIiwiYmVuZGluZyI6ImF1dG8iLCJ3aWR0aFRleGVscyI6ImF1dG8iLCJoZWlnaHRUZXhlbHMiOiJhdXRvIiwibWFzcyI6ImF1dG8iLCJzaWRlIjoiYXV0byIsInNoYXBlIjoiYXV0byJ9LCJwYWdlIjp7IndhdmUiOiJhdXRvIiwiY29sb3IiOiJhdXRvIiwiZGVwdGgiOiJhdXRvIiwic3RhcnRWZWxvY2l0eSI6ImF1dG8iLCJmbGV4aWJpbGl0eSI6ImF1dG8iLCJmbGV4aWJsZUNvcm5lciI6ImF1dG8iLCJiZW5kaW5nIjoiYXV0byIsIndpZHRoVGV4ZWxzIjoiYXV0byIsImhlaWdodFRleGVscyI6ImF1dG8iLCJtYXNzIjoiYXV0byIsInNpZGUiOiJhdXRvIiwic2hhcGUiOiJhdXRvIn0sImhlaWdodCI6ImF1dG8iLCJ3aWR0aCI6ImF1dG8iLCJncmF2aXR5IjoiYXV0byIsInBhZ2VzRm9yUHJlZGljdGluZyI6ImF1dG8ifSwiY29udHJvbFByb3BzIjp7ImFjdGlvbnMiOnsiY21kU2F2ZSI6eyJlbmFibGVkIjoiYXV0byIsImVuYWJsZWRJbk5hcnJvdyI6ImF1dG8ifSwiY21kUHJpbnQiOnsiZW5hYmxlZCI6ImF1dG8iLCJlbmFibGVkSW5OYXJyb3ciOiJhdXRvIn0sImNtZFNpbmdsZVBhZ2UiOnsiZW5hYmxlZCI6ImF1dG8iLCJlbmFibGVkSW5OYXJyb3ciOiJhdXRvIiwiYWN0aXZlIjoiYXV0byIsImFjdGl2ZUZvck1vYmlsZSI6ImF1dG8ifX19LCJhdXRvVGh1bWJuYWlsIjoiaHR0cHM6XC9cL25vcm1hbmRpZW1haW5lLmNlcmZyYW5jZS5mclwvbGF0ZWxpZXJcL3dwLWNvbnRlbnRcL3VwbG9hZHNcL3NpdGVzXC8yXC8zZC1mbGlwLWJvb2tcL2F1dG8tdGh1bWJuYWlsc1wvMzk4MC5wbmciLCJwb3N0X25hbWUiOiJ2ZWlsbGUtZWNvLXByaXgtZHUtbGFpdC1hdnJpbC0yMDIzIiwicG9zdF90eXBlIjoiM2QtZmxpcC1ib29rIn19LCJwYWdlcyI6W10sImZpcnN0UGFnZXMiOltdfQ==');window.FB3D_CLIENT_LOCALE && FB3D_CLIENT_LOCALE.render && FB3D_CLIENT_LOCALE.render();<\/script>\n\n\n\n<h2 class=\"wp-block-heading\">Aide \u00e0 l\u2019analyse des r\u00e9sultats et aux pr\u00e9visions&nbsp;: 425 \u00e0 460 \u20ac \u00e0 l\u2019\u00e9t\u00e9 2023<\/h2>\n\n\n\n<figure class=\"wp-block-image aligncenter size-large\"><img data-recalc-dims=\"1\" fetchpriority=\"high\" decoding=\"async\" width=\"1024\" height=\"284\" src=\"https:\/\/i0.wp.com\/normandiemaine.cerfrance.fr\/latelier\/wp-content\/uploads\/sites\/2\/2023\/04\/Aide-a-lanalyse-des-resultats-et-aux-previsions-425-a-460-E-a-lete-2023.png?resize=1024%2C284&#038;ssl=1\" alt=\"Aide \u00e0 l\u2019analyse des r\u00e9sultats et aux pr\u00e9visions : 425 \u00e0 460 \u20ac \u00e0 l\u2019\u00e9t\u00e9 2023\" class=\"wp-image-3982\" srcset=\"https:\/\/i0.wp.com\/normandiemaine.cerfrance.fr\/latelier\/wp-content\/uploads\/sites\/2\/2023\/04\/Aide-a-lanalyse-des-resultats-et-aux-previsions-425-a-460-E-a-lete-2023.png?resize=1024%2C284&amp;ssl=1 1024w, https:\/\/i0.wp.com\/normandiemaine.cerfrance.fr\/latelier\/wp-content\/uploads\/sites\/2\/2023\/04\/Aide-a-lanalyse-des-resultats-et-aux-previsions-425-a-460-E-a-lete-2023.png?resize=300%2C83&amp;ssl=1 300w, https:\/\/i0.wp.com\/normandiemaine.cerfrance.fr\/latelier\/wp-content\/uploads\/sites\/2\/2023\/04\/Aide-a-lanalyse-des-resultats-et-aux-previsions-425-a-460-E-a-lete-2023.png?resize=768%2C213&amp;ssl=1 768w, https:\/\/i0.wp.com\/normandiemaine.cerfrance.fr\/latelier\/wp-content\/uploads\/sites\/2\/2023\/04\/Aide-a-lanalyse-des-resultats-et-aux-previsions-425-a-460-E-a-lete-2023.png?resize=1536%2C426&amp;ssl=1 1536w, https:\/\/i0.wp.com\/normandiemaine.cerfrance.fr\/latelier\/wp-content\/uploads\/sites\/2\/2023\/04\/Aide-a-lanalyse-des-resultats-et-aux-previsions-425-a-460-E-a-lete-2023.png?w=1586&amp;ssl=1 1586w\" sizes=\"(max-width: 1000px) 100vw, 1000px\" \/><figcaption class=\"wp-element-caption\">Aide \u00e0 l\u2019analyse des r\u00e9sultats et aux pr\u00e9visions : 425 \u00e0 460 \u20ac \u00e0 l\u2019\u00e9t\u00e9 2023<\/figcaption><\/figure>\n\n\n\n<h2 class=\"wp-block-heading\">La collecte mondiale repart \u00e0 la hausse<\/h2>\n\n\n\n<p>Sur l\u2019ann\u00e9e 2022, les \u00c9tats-Unis et l\u2019UE-27 ont stabilis\u00e9 leur collecte, avec une baisse sur le 1<sup>er<\/sup> semestre puis une hausse sur le second, favoris\u00e9e par les hausses du prix du lait. La Nouvelle Z\u00e9lande a souffert de conditions m\u00e9t\u00e9o d\u00e9grad\u00e9es (-&nbsp;3,8&nbsp;%). D\u00e9but 2023, \u00c9tats-Unis et UE-27 enregistrent une reprise de l\u2019offre.<\/p>\n\n\n\n<p>La demande internationale, de son c\u00f4t\u00e9, est peu dynamique. Apr\u00e8s la forte hausse des importations chinoises de 2021, leur baisse significative en 2022 (-&nbsp;17 \u00e0 &#8211;&nbsp;21&nbsp;%, retour aux niveaux de 2020) n\u2019a \u00e9t\u00e9 que partiellement compens\u00e9e par d\u2019autres pays asiatiques (Indon\u00e9sie, Philippines).<\/p>\n\n\n\n<p>Ainsi, faute de disponibilit\u00e9s et de demande, le commerce mondial a recul\u00e9 en 2022 :&nbsp;&#8211;&nbsp;13 \u00e0 &#8211;&nbsp;15&nbsp;% d\u2019exportations pour les poudres grasses, maigres, et m\u00eame pour les fromages. <\/p>\n\n\n\n<p>Les cours tr\u00e8s \u00e9lev\u00e9s du 1<sup>er<\/sup> semestre ont progressivement c\u00e9d\u00e9 du terrain. Et le beurre revient \u00e0 5&nbsp;000&nbsp;\u20ac&nbsp;\/&nbsp;tonne, tandis que la poudre de lait \u00e9cr\u00e9m\u00e9 tombe \u00e0 2 500&nbsp;\u20ac&nbsp;\/&nbsp;tonne., sa valeur moyenne sur 10 ans. La<strong> valorisation beurre &#8211; poudre<\/strong>, \u00e0 nouveau publi\u00e9e par le Cniel, chute \u00e0 365 \u20ac par 1&nbsp;000 litres en mars 2023 (-&nbsp;25&nbsp;% sur un an).<\/p>\n\n\n\n<h2 class=\"wp-block-heading\">En France, le prix du lait va d\u00e9passer les 450&nbsp;\u20ac&nbsp;\/&nbsp;1&nbsp;000 litres&nbsp;<\/h2>\n\n\n\n<p>Sur 2023, le prix du lait en France va malgr\u00e9 tout augmenter. Sa hausse va \u00eatre permise gr\u00e2ce \u00e0 une meilleure valorisation sur les march\u00e9s int\u00e9rieurs. Les laiteries ont \u00ab&nbsp;fait passer&nbsp;\u00bb des hausses de prix significatives aupr\u00e8s des distributeurs, cumul des prix de revient du lait et de la hausse de leurs propres charges industrielles (\u00e9nergie, carburant, emballages).<\/p>\n\n\n\n<p><strong>Les cl\u00f4tures de mars 2023 <\/strong>vont acter des hausses tr\u00e8s significatives du prix du lait conventionnel, <strong>entre +&nbsp;75 et +&nbsp;90 \u20ac \/ 1&nbsp;000 litres <\/strong>selon les laiteries (+&nbsp;22 \u00e0 +&nbsp;25&nbsp;%).<\/p>\n\n\n\n<p>Les <strong>cl\u00f4tures de l\u2019\u00e9t\u00e9 2023<\/strong> (juin \u00e0 sept.) pourraient voir le prix de base franchir le seuil symbolique de 450&nbsp;\u20ac et se situer entre <strong>425 et 460&nbsp;\u20ac par 1&nbsp;000 litres <\/strong>selon les laiteries.&nbsp; Ce qui pourrait \u00eatre aussi un maximum\u2026<\/p>\n\n\n\n<figure class=\"wp-block-image aligncenter size-large\"><img data-recalc-dims=\"1\" decoding=\"async\" width=\"1024\" height=\"176\" src=\"https:\/\/i0.wp.com\/normandiemaine.cerfrance.fr\/latelier\/wp-content\/uploads\/sites\/2\/2023\/04\/En-France-le-prix-du-lait-va-depasser-les-450-E-pour-1-000-l.png?resize=1024%2C176&#038;ssl=1\" alt=\"En France, le prix du lait va d\u00e9passer les 450 \u20ac \/ 1 000 l  \" class=\"wp-image-3983\" srcset=\"https:\/\/i0.wp.com\/normandiemaine.cerfrance.fr\/latelier\/wp-content\/uploads\/sites\/2\/2023\/04\/En-France-le-prix-du-lait-va-depasser-les-450-E-pour-1-000-l.png?resize=1024%2C176&amp;ssl=1 1024w, https:\/\/i0.wp.com\/normandiemaine.cerfrance.fr\/latelier\/wp-content\/uploads\/sites\/2\/2023\/04\/En-France-le-prix-du-lait-va-depasser-les-450-E-pour-1-000-l.png?resize=300%2C52&amp;ssl=1 300w, https:\/\/i0.wp.com\/normandiemaine.cerfrance.fr\/latelier\/wp-content\/uploads\/sites\/2\/2023\/04\/En-France-le-prix-du-lait-va-depasser-les-450-E-pour-1-000-l.png?resize=768%2C132&amp;ssl=1 768w, https:\/\/i0.wp.com\/normandiemaine.cerfrance.fr\/latelier\/wp-content\/uploads\/sites\/2\/2023\/04\/En-France-le-prix-du-lait-va-depasser-les-450-E-pour-1-000-l.png?resize=1536%2C265&amp;ssl=1 1536w, https:\/\/i0.wp.com\/normandiemaine.cerfrance.fr\/latelier\/wp-content\/uploads\/sites\/2\/2023\/04\/En-France-le-prix-du-lait-va-depasser-les-450-E-pour-1-000-l.png?w=1683&amp;ssl=1 1683w\" sizes=\"(max-width: 1000px) 100vw, 1000px\" \/><figcaption class=\"wp-element-caption\"><strong>En France, le prix du lait va d\u00e9passer les 450&nbsp;\u20ac&nbsp;\/&nbsp;1&nbsp;000 l<\/strong>itres<\/figcaption><\/figure>\n\n\n\n<p>Retrouvez toutes nos <a href=\"https:\/\/normandiemaine.cerfrance.fr\/latelier\/category\/agriculture\/production-animale\/conjoncture\/lait\/\" target=\"_blank\" rel=\"noreferrer noopener\">veilles \u00e9conomiques consacr\u00e9es au prix du lait<\/a> sur notre site internet.<\/p>\n","protected":false},"excerpt":{"rendered":"<p>Prix du lait : 425 \u00e0 460 \u20ac par 1\u00a0000\u00a0litres sur l\u2019\u00e9t\u00e9 2023<\/p>\n","protected":false},"author":4,"featured_media":3984,"comment_status":"closed","ping_status":"closed","sticky":false,"template":"","format":"standard","meta":{"site-sidebar-layout":"default","site-content-layout":"","ast-site-content-layout":"default","site-content-style":"default","site-sidebar-style":"default","ast-global-header-display":"","ast-banner-title-visibility":"","ast-main-header-display":"","ast-hfb-above-header-display":"","ast-hfb-below-header-display":"","ast-hfb-mobile-header-display":"","site-post-title":"","ast-breadcrumbs-content":"","ast-featured-img":"","footer-sml-layout":"","ast-disable-related-posts":"","theme-transparent-header-meta":"","adv-header-id-meta":"","stick-header-meta":"","header-above-stick-meta":"","header-main-stick-meta":"","header-below-stick-meta":"","astra-migrate-meta-layouts":"default","ast-page-background-enabled":"default","ast-page-background-meta":{"desktop":{"background-color":"","background-image":"","background-repeat":"repeat","background-position":"center center","background-size":"auto","background-attachment":"scroll","background-type":"","background-media":"","overlay-type":"","overlay-color":"","overlay-opacity":"","overlay-gradient":""},"tablet":{"background-color":"","background-image":"","background-repeat":"repeat","background-position":"center center","background-size":"auto","background-attachment":"scroll","background-type":"","background-media":"","overlay-type":"","overlay-color":"","overlay-opacity":"","overlay-gradient":""},"mobile":{"background-color":"","background-image":"","background-repeat":"repeat","background-position":"center center","background-size":"auto","background-attachment":"scroll","background-type":"","background-media":"","overlay-type":"","overlay-color":"","overlay-opacity":"","overlay-gradient":""}},"ast-content-background-meta":{"desktop":{"background-color":"var(--ast-global-color-5)","background-image":"","background-repeat":"repeat","background-position":"center center","background-size":"auto","background-attachment":"scroll","background-type":"","background-media":"","overlay-type":"","overlay-color":"","overlay-opacity":"","overlay-gradient":""},"tablet":{"background-color":"var(--ast-global-color-5)","background-image":"","background-repeat":"repeat","background-position":"center center","background-size":"auto","background-attachment":"scroll","background-type":"","background-media":"","overlay-type":"","overlay-color":"","overlay-opacity":"","overlay-gradient":""},"mobile":{"background-color":"var(--ast-global-color-5)","background-image":"","background-repeat":"repeat","background-position":"center center","background-size":"auto","background-attachment":"scroll","background-type":"","background-media":"","overlay-type":"","overlay-color":"","overlay-opacity":"","overlay-gradient":""}},"_jetpack_memberships_contains_paid_content":false,"footnotes":""},"categories":[131,138,142,136],"tags":[],"class_list":["post-3981","post","type-post","status-publish","format-standard","has-post-thumbnail","hentry","category-agriculture","category-conjoncture","category-lait","category-production-animale"],"yoast_head":"<!-- This site is optimized with the Yoast SEO plugin v27.5 - https:\/\/yoast.com\/product\/yoast-seo-wordpress\/ -->\n<title>Prix du lait : \u00e9t\u00e9 2023 - L&#039;Atelier des \u00e9tudes \u00e9conomiques<\/title>\n<meta name=\"description\" content=\"D\u00e9couvrez notre derni\u00e8re veille \u00e9conomique consacr\u00e9e au prix du lait : 425 \u00e0 460 \u20ac par 1\u00a0000\u00a0litres sur l\u2019\u00e9t\u00e9 2023\" \/>\n<meta name=\"robots\" content=\"index, follow, max-snippet:-1, max-image-preview:large, max-video-preview:-1\" \/>\n<link rel=\"canonical\" href=\"https:\/\/normandiemaine.cerfrance.fr\/latelier\/prix-du-lait-ete-2023\/\" \/>\n<meta property=\"og:locale\" content=\"fr_FR\" \/>\n<meta property=\"og:type\" content=\"article\" \/>\n<meta property=\"og:title\" content=\"Prix du lait : 425 \u00e0 460 \u20ac par 1 000 l. sur l\u2019\u00e9t\u00e9 2023\" \/>\n<meta property=\"og:description\" content=\"L\u2019offre de lait mondiale, limit\u00e9e en 2022, repart d\u00e9but 2023. Dans le contexte d\u2019une demande ralentie, les march\u00e9s internationaux se sont retourn\u00e9s. En France, le prix du lait devrait encore augmenter en 2023, soutenu par les march\u00e9s int\u00e9rieurs. Le cap des 450 \u20ac par 1 000 l. est en vue. Mais il sera peut-\u00eatre aussi un maximum \u2026\" \/>\n<meta property=\"og:url\" content=\"https:\/\/normandiemaine.cerfrance.fr\/latelier\/prix-du-lait-ete-2023\/\" \/>\n<meta property=\"og:site_name\" content=\"L&#039;Atelier des \u00e9tudes \u00e9conomiques\" \/>\n<meta property=\"article:published_time\" content=\"2023-04-03T08:31:54+00:00\" \/>\n<meta property=\"article:modified_time\" content=\"2023-07-07T06:59:32+00:00\" \/>\n<meta property=\"og:image\" content=\"https:\/\/normandiemaine.cerfrance.fr\/latelier\/wp-content\/uploads\/sites\/2\/2023\/04\/LAtelier-Publication-Facebook.jpg\" \/>\n\t<meta property=\"og:image:width\" content=\"940\" \/>\n\t<meta property=\"og:image:height\" content=\"788\" \/>\n\t<meta property=\"og:image:type\" content=\"image\/jpeg\" \/>\n<meta name=\"author\" content=\"Lola\" \/>\n<meta name=\"twitter:card\" content=\"summary_large_image\" \/>\n<meta name=\"twitter:title\" content=\"Prix du lait : 425 \u00e0 460 \u20ac par 1 000 l. sur l\u2019\u00e9t\u00e9 2023\" \/>\n<meta name=\"twitter:description\" content=\"L\u2019offre de lait mondiale, limit\u00e9e en 2022, repart d\u00e9but 2023. Dans le contexte d\u2019une demande ralentie, les march\u00e9s internationaux se sont retourn\u00e9s. En France, le prix du lait devrait encore augmenter en 2023, soutenu par les march\u00e9s int\u00e9rieurs. Le cap des 450 \u20ac par 1 000 l. est en vue. Mais il sera peut-\u00eatre aussi un maximum \u2026\" \/>\n<meta name=\"twitter:image\" content=\"https:\/\/i0.wp.com\/normandiemaine.cerfrance.fr\/latelier\/wp-content\/uploads\/sites\/2\/2023\/04\/LAtelier-Publication-Facebook.jpg?fit=940%2C788&ssl=1\" \/>\n<meta name=\"twitter:label1\" content=\"\u00c9crit par\" \/>\n\t<meta name=\"twitter:data1\" content=\"Lola\" \/>\n\t<meta name=\"twitter:label2\" content=\"Dur\u00e9e de lecture estim\u00e9e\" \/>\n\t<meta name=\"twitter:data2\" content=\"3 minutes\" \/>\n<script type=\"application\/ld+json\" class=\"yoast-schema-graph\">{\"@context\":\"https:\\\/\\\/schema.org\",\"@graph\":[{\"@type\":\"Article\",\"@id\":\"https:\\\/\\\/normandiemaine.cerfrance.fr\\\/latelier\\\/prix-du-lait-ete-2023\\\/#article\",\"isPartOf\":{\"@id\":\"https:\\\/\\\/normandiemaine.cerfrance.fr\\\/latelier\\\/prix-du-lait-ete-2023\\\/\"},\"author\":{\"name\":\"Lola\",\"@id\":\"https:\\\/\\\/normandiemaine.cerfrance.fr\\\/latelier\\\/#\\\/schema\\\/person\\\/9d5645901ac39987762b3b959a346f05\"},\"headline\":\"Prix du lait : \u00e9t\u00e9 2023\",\"datePublished\":\"2023-04-03T08:31:54+00:00\",\"dateModified\":\"2023-07-07T06:59:32+00:00\",\"mainEntityOfPage\":{\"@id\":\"https:\\\/\\\/normandiemaine.cerfrance.fr\\\/latelier\\\/prix-du-lait-ete-2023\\\/\"},\"wordCount\":514,\"publisher\":{\"@id\":\"https:\\\/\\\/normandiemaine.cerfrance.fr\\\/latelier\\\/#organization\"},\"image\":{\"@id\":\"https:\\\/\\\/normandiemaine.cerfrance.fr\\\/latelier\\\/prix-du-lait-ete-2023\\\/#primaryimage\"},\"thumbnailUrl\":\"https:\\\/\\\/i0.wp.com\\\/normandiemaine.cerfrance.fr\\\/latelier\\\/wp-content\\\/uploads\\\/sites\\\/2\\\/2023\\\/04\\\/Prix-du-lait-ete-2023.png?fit=1200%2C800&ssl=1\",\"articleSection\":[\"Agriculture\",\"Conjoncture\",\"Lait\",\"Production animale\"],\"inLanguage\":\"fr-FR\"},{\"@type\":\"WebPage\",\"@id\":\"https:\\\/\\\/normandiemaine.cerfrance.fr\\\/latelier\\\/prix-du-lait-ete-2023\\\/\",\"url\":\"https:\\\/\\\/normandiemaine.cerfrance.fr\\\/latelier\\\/prix-du-lait-ete-2023\\\/\",\"name\":\"Prix du lait : \u00e9t\u00e9 2023 - L&#039;Atelier des \u00e9tudes \u00e9conomiques\",\"isPartOf\":{\"@id\":\"https:\\\/\\\/normandiemaine.cerfrance.fr\\\/latelier\\\/#website\"},\"primaryImageOfPage\":{\"@id\":\"https:\\\/\\\/normandiemaine.cerfrance.fr\\\/latelier\\\/prix-du-lait-ete-2023\\\/#primaryimage\"},\"image\":{\"@id\":\"https:\\\/\\\/normandiemaine.cerfrance.fr\\\/latelier\\\/prix-du-lait-ete-2023\\\/#primaryimage\"},\"thumbnailUrl\":\"https:\\\/\\\/i0.wp.com\\\/normandiemaine.cerfrance.fr\\\/latelier\\\/wp-content\\\/uploads\\\/sites\\\/2\\\/2023\\\/04\\\/Prix-du-lait-ete-2023.png?fit=1200%2C800&ssl=1\",\"datePublished\":\"2023-04-03T08:31:54+00:00\",\"dateModified\":\"2023-07-07T06:59:32+00:00\",\"description\":\"D\u00e9couvrez notre derni\u00e8re veille \u00e9conomique consacr\u00e9e au prix du lait : 425 \u00e0 460 \u20ac par 1\u00a0000\u00a0litres sur l\u2019\u00e9t\u00e9 2023\",\"breadcrumb\":{\"@id\":\"https:\\\/\\\/normandiemaine.cerfrance.fr\\\/latelier\\\/prix-du-lait-ete-2023\\\/#breadcrumb\"},\"inLanguage\":\"fr-FR\",\"potentialAction\":[{\"@type\":\"ReadAction\",\"target\":[\"https:\\\/\\\/normandiemaine.cerfrance.fr\\\/latelier\\\/prix-du-lait-ete-2023\\\/\"]}]},{\"@type\":\"ImageObject\",\"inLanguage\":\"fr-FR\",\"@id\":\"https:\\\/\\\/normandiemaine.cerfrance.fr\\\/latelier\\\/prix-du-lait-ete-2023\\\/#primaryimage\",\"url\":\"https:\\\/\\\/i0.wp.com\\\/normandiemaine.cerfrance.fr\\\/latelier\\\/wp-content\\\/uploads\\\/sites\\\/2\\\/2023\\\/04\\\/Prix-du-lait-ete-2023.png?fit=1200%2C800&ssl=1\",\"contentUrl\":\"https:\\\/\\\/i0.wp.com\\\/normandiemaine.cerfrance.fr\\\/latelier\\\/wp-content\\\/uploads\\\/sites\\\/2\\\/2023\\\/04\\\/Prix-du-lait-ete-2023.png?fit=1200%2C800&ssl=1\",\"width\":1200,\"height\":800,\"caption\":\"Prix du lait : 425 \u00e0 460 \u20ac par 1\u00a0000\u00a0litres sur l\u2019\u00e9t\u00e9 2023\"},{\"@type\":\"BreadcrumbList\",\"@id\":\"https:\\\/\\\/normandiemaine.cerfrance.fr\\\/latelier\\\/prix-du-lait-ete-2023\\\/#breadcrumb\",\"itemListElement\":[{\"@type\":\"ListItem\",\"position\":1,\"name\":\"Accueil\",\"item\":\"https:\\\/\\\/normandiemaine.cerfrance.fr\\\/latelier\\\/\"},{\"@type\":\"ListItem\",\"position\":2,\"name\":\"Prix du lait : \u00e9t\u00e9 2023\"}]},{\"@type\":\"WebSite\",\"@id\":\"https:\\\/\\\/normandiemaine.cerfrance.fr\\\/latelier\\\/#website\",\"url\":\"https:\\\/\\\/normandiemaine.cerfrance.fr\\\/latelier\\\/\",\"name\":\"L&#039;Atelier des \u00e9tudes \u00e9conomiques\",\"description\":\"Un site du Cerfrance Normandie Maine\",\"publisher\":{\"@id\":\"https:\\\/\\\/normandiemaine.cerfrance.fr\\\/latelier\\\/#organization\"},\"potentialAction\":[{\"@type\":\"SearchAction\",\"target\":{\"@type\":\"EntryPoint\",\"urlTemplate\":\"https:\\\/\\\/normandiemaine.cerfrance.fr\\\/latelier\\\/?s={search_term_string}\"},\"query-input\":{\"@type\":\"PropertyValueSpecification\",\"valueRequired\":true,\"valueName\":\"search_term_string\"}}],\"inLanguage\":\"fr-FR\"},{\"@type\":\"Organization\",\"@id\":\"https:\\\/\\\/normandiemaine.cerfrance.fr\\\/latelier\\\/#organization\",\"name\":\"L&#039;Atelier des \u00e9tudes \u00e9conomiques\",\"url\":\"https:\\\/\\\/normandiemaine.cerfrance.fr\\\/latelier\\\/\",\"logo\":{\"@type\":\"ImageObject\",\"inLanguage\":\"fr-FR\",\"@id\":\"https:\\\/\\\/normandiemaine.cerfrance.fr\\\/latelier\\\/#\\\/schema\\\/logo\\\/image\\\/\",\"url\":\"https:\\\/\\\/i0.wp.com\\\/normandiemaine.cerfrance.fr\\\/latelier\\\/wp-content\\\/uploads\\\/sites\\\/2\\\/2020\\\/10\\\/Logo-atelier-2016.png?fit=400%2C195&ssl=1\",\"contentUrl\":\"https:\\\/\\\/i0.wp.com\\\/normandiemaine.cerfrance.fr\\\/latelier\\\/wp-content\\\/uploads\\\/sites\\\/2\\\/2020\\\/10\\\/Logo-atelier-2016.png?fit=400%2C195&ssl=1\",\"width\":400,\"height\":195,\"caption\":\"L&#039;Atelier des \u00e9tudes \u00e9conomiques\"},\"image\":{\"@id\":\"https:\\\/\\\/normandiemaine.cerfrance.fr\\\/latelier\\\/#\\\/schema\\\/logo\\\/image\\\/\"}},{\"@type\":\"Person\",\"@id\":\"https:\\\/\\\/normandiemaine.cerfrance.fr\\\/latelier\\\/#\\\/schema\\\/person\\\/9d5645901ac39987762b3b959a346f05\",\"name\":\"Lola\",\"image\":{\"@type\":\"ImageObject\",\"inLanguage\":\"fr-FR\",\"@id\":\"https:\\\/\\\/secure.gravatar.com\\\/avatar\\\/d107c1b0f7f9e6250c6c7f9239b8c025730a0a51e46eebc2e1e6a38220f74e7d?s=96&d=mm&r=g\",\"url\":\"https:\\\/\\\/secure.gravatar.com\\\/avatar\\\/d107c1b0f7f9e6250c6c7f9239b8c025730a0a51e46eebc2e1e6a38220f74e7d?s=96&d=mm&r=g\",\"contentUrl\":\"https:\\\/\\\/secure.gravatar.com\\\/avatar\\\/d107c1b0f7f9e6250c6c7f9239b8c025730a0a51e46eebc2e1e6a38220f74e7d?s=96&d=mm&r=g\",\"caption\":\"Lola\"},\"sameAs\":[\"lola\"],\"url\":\"https:\\\/\\\/normandiemaine.cerfrance.fr\\\/latelier\\\/author\\\/lola\\\/\"}]}<\/script>\n<!-- \/ Yoast SEO plugin. -->","yoast_head_json":{"title":"Prix du lait : \u00e9t\u00e9 2023 - L&#039;Atelier des \u00e9tudes \u00e9conomiques","description":"D\u00e9couvrez notre derni\u00e8re veille \u00e9conomique consacr\u00e9e au prix du lait : 425 \u00e0 460 \u20ac par 1\u00a0000\u00a0litres sur l\u2019\u00e9t\u00e9 2023","robots":{"index":"index","follow":"follow","max-snippet":"max-snippet:-1","max-image-preview":"max-image-preview:large","max-video-preview":"max-video-preview:-1"},"canonical":"https:\/\/normandiemaine.cerfrance.fr\/latelier\/prix-du-lait-ete-2023\/","og_locale":"fr_FR","og_type":"article","og_title":"Prix du lait : 425 \u00e0 460 \u20ac par 1 000 l. sur l\u2019\u00e9t\u00e9 2023","og_description":"L\u2019offre de lait mondiale, limit\u00e9e en 2022, repart d\u00e9but 2023. Dans le contexte d\u2019une demande ralentie, les march\u00e9s internationaux se sont retourn\u00e9s. En France, le prix du lait devrait encore augmenter en 2023, soutenu par les march\u00e9s int\u00e9rieurs. Le cap des 450 \u20ac par 1 000 l. est en vue. Mais il sera peut-\u00eatre aussi un maximum \u2026","og_url":"https:\/\/normandiemaine.cerfrance.fr\/latelier\/prix-du-lait-ete-2023\/","og_site_name":"L&#039;Atelier des \u00e9tudes \u00e9conomiques","article_published_time":"2023-04-03T08:31:54+00:00","article_modified_time":"2023-07-07T06:59:32+00:00","og_image":[{"width":940,"height":788,"url":"https:\/\/normandiemaine.cerfrance.fr\/latelier\/wp-content\/uploads\/sites\/2\/2023\/04\/LAtelier-Publication-Facebook.jpg","type":"image\/jpeg"}],"author":"Lola","twitter_card":"summary_large_image","twitter_title":"Prix du lait : 425 \u00e0 460 \u20ac par 1 000 l. sur l\u2019\u00e9t\u00e9 2023","twitter_description":"L\u2019offre de lait mondiale, limit\u00e9e en 2022, repart d\u00e9but 2023. Dans le contexte d\u2019une demande ralentie, les march\u00e9s internationaux se sont retourn\u00e9s. En France, le prix du lait devrait encore augmenter en 2023, soutenu par les march\u00e9s int\u00e9rieurs. Le cap des 450 \u20ac par 1 000 l. est en vue. Mais il sera peut-\u00eatre aussi un maximum \u2026","twitter_image":"https:\/\/i0.wp.com\/normandiemaine.cerfrance.fr\/latelier\/wp-content\/uploads\/sites\/2\/2023\/04\/LAtelier-Publication-Facebook.jpg?fit=940%2C788&ssl=1","twitter_misc":{"\u00c9crit par":"Lola","Dur\u00e9e de lecture estim\u00e9e":"3 minutes"},"schema":{"@context":"https:\/\/schema.org","@graph":[{"@type":"Article","@id":"https:\/\/normandiemaine.cerfrance.fr\/latelier\/prix-du-lait-ete-2023\/#article","isPartOf":{"@id":"https:\/\/normandiemaine.cerfrance.fr\/latelier\/prix-du-lait-ete-2023\/"},"author":{"name":"Lola","@id":"https:\/\/normandiemaine.cerfrance.fr\/latelier\/#\/schema\/person\/9d5645901ac39987762b3b959a346f05"},"headline":"Prix du lait : \u00e9t\u00e9 2023","datePublished":"2023-04-03T08:31:54+00:00","dateModified":"2023-07-07T06:59:32+00:00","mainEntityOfPage":{"@id":"https:\/\/normandiemaine.cerfrance.fr\/latelier\/prix-du-lait-ete-2023\/"},"wordCount":514,"publisher":{"@id":"https:\/\/normandiemaine.cerfrance.fr\/latelier\/#organization"},"image":{"@id":"https:\/\/normandiemaine.cerfrance.fr\/latelier\/prix-du-lait-ete-2023\/#primaryimage"},"thumbnailUrl":"https:\/\/i0.wp.com\/normandiemaine.cerfrance.fr\/latelier\/wp-content\/uploads\/sites\/2\/2023\/04\/Prix-du-lait-ete-2023.png?fit=1200%2C800&ssl=1","articleSection":["Agriculture","Conjoncture","Lait","Production animale"],"inLanguage":"fr-FR"},{"@type":"WebPage","@id":"https:\/\/normandiemaine.cerfrance.fr\/latelier\/prix-du-lait-ete-2023\/","url":"https:\/\/normandiemaine.cerfrance.fr\/latelier\/prix-du-lait-ete-2023\/","name":"Prix du lait : \u00e9t\u00e9 2023 - L&#039;Atelier des \u00e9tudes \u00e9conomiques","isPartOf":{"@id":"https:\/\/normandiemaine.cerfrance.fr\/latelier\/#website"},"primaryImageOfPage":{"@id":"https:\/\/normandiemaine.cerfrance.fr\/latelier\/prix-du-lait-ete-2023\/#primaryimage"},"image":{"@id":"https:\/\/normandiemaine.cerfrance.fr\/latelier\/prix-du-lait-ete-2023\/#primaryimage"},"thumbnailUrl":"https:\/\/i0.wp.com\/normandiemaine.cerfrance.fr\/latelier\/wp-content\/uploads\/sites\/2\/2023\/04\/Prix-du-lait-ete-2023.png?fit=1200%2C800&ssl=1","datePublished":"2023-04-03T08:31:54+00:00","dateModified":"2023-07-07T06:59:32+00:00","description":"D\u00e9couvrez notre derni\u00e8re veille \u00e9conomique consacr\u00e9e au prix du lait : 425 \u00e0 460 \u20ac par 1\u00a0000\u00a0litres sur l\u2019\u00e9t\u00e9 2023","breadcrumb":{"@id":"https:\/\/normandiemaine.cerfrance.fr\/latelier\/prix-du-lait-ete-2023\/#breadcrumb"},"inLanguage":"fr-FR","potentialAction":[{"@type":"ReadAction","target":["https:\/\/normandiemaine.cerfrance.fr\/latelier\/prix-du-lait-ete-2023\/"]}]},{"@type":"ImageObject","inLanguage":"fr-FR","@id":"https:\/\/normandiemaine.cerfrance.fr\/latelier\/prix-du-lait-ete-2023\/#primaryimage","url":"https:\/\/i0.wp.com\/normandiemaine.cerfrance.fr\/latelier\/wp-content\/uploads\/sites\/2\/2023\/04\/Prix-du-lait-ete-2023.png?fit=1200%2C800&ssl=1","contentUrl":"https:\/\/i0.wp.com\/normandiemaine.cerfrance.fr\/latelier\/wp-content\/uploads\/sites\/2\/2023\/04\/Prix-du-lait-ete-2023.png?fit=1200%2C800&ssl=1","width":1200,"height":800,"caption":"Prix du lait : 425 \u00e0 460 \u20ac par 1\u00a0000\u00a0litres sur l\u2019\u00e9t\u00e9 2023"},{"@type":"BreadcrumbList","@id":"https:\/\/normandiemaine.cerfrance.fr\/latelier\/prix-du-lait-ete-2023\/#breadcrumb","itemListElement":[{"@type":"ListItem","position":1,"name":"Accueil","item":"https:\/\/normandiemaine.cerfrance.fr\/latelier\/"},{"@type":"ListItem","position":2,"name":"Prix du lait : \u00e9t\u00e9 2023"}]},{"@type":"WebSite","@id":"https:\/\/normandiemaine.cerfrance.fr\/latelier\/#website","url":"https:\/\/normandiemaine.cerfrance.fr\/latelier\/","name":"L&#039;Atelier des \u00e9tudes \u00e9conomiques","description":"Un site du Cerfrance Normandie Maine","publisher":{"@id":"https:\/\/normandiemaine.cerfrance.fr\/latelier\/#organization"},"potentialAction":[{"@type":"SearchAction","target":{"@type":"EntryPoint","urlTemplate":"https:\/\/normandiemaine.cerfrance.fr\/latelier\/?s={search_term_string}"},"query-input":{"@type":"PropertyValueSpecification","valueRequired":true,"valueName":"search_term_string"}}],"inLanguage":"fr-FR"},{"@type":"Organization","@id":"https:\/\/normandiemaine.cerfrance.fr\/latelier\/#organization","name":"L&#039;Atelier des \u00e9tudes \u00e9conomiques","url":"https:\/\/normandiemaine.cerfrance.fr\/latelier\/","logo":{"@type":"ImageObject","inLanguage":"fr-FR","@id":"https:\/\/normandiemaine.cerfrance.fr\/latelier\/#\/schema\/logo\/image\/","url":"https:\/\/i0.wp.com\/normandiemaine.cerfrance.fr\/latelier\/wp-content\/uploads\/sites\/2\/2020\/10\/Logo-atelier-2016.png?fit=400%2C195&ssl=1","contentUrl":"https:\/\/i0.wp.com\/normandiemaine.cerfrance.fr\/latelier\/wp-content\/uploads\/sites\/2\/2020\/10\/Logo-atelier-2016.png?fit=400%2C195&ssl=1","width":400,"height":195,"caption":"L&#039;Atelier des \u00e9tudes \u00e9conomiques"},"image":{"@id":"https:\/\/normandiemaine.cerfrance.fr\/latelier\/#\/schema\/logo\/image\/"}},{"@type":"Person","@id":"https:\/\/normandiemaine.cerfrance.fr\/latelier\/#\/schema\/person\/9d5645901ac39987762b3b959a346f05","name":"Lola","image":{"@type":"ImageObject","inLanguage":"fr-FR","@id":"https:\/\/secure.gravatar.com\/avatar\/d107c1b0f7f9e6250c6c7f9239b8c025730a0a51e46eebc2e1e6a38220f74e7d?s=96&d=mm&r=g","url":"https:\/\/secure.gravatar.com\/avatar\/d107c1b0f7f9e6250c6c7f9239b8c025730a0a51e46eebc2e1e6a38220f74e7d?s=96&d=mm&r=g","contentUrl":"https:\/\/secure.gravatar.com\/avatar\/d107c1b0f7f9e6250c6c7f9239b8c025730a0a51e46eebc2e1e6a38220f74e7d?s=96&d=mm&r=g","caption":"Lola"},"sameAs":["lola"],"url":"https:\/\/normandiemaine.cerfrance.fr\/latelier\/author\/lola\/"}]}},"jetpack_featured_media_url":"https:\/\/i0.wp.com\/normandiemaine.cerfrance.fr\/latelier\/wp-content\/uploads\/sites\/2\/2023\/04\/Prix-du-lait-ete-2023.png?fit=1200%2C800&ssl=1","jetpack_shortlink":"https:\/\/wp.me\/pcBSJA-12d","jetpack_sharing_enabled":true,"_links":{"self":[{"href":"https:\/\/normandiemaine.cerfrance.fr\/latelier\/wp-json\/wp\/v2\/posts\/3981","targetHints":{"allow":["GET"]}}],"collection":[{"href":"https:\/\/normandiemaine.cerfrance.fr\/latelier\/wp-json\/wp\/v2\/posts"}],"about":[{"href":"https:\/\/normandiemaine.cerfrance.fr\/latelier\/wp-json\/wp\/v2\/types\/post"}],"author":[{"embeddable":true,"href":"https:\/\/normandiemaine.cerfrance.fr\/latelier\/wp-json\/wp\/v2\/users\/4"}],"replies":[{"embeddable":true,"href":"https:\/\/normandiemaine.cerfrance.fr\/latelier\/wp-json\/wp\/v2\/comments?post=3981"}],"version-history":[{"count":5,"href":"https:\/\/normandiemaine.cerfrance.fr\/latelier\/wp-json\/wp\/v2\/posts\/3981\/revisions"}],"predecessor-version":[{"id":4421,"href":"https:\/\/normandiemaine.cerfrance.fr\/latelier\/wp-json\/wp\/v2\/posts\/3981\/revisions\/4421"}],"wp:featuredmedia":[{"embeddable":true,"href":"https:\/\/normandiemaine.cerfrance.fr\/latelier\/wp-json\/wp\/v2\/media\/3984"}],"wp:attachment":[{"href":"https:\/\/normandiemaine.cerfrance.fr\/latelier\/wp-json\/wp\/v2\/media?parent=3981"}],"wp:term":[{"taxonomy":"category","embeddable":true,"href":"https:\/\/normandiemaine.cerfrance.fr\/latelier\/wp-json\/wp\/v2\/categories?post=3981"},{"taxonomy":"post_tag","embeddable":true,"href":"https:\/\/normandiemaine.cerfrance.fr\/latelier\/wp-json\/wp\/v2\/tags?post=3981"}],"curies":[{"name":"wp","href":"https:\/\/api.w.org\/{rel}","templated":true}]}}