{"id":4497,"date":"2023-11-27T15:45:53","date_gmt":"2023-11-27T14:45:53","guid":{"rendered":"https:\/\/normandiemaine.cerfrance.fr\/latelier\/?p=4497"},"modified":"2024-02-26T16:14:33","modified_gmt":"2024-02-26T15:14:33","slug":"taux-credits-aux-entreprises-t3-2023","status":"publish","type":"post","link":"https:\/\/normandiemaine.cerfrance.fr\/latelier\/taux-credits-aux-entreprises-t3-2023\/","title":{"rendered":"Cr\u00e9dits aux entreprises T3 2023"},"content":{"rendered":"\n<h1 class=\"wp-block-heading\">Taux des cr\u00e9dits aux entreprises au troisi\u00e8me trimestre 2023<\/h1>\n\n\n\n<p>Nous vous proposons une nouvelle infographie sur les taux de cr\u00e9dits aux entreprises au troisi\u00e8me trimestre 2023 (T3 2023).<\/p>\n\n\n\n<figure class=\"wp-block-image aligncenter size-large\"><img data-recalc-dims=\"1\" fetchpriority=\"high\" decoding=\"async\" width=\"1024\" height=\"729\" src=\"https:\/\/i0.wp.com\/normandiemaine.cerfrance.fr\/latelier\/wp-content\/uploads\/sites\/2\/2023\/11\/Taux-credits-entrpises-T3-2023.png?resize=1024%2C729&#038;ssl=1\" alt=\"Taux des credits aux entreprises T3 2023\" class=\"wp-image-4498\" srcset=\"https:\/\/i0.wp.com\/normandiemaine.cerfrance.fr\/latelier\/wp-content\/uploads\/sites\/2\/2023\/11\/Taux-credits-entrpises-T3-2023.png?resize=1024%2C729&amp;ssl=1 1024w, https:\/\/i0.wp.com\/normandiemaine.cerfrance.fr\/latelier\/wp-content\/uploads\/sites\/2\/2023\/11\/Taux-credits-entrpises-T3-2023.png?resize=300%2C213&amp;ssl=1 300w, https:\/\/i0.wp.com\/normandiemaine.cerfrance.fr\/latelier\/wp-content\/uploads\/sites\/2\/2023\/11\/Taux-credits-entrpises-T3-2023.png?resize=768%2C546&amp;ssl=1 768w, https:\/\/i0.wp.com\/normandiemaine.cerfrance.fr\/latelier\/wp-content\/uploads\/sites\/2\/2023\/11\/Taux-credits-entrpises-T3-2023.png?resize=1536%2C1093&amp;ssl=1 1536w, https:\/\/i0.wp.com\/normandiemaine.cerfrance.fr\/latelier\/wp-content\/uploads\/sites\/2\/2023\/11\/Taux-credits-entrpises-T3-2023.png?w=1581&amp;ssl=1 1581w\" sizes=\"(max-width: 1000px) 100vw, 1000px\" \/><figcaption class=\"wp-element-caption\">Taux des cr\u00e9dits aux entreprises T3 2023<\/figcaption><\/figure>\n\n\n\n<div class=\"wp-block-file\"><a id=\"wp-block-file--media-a600136d-755f-43ee-bd42-9ba9b7b41832\" href=\"https:\/\/normandiemaine.cerfrance.fr\/latelier\/wp-content\/uploads\/sites\/2\/2023\/11\/Taux-credits-entrpises-T3-2023.png\">Taux-credits-entrpises-T3-2023<\/a><a href=\"https:\/\/normandiemaine.cerfrance.fr\/latelier\/wp-content\/uploads\/sites\/2\/2023\/11\/Taux-credits-entrpises-T3-2023.png\" class=\"wp-block-file__button wp-element-button\" download aria-describedby=\"wp-block-file--media-a600136d-755f-43ee-bd42-9ba9b7b41832\">T\u00e9l\u00e9charger<\/a><\/div>\n\n\n\n<p>Cette infographie pr\u00e9sente le <strong>taux des cr\u00e9dits par objet<\/strong> :<\/p>\n\n\n\n<ul class=\"wp-block-list\">\n<li><strong>D\u00e9couverts<\/strong><\/li>\n\n\n\n<li><strong>Equipement<\/strong><\/li>\n\n\n\n<li><strong>Immobilier<\/strong><\/li>\n\n\n\n<li><strong>Tr\u00e9sorerie \u00e9ch\u00e9anc\u00e9e<\/strong><\/li>\n<\/ul>\n\n\n\n<p>Nous vous pr\u00e9sentons les <strong>donn\u00e9es arr\u00eat\u00e9es au troisi\u00e8me trimestre 2023<\/strong>, soit en septembre 2023. De plus, nous vous proposons une courbe d&rsquo;\u00e9volution du taux moyen de cr\u00e9dits aux entreprises, par objet. <\/p>\n\n\n\n<p>Au troisi\u00e8me trimestre 2023, le&nbsp;<strong>taux moyen des cr\u00e9dits \u00e0 l\u2019\u00e9quipement<\/strong>&nbsp;augmente de 0,5 point pour atteindre 4,4 %.&nbsp; Le&nbsp;<strong>taux moyen des cr\u00e9dits immobiliers&nbsp;<\/strong>passe de 2,7 %&nbsp;au premier trimestre, 3,4&nbsp;% au second \u00e0 3,8 % au troisi\u00e8me<strong>.<\/strong><\/p>\n\n\n\n<p>Pour les cr\u00e9dits \u00e0 plus court terme le<strong>&nbsp;taux moyen des d\u00e9couverts<\/strong>&nbsp;atteint les 6,0 %. En ce qui concerne le&nbsp;<strong>taux moyen des cr\u00e9dits de tr\u00e9sorerie \u00e9ch\u00e9anc\u00e9e<\/strong>, il augmente de 0,7 points avec un taux de 4,6 % (contre 3,9 % au deuxi\u00e8me trimestre 2023).<\/p>\n\n\n\n<p>Ces donn\u00e9es sont publi\u00e9es par la <a href=\"https:\/\/www.banque-france.fr\/statistiques\/credit\/credit\/acces-des-entreprises-au-credit\" target=\"_blank\" rel=\"noreferrer noopener\">Banque de france<\/a>. La<strong> Banque de France m\u00e8ne une enqu\u00eate trimestrielle aupr\u00e8s d&rsquo;entreprises<\/strong> sur leur acc\u00e8s au financement bancaire. Environ 4 000 PME et 500 ETI ont r\u00e9pondu, ainsi que 2 500 TPE gr\u00e2ce \u00e0 un partenariat avec la&nbsp;F\u00e9d\u00e9ration des Centres de Gestion Agr\u00e9\u00e9s (FCGA).<strong>&nbsp;<\/strong><\/p>\n\n\n\n<p>D\u00e9couvrez la derni\u00e8re publication sur les<a href=\"https:\/\/normandiemaine.cerfrance.fr\/latelier\/taux-credits-aux-entreprises-t4-2022\/\"> <\/a><a href=\"https:\/\/normandiemaine.cerfrance.fr\/latelier\/taux-credits-aux-entreprises-t2-2023\/\" target=\"_blank\" rel=\"noreferrer noopener\">taux de cr\u00e9dits aux entreprises pour le deuxi\u00e8me trimestre 2023<\/a> sur notre site internet.<\/p>\n","protected":false},"excerpt":{"rendered":"<p>Taux des cr\u00e9dits aux entreprises au troisi\u00e8me trimestre 2023<\/p>\n","protected":false},"author":4,"featured_media":3675,"comment_status":"closed","ping_status":"closed","sticky":false,"template":"","format":"standard","meta":{"site-sidebar-layout":"default","site-content-layout":"","ast-site-content-layout":"default","site-content-style":"default","site-sidebar-style":"default","ast-global-header-display":"","ast-banner-title-visibility":"","ast-main-header-display":"","ast-hfb-above-header-display":"","ast-hfb-below-header-display":"","ast-hfb-mobile-header-display":"","site-post-title":"","ast-breadcrumbs-content":"","ast-featured-img":"","footer-sml-layout":"","ast-disable-related-posts":"","theme-transparent-header-meta":"","adv-header-id-meta":"","stick-header-meta":"","header-above-stick-meta":"","header-main-stick-meta":"","header-below-stick-meta":"","astra-migrate-meta-layouts":"set","ast-page-background-enabled":"default","ast-page-background-meta":{"desktop":{"background-color":"","background-image":"","background-repeat":"repeat","background-position":"center center","background-size":"auto","background-attachment":"scroll","background-type":"","background-media":"","overlay-type":"","overlay-color":"","overlay-opacity":"","overlay-gradient":""},"tablet":{"background-color":"","background-image":"","background-repeat":"repeat","background-position":"center center","background-size":"auto","background-attachment":"scroll","background-type":"","background-media":"","overlay-type":"","overlay-color":"","overlay-opacity":"","overlay-gradient":""},"mobile":{"background-color":"","background-image":"","background-repeat":"repeat","background-position":"center center","background-size":"auto","background-attachment":"scroll","background-type":"","background-media":"","overlay-type":"","overlay-color":"","overlay-opacity":"","overlay-gradient":""}},"ast-content-background-meta":{"desktop":{"background-color":"var(--ast-global-color-5)","background-image":"","background-repeat":"repeat","background-position":"center center","background-size":"auto","background-attachment":"scroll","background-type":"","background-media":"","overlay-type":"","overlay-color":"","overlay-opacity":"","overlay-gradient":""},"tablet":{"background-color":"var(--ast-global-color-5)","background-image":"","background-repeat":"repeat","background-position":"center center","background-size":"auto","background-attachment":"scroll","background-type":"","background-media":"","overlay-type":"","overlay-color":"","overlay-opacity":"","overlay-gradient":""},"mobile":{"background-color":"var(--ast-global-color-5)","background-image":"","background-repeat":"repeat","background-position":"center center","background-size":"auto","background-attachment":"scroll","background-type":"","background-media":"","overlay-type":"","overlay-color":"","overlay-opacity":"","overlay-gradient":""}},"_jetpack_memberships_contains_paid_content":false,"footnotes":""},"categories":[132,153,193],"tags":[],"class_list":["post-4497","post","type-post","status-publish","format-standard","has-post-thumbnail","hentry","category-artisanat-commerce-services","category-conjoncture-artisanat-commerce-services","category-taux-de-credit"],"yoast_head":"<!-- This site is optimized with the Yoast SEO plugin v27.5 - https:\/\/yoast.com\/product\/yoast-seo-wordpress\/ -->\n<title>Cr\u00e9dits aux entreprises T3 2023 - L&#039;Atelier des \u00e9tudes \u00e9conomiques<\/title>\n<meta name=\"description\" content=\"Nouvelle infographie des taux des cr\u00e9dits aux entreprises mis \u00e0 jour pour le T3, troisi\u00e8me trimestre, de l&#039;ann\u00e9e 2023\" \/>\n<meta name=\"robots\" content=\"index, follow, max-snippet:-1, max-image-preview:large, max-video-preview:-1\" \/>\n<link rel=\"canonical\" href=\"https:\/\/normandiemaine.cerfrance.fr\/latelier\/taux-credits-aux-entreprises-t3-2023\/\" \/>\n<meta property=\"og:locale\" content=\"fr_FR\" \/>\n<meta property=\"og:type\" content=\"article\" \/>\n<meta property=\"og:title\" content=\"Cr\u00e9dits aux entreprises T3 2023\" \/>\n<meta property=\"og:description\" content=\"Infographie des taux des cr\u00e9dits aux entreprises mis \u00e0 jour pour le T3, troisi\u00e8me trimestre, de l&#039;ann\u00e9e 2023\" \/>\n<meta property=\"og:url\" content=\"https:\/\/normandiemaine.cerfrance.fr\/latelier\/taux-credits-aux-entreprises-t3-2023\/\" \/>\n<meta property=\"og:site_name\" content=\"L&#039;Atelier des \u00e9tudes \u00e9conomiques\" \/>\n<meta property=\"article:published_time\" content=\"2023-11-27T14:45:53+00:00\" \/>\n<meta property=\"article:modified_time\" content=\"2024-02-26T15:14:33+00:00\" \/>\n<meta property=\"og:image\" content=\"https:\/\/normandiemaine.cerfrance.fr\/latelier\/wp-content\/uploads\/sites\/2\/2023\/11\/Taux-credits-entrpises-T3-2023.png\" \/>\n\t<meta property=\"og:image:width\" content=\"1581\" \/>\n\t<meta property=\"og:image:height\" content=\"1125\" \/>\n\t<meta property=\"og:image:type\" content=\"image\/png\" \/>\n<meta name=\"author\" content=\"Lola\" \/>\n<meta name=\"twitter:card\" content=\"summary_large_image\" \/>\n<meta name=\"twitter:description\" content=\"Infographie des taux des cr\u00e9dits aux entreprises mis \u00e0 jour pour le T3, troisi\u00e8me trimestre, de l&#039;ann\u00e9e 2023\" \/>\n<meta name=\"twitter:image\" content=\"https:\/\/i0.wp.com\/normandiemaine.cerfrance.fr\/latelier\/wp-content\/uploads\/sites\/2\/2023\/11\/Taux-credits-entrpises-T3-2023.png?fit=1581%2C1125&ssl=1\" \/>\n<meta name=\"twitter:label1\" content=\"\u00c9crit par\" \/>\n\t<meta name=\"twitter:data1\" content=\"Lola\" \/>\n\t<meta name=\"twitter:label2\" content=\"Dur\u00e9e de lecture estim\u00e9e\" \/>\n\t<meta name=\"twitter:data2\" content=\"2 minutes\" \/>\n<script type=\"application\/ld+json\" class=\"yoast-schema-graph\">{\"@context\":\"https:\\\/\\\/schema.org\",\"@graph\":[{\"@type\":\"Article\",\"@id\":\"https:\\\/\\\/normandiemaine.cerfrance.fr\\\/latelier\\\/taux-credits-aux-entreprises-t3-2023\\\/#article\",\"isPartOf\":{\"@id\":\"https:\\\/\\\/normandiemaine.cerfrance.fr\\\/latelier\\\/taux-credits-aux-entreprises-t3-2023\\\/\"},\"author\":{\"name\":\"Lola\",\"@id\":\"https:\\\/\\\/normandiemaine.cerfrance.fr\\\/latelier\\\/#\\\/schema\\\/person\\\/9d5645901ac39987762b3b959a346f05\"},\"headline\":\"Cr\u00e9dits aux entreprises T3 2023\",\"datePublished\":\"2023-11-27T14:45:53+00:00\",\"dateModified\":\"2024-02-26T15:14:33+00:00\",\"mainEntityOfPage\":{\"@id\":\"https:\\\/\\\/normandiemaine.cerfrance.fr\\\/latelier\\\/taux-credits-aux-entreprises-t3-2023\\\/\"},\"wordCount\":273,\"publisher\":{\"@id\":\"https:\\\/\\\/normandiemaine.cerfrance.fr\\\/latelier\\\/#organization\"},\"image\":{\"@id\":\"https:\\\/\\\/normandiemaine.cerfrance.fr\\\/latelier\\\/taux-credits-aux-entreprises-t3-2023\\\/#primaryimage\"},\"thumbnailUrl\":\"https:\\\/\\\/i0.wp.com\\\/normandiemaine.cerfrance.fr\\\/latelier\\\/wp-content\\\/uploads\\\/sites\\\/2\\\/2022\\\/11\\\/Credits-aux-entreprises.png?fit=1200%2C800&ssl=1\",\"articleSection\":[\"Artisanat-commerce-services\",\"Conjoncture\",\"Taux de cr\u00e9dit\"],\"inLanguage\":\"fr-FR\"},{\"@type\":\"WebPage\",\"@id\":\"https:\\\/\\\/normandiemaine.cerfrance.fr\\\/latelier\\\/taux-credits-aux-entreprises-t3-2023\\\/\",\"url\":\"https:\\\/\\\/normandiemaine.cerfrance.fr\\\/latelier\\\/taux-credits-aux-entreprises-t3-2023\\\/\",\"name\":\"Cr\u00e9dits aux entreprises T3 2023 - L&#039;Atelier des \u00e9tudes \u00e9conomiques\",\"isPartOf\":{\"@id\":\"https:\\\/\\\/normandiemaine.cerfrance.fr\\\/latelier\\\/#website\"},\"primaryImageOfPage\":{\"@id\":\"https:\\\/\\\/normandiemaine.cerfrance.fr\\\/latelier\\\/taux-credits-aux-entreprises-t3-2023\\\/#primaryimage\"},\"image\":{\"@id\":\"https:\\\/\\\/normandiemaine.cerfrance.fr\\\/latelier\\\/taux-credits-aux-entreprises-t3-2023\\\/#primaryimage\"},\"thumbnailUrl\":\"https:\\\/\\\/i0.wp.com\\\/normandiemaine.cerfrance.fr\\\/latelier\\\/wp-content\\\/uploads\\\/sites\\\/2\\\/2022\\\/11\\\/Credits-aux-entreprises.png?fit=1200%2C800&ssl=1\",\"datePublished\":\"2023-11-27T14:45:53+00:00\",\"dateModified\":\"2024-02-26T15:14:33+00:00\",\"description\":\"Nouvelle infographie des taux des cr\u00e9dits aux entreprises mis \u00e0 jour pour le T3, troisi\u00e8me trimestre, de l'ann\u00e9e 2023\",\"breadcrumb\":{\"@id\":\"https:\\\/\\\/normandiemaine.cerfrance.fr\\\/latelier\\\/taux-credits-aux-entreprises-t3-2023\\\/#breadcrumb\"},\"inLanguage\":\"fr-FR\",\"potentialAction\":[{\"@type\":\"ReadAction\",\"target\":[\"https:\\\/\\\/normandiemaine.cerfrance.fr\\\/latelier\\\/taux-credits-aux-entreprises-t3-2023\\\/\"]}]},{\"@type\":\"ImageObject\",\"inLanguage\":\"fr-FR\",\"@id\":\"https:\\\/\\\/normandiemaine.cerfrance.fr\\\/latelier\\\/taux-credits-aux-entreprises-t3-2023\\\/#primaryimage\",\"url\":\"https:\\\/\\\/i0.wp.com\\\/normandiemaine.cerfrance.fr\\\/latelier\\\/wp-content\\\/uploads\\\/sites\\\/2\\\/2022\\\/11\\\/Credits-aux-entreprises.png?fit=1200%2C800&ssl=1\",\"contentUrl\":\"https:\\\/\\\/i0.wp.com\\\/normandiemaine.cerfrance.fr\\\/latelier\\\/wp-content\\\/uploads\\\/sites\\\/2\\\/2022\\\/11\\\/Credits-aux-entreprises.png?fit=1200%2C800&ssl=1\",\"width\":1200,\"height\":800,\"caption\":\"Cr\u00e9dits aux entreprises\"},{\"@type\":\"BreadcrumbList\",\"@id\":\"https:\\\/\\\/normandiemaine.cerfrance.fr\\\/latelier\\\/taux-credits-aux-entreprises-t3-2023\\\/#breadcrumb\",\"itemListElement\":[{\"@type\":\"ListItem\",\"position\":1,\"name\":\"Accueil\",\"item\":\"https:\\\/\\\/normandiemaine.cerfrance.fr\\\/latelier\\\/\"},{\"@type\":\"ListItem\",\"position\":2,\"name\":\"Cr\u00e9dits aux entreprises T3 2023\"}]},{\"@type\":\"WebSite\",\"@id\":\"https:\\\/\\\/normandiemaine.cerfrance.fr\\\/latelier\\\/#website\",\"url\":\"https:\\\/\\\/normandiemaine.cerfrance.fr\\\/latelier\\\/\",\"name\":\"L&#039;Atelier des \u00e9tudes \u00e9conomiques\",\"description\":\"Un site du Cerfrance Normandie Maine\",\"publisher\":{\"@id\":\"https:\\\/\\\/normandiemaine.cerfrance.fr\\\/latelier\\\/#organization\"},\"potentialAction\":[{\"@type\":\"SearchAction\",\"target\":{\"@type\":\"EntryPoint\",\"urlTemplate\":\"https:\\\/\\\/normandiemaine.cerfrance.fr\\\/latelier\\\/?s={search_term_string}\"},\"query-input\":{\"@type\":\"PropertyValueSpecification\",\"valueRequired\":true,\"valueName\":\"search_term_string\"}}],\"inLanguage\":\"fr-FR\"},{\"@type\":\"Organization\",\"@id\":\"https:\\\/\\\/normandiemaine.cerfrance.fr\\\/latelier\\\/#organization\",\"name\":\"L&#039;Atelier des \u00e9tudes \u00e9conomiques\",\"url\":\"https:\\\/\\\/normandiemaine.cerfrance.fr\\\/latelier\\\/\",\"logo\":{\"@type\":\"ImageObject\",\"inLanguage\":\"fr-FR\",\"@id\":\"https:\\\/\\\/normandiemaine.cerfrance.fr\\\/latelier\\\/#\\\/schema\\\/logo\\\/image\\\/\",\"url\":\"https:\\\/\\\/i0.wp.com\\\/normandiemaine.cerfrance.fr\\\/latelier\\\/wp-content\\\/uploads\\\/sites\\\/2\\\/2020\\\/10\\\/Logo-atelier-2016.png?fit=400%2C195&ssl=1\",\"contentUrl\":\"https:\\\/\\\/i0.wp.com\\\/normandiemaine.cerfrance.fr\\\/latelier\\\/wp-content\\\/uploads\\\/sites\\\/2\\\/2020\\\/10\\\/Logo-atelier-2016.png?fit=400%2C195&ssl=1\",\"width\":400,\"height\":195,\"caption\":\"L&#039;Atelier des \u00e9tudes \u00e9conomiques\"},\"image\":{\"@id\":\"https:\\\/\\\/normandiemaine.cerfrance.fr\\\/latelier\\\/#\\\/schema\\\/logo\\\/image\\\/\"}},{\"@type\":\"Person\",\"@id\":\"https:\\\/\\\/normandiemaine.cerfrance.fr\\\/latelier\\\/#\\\/schema\\\/person\\\/9d5645901ac39987762b3b959a346f05\",\"name\":\"Lola\",\"image\":{\"@type\":\"ImageObject\",\"inLanguage\":\"fr-FR\",\"@id\":\"https:\\\/\\\/secure.gravatar.com\\\/avatar\\\/d107c1b0f7f9e6250c6c7f9239b8c025730a0a51e46eebc2e1e6a38220f74e7d?s=96&d=mm&r=g\",\"url\":\"https:\\\/\\\/secure.gravatar.com\\\/avatar\\\/d107c1b0f7f9e6250c6c7f9239b8c025730a0a51e46eebc2e1e6a38220f74e7d?s=96&d=mm&r=g\",\"contentUrl\":\"https:\\\/\\\/secure.gravatar.com\\\/avatar\\\/d107c1b0f7f9e6250c6c7f9239b8c025730a0a51e46eebc2e1e6a38220f74e7d?s=96&d=mm&r=g\",\"caption\":\"Lola\"},\"sameAs\":[\"lola\"],\"url\":\"https:\\\/\\\/normandiemaine.cerfrance.fr\\\/latelier\\\/author\\\/lola\\\/\"}]}<\/script>\n<!-- \/ Yoast SEO plugin. -->","yoast_head_json":{"title":"Cr\u00e9dits aux entreprises T3 2023 - L&#039;Atelier des \u00e9tudes \u00e9conomiques","description":"Nouvelle infographie des taux des cr\u00e9dits aux entreprises mis \u00e0 jour pour le T3, troisi\u00e8me trimestre, de l'ann\u00e9e 2023","robots":{"index":"index","follow":"follow","max-snippet":"max-snippet:-1","max-image-preview":"max-image-preview:large","max-video-preview":"max-video-preview:-1"},"canonical":"https:\/\/normandiemaine.cerfrance.fr\/latelier\/taux-credits-aux-entreprises-t3-2023\/","og_locale":"fr_FR","og_type":"article","og_title":"Cr\u00e9dits aux entreprises T3 2023","og_description":"Infographie des taux des cr\u00e9dits aux entreprises mis \u00e0 jour pour le T3, troisi\u00e8me trimestre, de l'ann\u00e9e 2023","og_url":"https:\/\/normandiemaine.cerfrance.fr\/latelier\/taux-credits-aux-entreprises-t3-2023\/","og_site_name":"L&#039;Atelier des \u00e9tudes \u00e9conomiques","article_published_time":"2023-11-27T14:45:53+00:00","article_modified_time":"2024-02-26T15:14:33+00:00","og_image":[{"width":1581,"height":1125,"url":"https:\/\/normandiemaine.cerfrance.fr\/latelier\/wp-content\/uploads\/sites\/2\/2023\/11\/Taux-credits-entrpises-T3-2023.png","type":"image\/png"}],"author":"Lola","twitter_card":"summary_large_image","twitter_description":"Infographie des taux des cr\u00e9dits aux entreprises mis \u00e0 jour pour le T3, troisi\u00e8me trimestre, de l'ann\u00e9e 2023","twitter_image":"https:\/\/i0.wp.com\/normandiemaine.cerfrance.fr\/latelier\/wp-content\/uploads\/sites\/2\/2023\/11\/Taux-credits-entrpises-T3-2023.png?fit=1581%2C1125&ssl=1","twitter_misc":{"\u00c9crit par":"Lola","Dur\u00e9e de lecture estim\u00e9e":"2 minutes"},"schema":{"@context":"https:\/\/schema.org","@graph":[{"@type":"Article","@id":"https:\/\/normandiemaine.cerfrance.fr\/latelier\/taux-credits-aux-entreprises-t3-2023\/#article","isPartOf":{"@id":"https:\/\/normandiemaine.cerfrance.fr\/latelier\/taux-credits-aux-entreprises-t3-2023\/"},"author":{"name":"Lola","@id":"https:\/\/normandiemaine.cerfrance.fr\/latelier\/#\/schema\/person\/9d5645901ac39987762b3b959a346f05"},"headline":"Cr\u00e9dits aux entreprises T3 2023","datePublished":"2023-11-27T14:45:53+00:00","dateModified":"2024-02-26T15:14:33+00:00","mainEntityOfPage":{"@id":"https:\/\/normandiemaine.cerfrance.fr\/latelier\/taux-credits-aux-entreprises-t3-2023\/"},"wordCount":273,"publisher":{"@id":"https:\/\/normandiemaine.cerfrance.fr\/latelier\/#organization"},"image":{"@id":"https:\/\/normandiemaine.cerfrance.fr\/latelier\/taux-credits-aux-entreprises-t3-2023\/#primaryimage"},"thumbnailUrl":"https:\/\/i0.wp.com\/normandiemaine.cerfrance.fr\/latelier\/wp-content\/uploads\/sites\/2\/2022\/11\/Credits-aux-entreprises.png?fit=1200%2C800&ssl=1","articleSection":["Artisanat-commerce-services","Conjoncture","Taux de cr\u00e9dit"],"inLanguage":"fr-FR"},{"@type":"WebPage","@id":"https:\/\/normandiemaine.cerfrance.fr\/latelier\/taux-credits-aux-entreprises-t3-2023\/","url":"https:\/\/normandiemaine.cerfrance.fr\/latelier\/taux-credits-aux-entreprises-t3-2023\/","name":"Cr\u00e9dits aux entreprises T3 2023 - L&#039;Atelier des \u00e9tudes \u00e9conomiques","isPartOf":{"@id":"https:\/\/normandiemaine.cerfrance.fr\/latelier\/#website"},"primaryImageOfPage":{"@id":"https:\/\/normandiemaine.cerfrance.fr\/latelier\/taux-credits-aux-entreprises-t3-2023\/#primaryimage"},"image":{"@id":"https:\/\/normandiemaine.cerfrance.fr\/latelier\/taux-credits-aux-entreprises-t3-2023\/#primaryimage"},"thumbnailUrl":"https:\/\/i0.wp.com\/normandiemaine.cerfrance.fr\/latelier\/wp-content\/uploads\/sites\/2\/2022\/11\/Credits-aux-entreprises.png?fit=1200%2C800&ssl=1","datePublished":"2023-11-27T14:45:53+00:00","dateModified":"2024-02-26T15:14:33+00:00","description":"Nouvelle infographie des taux des cr\u00e9dits aux entreprises mis \u00e0 jour pour le T3, troisi\u00e8me trimestre, de l'ann\u00e9e 2023","breadcrumb":{"@id":"https:\/\/normandiemaine.cerfrance.fr\/latelier\/taux-credits-aux-entreprises-t3-2023\/#breadcrumb"},"inLanguage":"fr-FR","potentialAction":[{"@type":"ReadAction","target":["https:\/\/normandiemaine.cerfrance.fr\/latelier\/taux-credits-aux-entreprises-t3-2023\/"]}]},{"@type":"ImageObject","inLanguage":"fr-FR","@id":"https:\/\/normandiemaine.cerfrance.fr\/latelier\/taux-credits-aux-entreprises-t3-2023\/#primaryimage","url":"https:\/\/i0.wp.com\/normandiemaine.cerfrance.fr\/latelier\/wp-content\/uploads\/sites\/2\/2022\/11\/Credits-aux-entreprises.png?fit=1200%2C800&ssl=1","contentUrl":"https:\/\/i0.wp.com\/normandiemaine.cerfrance.fr\/latelier\/wp-content\/uploads\/sites\/2\/2022\/11\/Credits-aux-entreprises.png?fit=1200%2C800&ssl=1","width":1200,"height":800,"caption":"Cr\u00e9dits aux entreprises"},{"@type":"BreadcrumbList","@id":"https:\/\/normandiemaine.cerfrance.fr\/latelier\/taux-credits-aux-entreprises-t3-2023\/#breadcrumb","itemListElement":[{"@type":"ListItem","position":1,"name":"Accueil","item":"https:\/\/normandiemaine.cerfrance.fr\/latelier\/"},{"@type":"ListItem","position":2,"name":"Cr\u00e9dits aux entreprises T3 2023"}]},{"@type":"WebSite","@id":"https:\/\/normandiemaine.cerfrance.fr\/latelier\/#website","url":"https:\/\/normandiemaine.cerfrance.fr\/latelier\/","name":"L&#039;Atelier des \u00e9tudes \u00e9conomiques","description":"Un site du Cerfrance Normandie Maine","publisher":{"@id":"https:\/\/normandiemaine.cerfrance.fr\/latelier\/#organization"},"potentialAction":[{"@type":"SearchAction","target":{"@type":"EntryPoint","urlTemplate":"https:\/\/normandiemaine.cerfrance.fr\/latelier\/?s={search_term_string}"},"query-input":{"@type":"PropertyValueSpecification","valueRequired":true,"valueName":"search_term_string"}}],"inLanguage":"fr-FR"},{"@type":"Organization","@id":"https:\/\/normandiemaine.cerfrance.fr\/latelier\/#organization","name":"L&#039;Atelier des \u00e9tudes \u00e9conomiques","url":"https:\/\/normandiemaine.cerfrance.fr\/latelier\/","logo":{"@type":"ImageObject","inLanguage":"fr-FR","@id":"https:\/\/normandiemaine.cerfrance.fr\/latelier\/#\/schema\/logo\/image\/","url":"https:\/\/i0.wp.com\/normandiemaine.cerfrance.fr\/latelier\/wp-content\/uploads\/sites\/2\/2020\/10\/Logo-atelier-2016.png?fit=400%2C195&ssl=1","contentUrl":"https:\/\/i0.wp.com\/normandiemaine.cerfrance.fr\/latelier\/wp-content\/uploads\/sites\/2\/2020\/10\/Logo-atelier-2016.png?fit=400%2C195&ssl=1","width":400,"height":195,"caption":"L&#039;Atelier des \u00e9tudes \u00e9conomiques"},"image":{"@id":"https:\/\/normandiemaine.cerfrance.fr\/latelier\/#\/schema\/logo\/image\/"}},{"@type":"Person","@id":"https:\/\/normandiemaine.cerfrance.fr\/latelier\/#\/schema\/person\/9d5645901ac39987762b3b959a346f05","name":"Lola","image":{"@type":"ImageObject","inLanguage":"fr-FR","@id":"https:\/\/secure.gravatar.com\/avatar\/d107c1b0f7f9e6250c6c7f9239b8c025730a0a51e46eebc2e1e6a38220f74e7d?s=96&d=mm&r=g","url":"https:\/\/secure.gravatar.com\/avatar\/d107c1b0f7f9e6250c6c7f9239b8c025730a0a51e46eebc2e1e6a38220f74e7d?s=96&d=mm&r=g","contentUrl":"https:\/\/secure.gravatar.com\/avatar\/d107c1b0f7f9e6250c6c7f9239b8c025730a0a51e46eebc2e1e6a38220f74e7d?s=96&d=mm&r=g","caption":"Lola"},"sameAs":["lola"],"url":"https:\/\/normandiemaine.cerfrance.fr\/latelier\/author\/lola\/"}]}},"jetpack_featured_media_url":"https:\/\/i0.wp.com\/normandiemaine.cerfrance.fr\/latelier\/wp-content\/uploads\/sites\/2\/2022\/11\/Credits-aux-entreprises.png?fit=1200%2C800&ssl=1","jetpack_shortlink":"https:\/\/wp.me\/pcBSJA-1ax","jetpack_sharing_enabled":true,"_links":{"self":[{"href":"https:\/\/normandiemaine.cerfrance.fr\/latelier\/wp-json\/wp\/v2\/posts\/4497","targetHints":{"allow":["GET"]}}],"collection":[{"href":"https:\/\/normandiemaine.cerfrance.fr\/latelier\/wp-json\/wp\/v2\/posts"}],"about":[{"href":"https:\/\/normandiemaine.cerfrance.fr\/latelier\/wp-json\/wp\/v2\/types\/post"}],"author":[{"embeddable":true,"href":"https:\/\/normandiemaine.cerfrance.fr\/latelier\/wp-json\/wp\/v2\/users\/4"}],"replies":[{"embeddable":true,"href":"https:\/\/normandiemaine.cerfrance.fr\/latelier\/wp-json\/wp\/v2\/comments?post=4497"}],"version-history":[{"count":3,"href":"https:\/\/normandiemaine.cerfrance.fr\/latelier\/wp-json\/wp\/v2\/posts\/4497\/revisions"}],"predecessor-version":[{"id":4768,"href":"https:\/\/normandiemaine.cerfrance.fr\/latelier\/wp-json\/wp\/v2\/posts\/4497\/revisions\/4768"}],"wp:featuredmedia":[{"embeddable":true,"href":"https:\/\/normandiemaine.cerfrance.fr\/latelier\/wp-json\/wp\/v2\/media\/3675"}],"wp:attachment":[{"href":"https:\/\/normandiemaine.cerfrance.fr\/latelier\/wp-json\/wp\/v2\/media?parent=4497"}],"wp:term":[{"taxonomy":"category","embeddable":true,"href":"https:\/\/normandiemaine.cerfrance.fr\/latelier\/wp-json\/wp\/v2\/categories?post=4497"},{"taxonomy":"post_tag","embeddable":true,"href":"https:\/\/normandiemaine.cerfrance.fr\/latelier\/wp-json\/wp\/v2\/tags?post=4497"}],"curies":[{"name":"wp","href":"https:\/\/api.w.org\/{rel}","templated":true}]}}