{"id":5318,"date":"2025-03-13T08:54:42","date_gmt":"2025-03-13T07:54:42","guid":{"rendered":"https:\/\/normandiemaine.cerfrance.fr\/latelier\/?p=5318"},"modified":"2025-06-16T08:50:39","modified_gmt":"2025-06-16T06:50:39","slug":"de-la-fourche-a-la-fourchette-mars-2025","status":"publish","type":"post","link":"https:\/\/normandiemaine.cerfrance.fr\/latelier\/de-la-fourche-a-la-fourchette-mars-2025\/","title":{"rendered":"De la Fourche \u00e0 la Fourchette | Mars 2025"},"content":{"rendered":"\n<h1 class=\"wp-block-heading\">De la Fourche \u00e0 la Fourchette mars 2025 &#8211; Agriculture Fran\u00e7aise en 2025 : D\u00e9fis des Droits de Douane et Avanc\u00e9es L\u00e9gislatives<\/h1>\n\n\n\n<div style=\"height:50px\" aria-hidden=\"true\" class=\"wp-block-spacer\"><\/div>\n\n\n\n<p>\ud83d\udccc <strong>1. Droits de douane US : une menace pour l\u2019agriculture fran\u00e7aise ?<\/strong><br>Donald Trump pr\u00e9voit une taxe de 25 % sur les produits europ\u00e9ens, impactant fortement les exportations fran\u00e7aises (vin, produits laitiers, \u00e9picerie). L\u2019UE envisage une riposte, quels enjeux pour la&nbsp;France ?<\/p>\n\n\n\n<p>\ud83d\udccc <strong>2. Loi d\u2019orientation agricole : o\u00f9 en est-on ?<\/strong><br>\u2705 <strong>Souverainet\u00e9 alimentaire et agricole<\/strong> : transparence sur l\u2019origine des produits et protection contre la concurrence d\u00e9loyale.<br>\ud83c\udf93 <strong>Former les agriculteurs de demain<\/strong> : r\u00e9duction progressive des pesticides, volontariat agricole et cr\u00e9ation d\u2019un dipl\u00f4me Bac+3 \u201cBachelor Agro\u201d.<br>\ud83c\udf31 <strong>Faciliter transmissions et installations<\/strong> : guichet unique, aide aux c\u00e9dants (1 000 \u20ac\/mois sur 5 ans), droit \u00e0 l\u2019essai pour les nouvelles installations.<br>\ud83d\udcdc <strong>Simplifier et s\u00e9curiser les activit\u00e9s agricoles<\/strong> : all\u00e8gement des r\u00e9glementations sur la biodiversit\u00e9, les haies et les projets d\u2019\u00e9levage.<\/p>\n\n\n\n<p>\ud83d\udccc <strong>3. Femmes en agriculture : lever les freins<\/strong><br>83 % des agricultrices constatent des in\u00e9galit\u00e9s. La MSA propose 15 mesures : meilleur acc\u00e8s aux soins, garde d\u2019enfants, reconnaissance du statut des agricultrices.<\/p>\n\n\n<div class=\"_3d-flip-book  fb3d-fullscreen-mode full-size\" data-id=\"5321\" data-mode=\"fullscreen\" data-title=\"false\" data-template=\"short-white-book-view\" data-lightbox=\"dark-shadow\" data-urlparam=\"fb3d-page\" data-page-n=\"0\" data-pdf=\"\" data-tax=\"null\" data-thumbnail=\"\" data-cols=\"3\" data-book-template=\"default\" data-trigger=\"\"><\/div><script type=\"text\/javascript\">window.FB3D_CLIENT_DATA = window.FB3D_CLIENT_DATA || [];FB3D_CLIENT_DATA.push('eyJwb3N0cyI6eyI1MzIxIjp7IklEIjo1MzIxLCJ0aXRsZSI6IkRlIGxhIEZvdXJjaGUgXHUwMGUwIGxhIEZvdXJjaGV0dGUgfCBNYXJzIDIwMjUiLCJ0eXBlIjoicGRmIiwicmVhZHlfZnVuY3Rpb24iOiIiLCJib29rX3N0eWxlIjoiZmxhdCIsImJvb2tfdGVtcGxhdGUiOiJub25lIiwib3V0bGluZSI6W10sImRhdGEiOnsicG9zdF9JRCI6IjUzMjIiLCJndWlkIjoiaHR0cHM6XC9cL25vcm1hbmRpZW1haW5lLmNlcmZyYW5jZS5mclwvbGF0ZWxpZXJcL3dwLWNvbnRlbnRcL3VwbG9hZHNcL3NpdGVzXC8yXC8yMDI1XC8wM1wvRkFGXzE5N19NYXJzMjVfQUVFLnBkZiIsInBkZl9wYWdlcyI6IjMiLCJwYWdlc19jdXN0b21pemF0aW9uIjoibm9uZSJ9LCJ0aHVtYm5haWwiOnsiZGF0YSI6eyJwb3N0X0lEIjoiMCJ9LCJ0eXBlIjoiYXV0byJ9LCJwcm9wcyI6eyJiYWNrZ3JvdW5kQ29sb3IiOiJhdXRvIiwiYmFja2dyb3VuZEltYWdlIjoiYXV0byIsImJhY2tncm91bmRTdHlsZSI6ImF1dG8iLCJoaWdobGlnaHRMaW5rcyI6ImF1dG8iLCJsaWdodGluZyI6ImF1dG8iLCJzaW5nbGVQYWdlTW9kZSI6ImF1dG8iLCJjYWNoZWRQYWdlcyI6ImF1dG8iLCJyZW5kZXJJbmFjdGl2ZVBhZ2VzIjoiYXV0byIsInJlbmRlckluYWN0aXZlUGFnZXNPbk1vYmlsZSI6ImF1dG8iLCJyZW5kZXJXaGlsZUZsaXBwaW5nIjoiYXV0byIsInByZWxvYWRQYWdlcyI6ImF1dG8iLCJhdXRvUGxheUR1cmF0aW9uIjoiYXV0byIsInJ0bCI6ImF1dG8iLCJpbnRlcmFjdGl2ZUNvcm5lcnMiOiJhdXRvIiwibWF4RGVwdGgiOiJhdXRvIiwic2hlZXQiOnsic3RhcnRWZWxvY2l0eSI6ImF1dG8iLCJ3YXZlIjoiYXV0byIsInNoYXBlIjoiYXV0byIsIndpZHRoVGV4ZWxzIjoiYXV0byIsImNvbG9yIjoiYXV0byIsInNpZGUiOiJhdXRvIiwic3RyZXRjaEltYWdlcyI6ImF1dG8iLCJjb3JuZXJEZXZpYXRpb24iOiJhdXRvIiwiZmxleGliaWxpdHkiOiJhdXRvIiwiZmxleGlibGVDb3JuZXIiOiJhdXRvIiwiYmVuZGluZyI6ImF1dG8iLCJoZWlnaHRUZXhlbHMiOiJhdXRvIn0sImNvdmVyIjp7IndhdmUiOiJhdXRvIiwiY29sb3IiOiJhdXRvIiwic2lkZSI6ImF1dG8iLCJzdHJldGNoSW1hZ2VzIjoiYXV0byIsImJpbmRlclRleHR1cmUiOiJhdXRvIiwiZGVwdGgiOiJhdXRvIiwicGFkZGluZyI6ImF1dG8iLCJzdGFydFZlbG9jaXR5IjoiYXV0byIsImZsZXhpYmlsaXR5IjoiYXV0byIsImZsZXhpYmxlQ29ybmVyIjoiYXV0byIsImJlbmRpbmciOiJhdXRvIiwid2lkdGhUZXhlbHMiOiJhdXRvIiwiaGVpZ2h0VGV4ZWxzIjoiYXV0byIsIm1hc3MiOiJhdXRvIiwic2hhcGUiOiJhdXRvIn0sInBhZ2UiOnsid2F2ZSI6ImF1dG8iLCJjb2xvciI6ImF1dG8iLCJzaWRlIjoiYXV0byIsInN0cmV0Y2hJbWFnZXMiOiJhdXRvIiwiZGVwdGgiOiJhdXRvIiwic3RhcnRWZWxvY2l0eSI6ImF1dG8iLCJmbGV4aWJpbGl0eSI6ImF1dG8iLCJmbGV4aWJsZUNvcm5lciI6ImF1dG8iLCJiZW5kaW5nIjoiYXV0byIsIndpZHRoVGV4ZWxzIjoiYXV0byIsImhlaWdodFRleGVscyI6ImF1dG8iLCJtYXNzIjoiYXV0byIsInNoYXBlIjoiYXV0byJ9LCJoZWlnaHQiOiJhdXRvIiwid2lkdGgiOiJhdXRvIiwiZ3Jhdml0eSI6ImF1dG8iLCJwYWdlc0ZvclByZWRpY3RpbmciOiJhdXRvIn0sImNvbnRyb2xQcm9wcyI6eyJhY3Rpb25zIjp7ImNtZFRvYyI6eyJlbmFibGVkIjoiYXV0byIsImVuYWJsZWRJbk5hcnJvdyI6ImF1dG8iLCJhY3RpdmUiOiJhdXRvIiwiZGVmYXVsdFRhYiI6ImF1dG8ifSwiY21kQXV0b1BsYXkiOnsiZW5hYmxlZCI6ImF1dG8iLCJlbmFibGVkSW5OYXJyb3ciOiJhdXRvIiwiYWN0aXZlIjoiYXV0byJ9LCJjbWRTYXZlIjp7ImVuYWJsZWQiOiJhdXRvIiwiZW5hYmxlZEluTmFycm93IjoiYXV0byJ9LCJjbWRQcmludCI6eyJlbmFibGVkIjoiYXV0byIsImVuYWJsZWRJbk5hcnJvdyI6ImF1dG8ifSwiY21kU2luZ2xlUGFnZSI6eyJlbmFibGVkIjoiYXV0byIsImVuYWJsZWRJbk5hcnJvdyI6ImF1dG8iLCJhY3RpdmUiOiJhdXRvIiwiYWN0aXZlRm9yTW9iaWxlIjoiYXV0byJ9LCJ3aWRUb29sYmFyIjp7ImVuYWJsZWQiOiJhdXRvIiwiZW5hYmxlZEluTmFycm93IjoiYXV0byJ9fX0sImF1dG9UaHVtYm5haWwiOiJodHRwczpcL1wvbm9ybWFuZGllbWFpbmUuY2VyZnJhbmNlLmZyXC9sYXRlbGllclwvd3AtY29udGVudFwvdXBsb2Fkc1wvc2l0ZXNcLzJcLzNkLWZsaXAtYm9va1wvYXV0by10aHVtYm5haWxzXC81MzIxLnBuZyIsInBvc3RfbmFtZSI6ImRlLWxhLWZvdXJjaGUtYS1sYS1mb3VyY2hldHRlLW1hcnMtMjAyNSIsInBvc3RfdHlwZSI6IjNkLWZsaXAtYm9vayJ9fSwicGFnZXMiOltdLCJmaXJzdFBhZ2VzIjpbXX0=');window.FB3D_CLIENT_LOCALE && FB3D_CLIENT_LOCALE.render && FB3D_CLIENT_LOCALE.render();<\/script>\n\n\n\n<div style=\"height:50px\" aria-hidden=\"true\" class=\"wp-block-spacer\"><\/div>\n\n\n\n<p>Retrouvez tous<strong> <a href=\"https:\/\/normandiemaine.cerfrance.fr\/latelier\/category\/de-la-fourche-a-la-fourchette\/\">nos articles \u00ab\u00a0De la Fourche \u00e0 la Fourchette\u00a0\u00bb<\/a><\/strong> sur notre site de l&rsquo;Atelier.<\/p>\n\n\n\n<p><\/p>\n","protected":false},"excerpt":{"rendered":"<p>D\u00e9couvrez les d\u00e9fis actuels de l\u2019agriculture fran\u00e7aise face aux droits de douane am\u00e9ricains et les avanc\u00e9es de la loi d\u2019orientation agricole. Explorez \u00e9galement les mesures pour promouvoir l\u2019\u00e9galit\u00e9 des femmes dans l\u2019agriculture.<\/p>\n","protected":false},"author":1,"featured_media":5319,"comment_status":"closed","ping_status":"closed","sticky":false,"template":"","format":"standard","meta":{"site-sidebar-layout":"default","site-content-layout":"","ast-site-content-layout":"default","site-content-style":"default","site-sidebar-style":"default","ast-global-header-display":"","ast-banner-title-visibility":"","ast-main-header-display":"","ast-hfb-above-header-display":"","ast-hfb-below-header-display":"","ast-hfb-mobile-header-display":"","site-post-title":"","ast-breadcrumbs-content":"","ast-featured-img":"","footer-sml-layout":"","ast-disable-related-posts":"","theme-transparent-header-meta":"","adv-header-id-meta":"","stick-header-meta":"","header-above-stick-meta":"","header-main-stick-meta":"","header-below-stick-meta":"","astra-migrate-meta-layouts":"set","ast-page-background-enabled":"default","ast-page-background-meta":{"desktop":{"background-color":"","background-image":"","background-repeat":"repeat","background-position":"center center","background-size":"auto","background-attachment":"scroll","background-type":"","background-media":"","overlay-type":"","overlay-color":"","overlay-opacity":"","overlay-gradient":""},"tablet":{"background-color":"","background-image":"","background-repeat":"repeat","background-position":"center center","background-size":"auto","background-attachment":"scroll","background-type":"","background-media":"","overlay-type":"","overlay-color":"","overlay-opacity":"","overlay-gradient":""},"mobile":{"background-color":"","background-image":"","background-repeat":"repeat","background-position":"center center","background-size":"auto","background-attachment":"scroll","background-type":"","background-media":"","overlay-type":"","overlay-color":"","overlay-opacity":"","overlay-gradient":""}},"ast-content-background-meta":{"desktop":{"background-color":"var(--ast-global-color-5)","background-image":"","background-repeat":"repeat","background-position":"center center","background-size":"auto","background-attachment":"scroll","background-type":"","background-media":"","overlay-type":"","overlay-color":"","overlay-opacity":"","overlay-gradient":""},"tablet":{"background-color":"var(--ast-global-color-5)","background-image":"","background-repeat":"repeat","background-position":"center center","background-size":"auto","background-attachment":"scroll","background-type":"","background-media":"","overlay-type":"","overlay-color":"","overlay-opacity":"","overlay-gradient":""},"mobile":{"background-color":"var(--ast-global-color-5)","background-image":"","background-repeat":"repeat","background-position":"center center","background-size":"auto","background-attachment":"scroll","background-type":"","background-media":"","overlay-type":"","overlay-color":"","overlay-opacity":"","overlay-gradient":""}},"_jetpack_memberships_contains_paid_content":false,"footnotes":""},"categories":[133],"tags":[],"class_list":["post-5318","post","type-post","status-publish","format-standard","has-post-thumbnail","hentry","category-de-la-fourche-a-la-fourchette"],"yoast_head":"<!-- This site is optimized with the Yoast SEO plugin v27.4 - https:\/\/yoast.com\/product\/yoast-seo-wordpress\/ -->\n<title>De la Fourche \u00e0 la Fourchette | Mars 2025 - L&#039;Atelier des \u00e9tudes \u00e9conomiques<\/title>\n<meta name=\"description\" content=\"D\u00e9couvrez les d\u00e9fis actuels de l\u2019agriculture fran\u00e7aise face aux droits de douane am\u00e9ricains et les avanc\u00e9es de la loi d\u2019orientation agricole. Explorez les mesures de l\u2019\u00e9galit\u00e9 des femmes agricultrices.\" \/>\n<meta name=\"robots\" content=\"index, follow, max-snippet:-1, max-image-preview:large, max-video-preview:-1\" \/>\n<link rel=\"canonical\" href=\"https:\/\/normandiemaine.cerfrance.fr\/latelier\/de-la-fourche-a-la-fourchette-mars-2025\/\" \/>\n<meta property=\"og:locale\" content=\"fr_FR\" \/>\n<meta property=\"og:type\" content=\"article\" \/>\n<meta property=\"og:title\" content=\"De la Fourche \u00e0 la Fourchette | Mars 2025 - L&#039;Atelier des \u00e9tudes \u00e9conomiques\" \/>\n<meta property=\"og:description\" content=\"D\u00e9couvrez les d\u00e9fis actuels de l\u2019agriculture fran\u00e7aise face aux droits de douane am\u00e9ricains et les avanc\u00e9es de la loi d\u2019orientation agricole. Explorez les mesures de l\u2019\u00e9galit\u00e9 des femmes agricultrices.\" \/>\n<meta property=\"og:url\" content=\"https:\/\/normandiemaine.cerfrance.fr\/latelier\/de-la-fourche-a-la-fourchette-mars-2025\/\" \/>\n<meta property=\"og:site_name\" content=\"L&#039;Atelier des \u00e9tudes \u00e9conomiques\" \/>\n<meta property=\"article:published_time\" content=\"2025-03-13T07:54:42+00:00\" \/>\n<meta property=\"article:modified_time\" content=\"2025-06-16T06:50:39+00:00\" \/>\n<meta property=\"og:image\" content=\"https:\/\/normandiemaine.cerfrance.fr\/latelier\/wp-content\/uploads\/sites\/2\/2025\/03\/FAF_Mars_2025_img.jpg\" \/>\n\t<meta property=\"og:image:width\" content=\"1080\" \/>\n\t<meta property=\"og:image:height\" content=\"1080\" \/>\n\t<meta property=\"og:image:type\" content=\"image\/jpeg\" \/>\n<meta name=\"author\" content=\"Atelier des \u00e9tudes \u00e9conomiques\" \/>\n<meta name=\"twitter:card\" content=\"summary_large_image\" \/>\n<meta name=\"twitter:label1\" content=\"\u00c9crit par\" \/>\n\t<meta name=\"twitter:data1\" content=\"Atelier des \u00e9tudes \u00e9conomiques\" \/>\n\t<meta name=\"twitter:label2\" content=\"Dur\u00e9e de lecture estim\u00e9e\" \/>\n\t<meta name=\"twitter:data2\" content=\"2 minutes\" \/>\n<script type=\"application\/ld+json\" class=\"yoast-schema-graph\">{\"@context\":\"https:\\\/\\\/schema.org\",\"@graph\":[{\"@type\":\"Article\",\"@id\":\"https:\\\/\\\/normandiemaine.cerfrance.fr\\\/latelier\\\/de-la-fourche-a-la-fourchette-mars-2025\\\/#article\",\"isPartOf\":{\"@id\":\"https:\\\/\\\/normandiemaine.cerfrance.fr\\\/latelier\\\/de-la-fourche-a-la-fourchette-mars-2025\\\/\"},\"author\":{\"name\":\"Atelier des \u00e9tudes \u00e9conomiques\",\"@id\":\"https:\\\/\\\/normandiemaine.cerfrance.fr\\\/latelier\\\/#\\\/schema\\\/person\\\/6df42cef48dd2bfb3415ab1876a5b882\"},\"headline\":\"De la Fourche \u00e0 la Fourchette | Mars 2025\",\"datePublished\":\"2025-03-13T07:54:42+00:00\",\"dateModified\":\"2025-06-16T06:50:39+00:00\",\"mainEntityOfPage\":{\"@id\":\"https:\\\/\\\/normandiemaine.cerfrance.fr\\\/latelier\\\/de-la-fourche-a-la-fourchette-mars-2025\\\/\"},\"wordCount\":209,\"publisher\":{\"@id\":\"https:\\\/\\\/normandiemaine.cerfrance.fr\\\/latelier\\\/#organization\"},\"image\":{\"@id\":\"https:\\\/\\\/normandiemaine.cerfrance.fr\\\/latelier\\\/de-la-fourche-a-la-fourchette-mars-2025\\\/#primaryimage\"},\"thumbnailUrl\":\"https:\\\/\\\/i0.wp.com\\\/normandiemaine.cerfrance.fr\\\/latelier\\\/wp-content\\\/uploads\\\/sites\\\/2\\\/2025\\\/03\\\/FAF_Mars_2025_img.jpg?fit=1080%2C1080&ssl=1\",\"articleSection\":[\"De la Fourche \u00e0 la Fourchette\"],\"inLanguage\":\"fr-FR\"},{\"@type\":\"WebPage\",\"@id\":\"https:\\\/\\\/normandiemaine.cerfrance.fr\\\/latelier\\\/de-la-fourche-a-la-fourchette-mars-2025\\\/\",\"url\":\"https:\\\/\\\/normandiemaine.cerfrance.fr\\\/latelier\\\/de-la-fourche-a-la-fourchette-mars-2025\\\/\",\"name\":\"De la Fourche \u00e0 la Fourchette | Mars 2025 - L&#039;Atelier des \u00e9tudes \u00e9conomiques\",\"isPartOf\":{\"@id\":\"https:\\\/\\\/normandiemaine.cerfrance.fr\\\/latelier\\\/#website\"},\"primaryImageOfPage\":{\"@id\":\"https:\\\/\\\/normandiemaine.cerfrance.fr\\\/latelier\\\/de-la-fourche-a-la-fourchette-mars-2025\\\/#primaryimage\"},\"image\":{\"@id\":\"https:\\\/\\\/normandiemaine.cerfrance.fr\\\/latelier\\\/de-la-fourche-a-la-fourchette-mars-2025\\\/#primaryimage\"},\"thumbnailUrl\":\"https:\\\/\\\/i0.wp.com\\\/normandiemaine.cerfrance.fr\\\/latelier\\\/wp-content\\\/uploads\\\/sites\\\/2\\\/2025\\\/03\\\/FAF_Mars_2025_img.jpg?fit=1080%2C1080&ssl=1\",\"datePublished\":\"2025-03-13T07:54:42+00:00\",\"dateModified\":\"2025-06-16T06:50:39+00:00\",\"description\":\"D\u00e9couvrez les d\u00e9fis actuels de l\u2019agriculture fran\u00e7aise face aux droits de douane am\u00e9ricains et les avanc\u00e9es de la loi d\u2019orientation agricole. Explorez les mesures de l\u2019\u00e9galit\u00e9 des femmes agricultrices.\",\"breadcrumb\":{\"@id\":\"https:\\\/\\\/normandiemaine.cerfrance.fr\\\/latelier\\\/de-la-fourche-a-la-fourchette-mars-2025\\\/#breadcrumb\"},\"inLanguage\":\"fr-FR\",\"potentialAction\":[{\"@type\":\"ReadAction\",\"target\":[\"https:\\\/\\\/normandiemaine.cerfrance.fr\\\/latelier\\\/de-la-fourche-a-la-fourchette-mars-2025\\\/\"]}]},{\"@type\":\"ImageObject\",\"inLanguage\":\"fr-FR\",\"@id\":\"https:\\\/\\\/normandiemaine.cerfrance.fr\\\/latelier\\\/de-la-fourche-a-la-fourchette-mars-2025\\\/#primaryimage\",\"url\":\"https:\\\/\\\/i0.wp.com\\\/normandiemaine.cerfrance.fr\\\/latelier\\\/wp-content\\\/uploads\\\/sites\\\/2\\\/2025\\\/03\\\/FAF_Mars_2025_img.jpg?fit=1080%2C1080&ssl=1\",\"contentUrl\":\"https:\\\/\\\/i0.wp.com\\\/normandiemaine.cerfrance.fr\\\/latelier\\\/wp-content\\\/uploads\\\/sites\\\/2\\\/2025\\\/03\\\/FAF_Mars_2025_img.jpg?fit=1080%2C1080&ssl=1\",\"width\":1080,\"height\":1080,\"caption\":\"Illustration fourche \u00e0 la fourchette f\u00e9vrier 2025\"},{\"@type\":\"BreadcrumbList\",\"@id\":\"https:\\\/\\\/normandiemaine.cerfrance.fr\\\/latelier\\\/de-la-fourche-a-la-fourchette-mars-2025\\\/#breadcrumb\",\"itemListElement\":[{\"@type\":\"ListItem\",\"position\":1,\"name\":\"Accueil\",\"item\":\"https:\\\/\\\/normandiemaine.cerfrance.fr\\\/latelier\\\/\"},{\"@type\":\"ListItem\",\"position\":2,\"name\":\"De la Fourche \u00e0 la Fourchette | Mars 2025\"}]},{\"@type\":\"WebSite\",\"@id\":\"https:\\\/\\\/normandiemaine.cerfrance.fr\\\/latelier\\\/#website\",\"url\":\"https:\\\/\\\/normandiemaine.cerfrance.fr\\\/latelier\\\/\",\"name\":\"L&#039;Atelier des \u00e9tudes \u00e9conomiques\",\"description\":\"Un site du Cerfrance Normandie Maine\",\"publisher\":{\"@id\":\"https:\\\/\\\/normandiemaine.cerfrance.fr\\\/latelier\\\/#organization\"},\"potentialAction\":[{\"@type\":\"SearchAction\",\"target\":{\"@type\":\"EntryPoint\",\"urlTemplate\":\"https:\\\/\\\/normandiemaine.cerfrance.fr\\\/latelier\\\/?s={search_term_string}\"},\"query-input\":{\"@type\":\"PropertyValueSpecification\",\"valueRequired\":true,\"valueName\":\"search_term_string\"}}],\"inLanguage\":\"fr-FR\"},{\"@type\":\"Organization\",\"@id\":\"https:\\\/\\\/normandiemaine.cerfrance.fr\\\/latelier\\\/#organization\",\"name\":\"L&#039;Atelier des \u00e9tudes \u00e9conomiques\",\"url\":\"https:\\\/\\\/normandiemaine.cerfrance.fr\\\/latelier\\\/\",\"logo\":{\"@type\":\"ImageObject\",\"inLanguage\":\"fr-FR\",\"@id\":\"https:\\\/\\\/normandiemaine.cerfrance.fr\\\/latelier\\\/#\\\/schema\\\/logo\\\/image\\\/\",\"url\":\"https:\\\/\\\/i0.wp.com\\\/normandiemaine.cerfrance.fr\\\/latelier\\\/wp-content\\\/uploads\\\/sites\\\/2\\\/2020\\\/10\\\/Logo-atelier-2016.png?fit=400%2C195&ssl=1\",\"contentUrl\":\"https:\\\/\\\/i0.wp.com\\\/normandiemaine.cerfrance.fr\\\/latelier\\\/wp-content\\\/uploads\\\/sites\\\/2\\\/2020\\\/10\\\/Logo-atelier-2016.png?fit=400%2C195&ssl=1\",\"width\":400,\"height\":195,\"caption\":\"L&#039;Atelier des \u00e9tudes \u00e9conomiques\"},\"image\":{\"@id\":\"https:\\\/\\\/normandiemaine.cerfrance.fr\\\/latelier\\\/#\\\/schema\\\/logo\\\/image\\\/\"}},{\"@type\":\"Person\",\"@id\":\"https:\\\/\\\/normandiemaine.cerfrance.fr\\\/latelier\\\/#\\\/schema\\\/person\\\/6df42cef48dd2bfb3415ab1876a5b882\",\"name\":\"Atelier des \u00e9tudes \u00e9conomiques\",\"image\":{\"@type\":\"ImageObject\",\"inLanguage\":\"fr-FR\",\"@id\":\"https:\\\/\\\/secure.gravatar.com\\\/avatar\\\/f7a0f8caacdbdf5d5a7ff1a3c9ec84b2dec27c572e49585b73b863d0b8988df1?s=96&d=mm&r=g\",\"url\":\"https:\\\/\\\/secure.gravatar.com\\\/avatar\\\/f7a0f8caacdbdf5d5a7ff1a3c9ec84b2dec27c572e49585b73b863d0b8988df1?s=96&d=mm&r=g\",\"contentUrl\":\"https:\\\/\\\/secure.gravatar.com\\\/avatar\\\/f7a0f8caacdbdf5d5a7ff1a3c9ec84b2dec27c572e49585b73b863d0b8988df1?s=96&d=mm&r=g\",\"caption\":\"Atelier des \u00e9tudes \u00e9conomiques\"},\"sameAs\":[\"http:\\\/\\\/normandiemaine.cerfrance.fr\"],\"url\":\"https:\\\/\\\/normandiemaine.cerfrance.fr\\\/latelier\\\/author\\\/nadege\\\/\"}]}<\/script>\n<!-- \/ Yoast SEO plugin. -->","yoast_head_json":{"title":"De la Fourche \u00e0 la Fourchette | Mars 2025 - L&#039;Atelier des \u00e9tudes \u00e9conomiques","description":"D\u00e9couvrez les d\u00e9fis actuels de l\u2019agriculture fran\u00e7aise face aux droits de douane am\u00e9ricains et les avanc\u00e9es de la loi d\u2019orientation agricole. Explorez les mesures de l\u2019\u00e9galit\u00e9 des femmes agricultrices.","robots":{"index":"index","follow":"follow","max-snippet":"max-snippet:-1","max-image-preview":"max-image-preview:large","max-video-preview":"max-video-preview:-1"},"canonical":"https:\/\/normandiemaine.cerfrance.fr\/latelier\/de-la-fourche-a-la-fourchette-mars-2025\/","og_locale":"fr_FR","og_type":"article","og_title":"De la Fourche \u00e0 la Fourchette | Mars 2025 - L&#039;Atelier des \u00e9tudes \u00e9conomiques","og_description":"D\u00e9couvrez les d\u00e9fis actuels de l\u2019agriculture fran\u00e7aise face aux droits de douane am\u00e9ricains et les avanc\u00e9es de la loi d\u2019orientation agricole. Explorez les mesures de l\u2019\u00e9galit\u00e9 des femmes agricultrices.","og_url":"https:\/\/normandiemaine.cerfrance.fr\/latelier\/de-la-fourche-a-la-fourchette-mars-2025\/","og_site_name":"L&#039;Atelier des \u00e9tudes \u00e9conomiques","article_published_time":"2025-03-13T07:54:42+00:00","article_modified_time":"2025-06-16T06:50:39+00:00","og_image":[{"width":1080,"height":1080,"url":"https:\/\/normandiemaine.cerfrance.fr\/latelier\/wp-content\/uploads\/sites\/2\/2025\/03\/FAF_Mars_2025_img.jpg","type":"image\/jpeg"}],"author":"Atelier des \u00e9tudes \u00e9conomiques","twitter_card":"summary_large_image","twitter_misc":{"\u00c9crit par":"Atelier des \u00e9tudes \u00e9conomiques","Dur\u00e9e de lecture estim\u00e9e":"2 minutes"},"schema":{"@context":"https:\/\/schema.org","@graph":[{"@type":"Article","@id":"https:\/\/normandiemaine.cerfrance.fr\/latelier\/de-la-fourche-a-la-fourchette-mars-2025\/#article","isPartOf":{"@id":"https:\/\/normandiemaine.cerfrance.fr\/latelier\/de-la-fourche-a-la-fourchette-mars-2025\/"},"author":{"name":"Atelier des \u00e9tudes \u00e9conomiques","@id":"https:\/\/normandiemaine.cerfrance.fr\/latelier\/#\/schema\/person\/6df42cef48dd2bfb3415ab1876a5b882"},"headline":"De la Fourche \u00e0 la Fourchette | Mars 2025","datePublished":"2025-03-13T07:54:42+00:00","dateModified":"2025-06-16T06:50:39+00:00","mainEntityOfPage":{"@id":"https:\/\/normandiemaine.cerfrance.fr\/latelier\/de-la-fourche-a-la-fourchette-mars-2025\/"},"wordCount":209,"publisher":{"@id":"https:\/\/normandiemaine.cerfrance.fr\/latelier\/#organization"},"image":{"@id":"https:\/\/normandiemaine.cerfrance.fr\/latelier\/de-la-fourche-a-la-fourchette-mars-2025\/#primaryimage"},"thumbnailUrl":"https:\/\/i0.wp.com\/normandiemaine.cerfrance.fr\/latelier\/wp-content\/uploads\/sites\/2\/2025\/03\/FAF_Mars_2025_img.jpg?fit=1080%2C1080&ssl=1","articleSection":["De la Fourche \u00e0 la Fourchette"],"inLanguage":"fr-FR"},{"@type":"WebPage","@id":"https:\/\/normandiemaine.cerfrance.fr\/latelier\/de-la-fourche-a-la-fourchette-mars-2025\/","url":"https:\/\/normandiemaine.cerfrance.fr\/latelier\/de-la-fourche-a-la-fourchette-mars-2025\/","name":"De la Fourche \u00e0 la Fourchette | Mars 2025 - L&#039;Atelier des \u00e9tudes \u00e9conomiques","isPartOf":{"@id":"https:\/\/normandiemaine.cerfrance.fr\/latelier\/#website"},"primaryImageOfPage":{"@id":"https:\/\/normandiemaine.cerfrance.fr\/latelier\/de-la-fourche-a-la-fourchette-mars-2025\/#primaryimage"},"image":{"@id":"https:\/\/normandiemaine.cerfrance.fr\/latelier\/de-la-fourche-a-la-fourchette-mars-2025\/#primaryimage"},"thumbnailUrl":"https:\/\/i0.wp.com\/normandiemaine.cerfrance.fr\/latelier\/wp-content\/uploads\/sites\/2\/2025\/03\/FAF_Mars_2025_img.jpg?fit=1080%2C1080&ssl=1","datePublished":"2025-03-13T07:54:42+00:00","dateModified":"2025-06-16T06:50:39+00:00","description":"D\u00e9couvrez les d\u00e9fis actuels de l\u2019agriculture fran\u00e7aise face aux droits de douane am\u00e9ricains et les avanc\u00e9es de la loi d\u2019orientation agricole. Explorez les mesures de l\u2019\u00e9galit\u00e9 des femmes agricultrices.","breadcrumb":{"@id":"https:\/\/normandiemaine.cerfrance.fr\/latelier\/de-la-fourche-a-la-fourchette-mars-2025\/#breadcrumb"},"inLanguage":"fr-FR","potentialAction":[{"@type":"ReadAction","target":["https:\/\/normandiemaine.cerfrance.fr\/latelier\/de-la-fourche-a-la-fourchette-mars-2025\/"]}]},{"@type":"ImageObject","inLanguage":"fr-FR","@id":"https:\/\/normandiemaine.cerfrance.fr\/latelier\/de-la-fourche-a-la-fourchette-mars-2025\/#primaryimage","url":"https:\/\/i0.wp.com\/normandiemaine.cerfrance.fr\/latelier\/wp-content\/uploads\/sites\/2\/2025\/03\/FAF_Mars_2025_img.jpg?fit=1080%2C1080&ssl=1","contentUrl":"https:\/\/i0.wp.com\/normandiemaine.cerfrance.fr\/latelier\/wp-content\/uploads\/sites\/2\/2025\/03\/FAF_Mars_2025_img.jpg?fit=1080%2C1080&ssl=1","width":1080,"height":1080,"caption":"Illustration fourche \u00e0 la fourchette f\u00e9vrier 2025"},{"@type":"BreadcrumbList","@id":"https:\/\/normandiemaine.cerfrance.fr\/latelier\/de-la-fourche-a-la-fourchette-mars-2025\/#breadcrumb","itemListElement":[{"@type":"ListItem","position":1,"name":"Accueil","item":"https:\/\/normandiemaine.cerfrance.fr\/latelier\/"},{"@type":"ListItem","position":2,"name":"De la Fourche \u00e0 la Fourchette | Mars 2025"}]},{"@type":"WebSite","@id":"https:\/\/normandiemaine.cerfrance.fr\/latelier\/#website","url":"https:\/\/normandiemaine.cerfrance.fr\/latelier\/","name":"L&#039;Atelier des \u00e9tudes \u00e9conomiques","description":"Un site du Cerfrance Normandie Maine","publisher":{"@id":"https:\/\/normandiemaine.cerfrance.fr\/latelier\/#organization"},"potentialAction":[{"@type":"SearchAction","target":{"@type":"EntryPoint","urlTemplate":"https:\/\/normandiemaine.cerfrance.fr\/latelier\/?s={search_term_string}"},"query-input":{"@type":"PropertyValueSpecification","valueRequired":true,"valueName":"search_term_string"}}],"inLanguage":"fr-FR"},{"@type":"Organization","@id":"https:\/\/normandiemaine.cerfrance.fr\/latelier\/#organization","name":"L&#039;Atelier des \u00e9tudes \u00e9conomiques","url":"https:\/\/normandiemaine.cerfrance.fr\/latelier\/","logo":{"@type":"ImageObject","inLanguage":"fr-FR","@id":"https:\/\/normandiemaine.cerfrance.fr\/latelier\/#\/schema\/logo\/image\/","url":"https:\/\/i0.wp.com\/normandiemaine.cerfrance.fr\/latelier\/wp-content\/uploads\/sites\/2\/2020\/10\/Logo-atelier-2016.png?fit=400%2C195&ssl=1","contentUrl":"https:\/\/i0.wp.com\/normandiemaine.cerfrance.fr\/latelier\/wp-content\/uploads\/sites\/2\/2020\/10\/Logo-atelier-2016.png?fit=400%2C195&ssl=1","width":400,"height":195,"caption":"L&#039;Atelier des \u00e9tudes \u00e9conomiques"},"image":{"@id":"https:\/\/normandiemaine.cerfrance.fr\/latelier\/#\/schema\/logo\/image\/"}},{"@type":"Person","@id":"https:\/\/normandiemaine.cerfrance.fr\/latelier\/#\/schema\/person\/6df42cef48dd2bfb3415ab1876a5b882","name":"Atelier des \u00e9tudes \u00e9conomiques","image":{"@type":"ImageObject","inLanguage":"fr-FR","@id":"https:\/\/secure.gravatar.com\/avatar\/f7a0f8caacdbdf5d5a7ff1a3c9ec84b2dec27c572e49585b73b863d0b8988df1?s=96&d=mm&r=g","url":"https:\/\/secure.gravatar.com\/avatar\/f7a0f8caacdbdf5d5a7ff1a3c9ec84b2dec27c572e49585b73b863d0b8988df1?s=96&d=mm&r=g","contentUrl":"https:\/\/secure.gravatar.com\/avatar\/f7a0f8caacdbdf5d5a7ff1a3c9ec84b2dec27c572e49585b73b863d0b8988df1?s=96&d=mm&r=g","caption":"Atelier des \u00e9tudes \u00e9conomiques"},"sameAs":["http:\/\/normandiemaine.cerfrance.fr"],"url":"https:\/\/normandiemaine.cerfrance.fr\/latelier\/author\/nadege\/"}]}},"jetpack_featured_media_url":"https:\/\/i0.wp.com\/normandiemaine.cerfrance.fr\/latelier\/wp-content\/uploads\/sites\/2\/2025\/03\/FAF_Mars_2025_img.jpg?fit=1080%2C1080&ssl=1","jetpack_shortlink":"https:\/\/wp.me\/pcBSJA-1nM","jetpack_sharing_enabled":true,"_links":{"self":[{"href":"https:\/\/normandiemaine.cerfrance.fr\/latelier\/wp-json\/wp\/v2\/posts\/5318","targetHints":{"allow":["GET"]}}],"collection":[{"href":"https:\/\/normandiemaine.cerfrance.fr\/latelier\/wp-json\/wp\/v2\/posts"}],"about":[{"href":"https:\/\/normandiemaine.cerfrance.fr\/latelier\/wp-json\/wp\/v2\/types\/post"}],"author":[{"embeddable":true,"href":"https:\/\/normandiemaine.cerfrance.fr\/latelier\/wp-json\/wp\/v2\/users\/1"}],"replies":[{"embeddable":true,"href":"https:\/\/normandiemaine.cerfrance.fr\/latelier\/wp-json\/wp\/v2\/comments?post=5318"}],"version-history":[{"count":2,"href":"https:\/\/normandiemaine.cerfrance.fr\/latelier\/wp-json\/wp\/v2\/posts\/5318\/revisions"}],"predecessor-version":[{"id":5323,"href":"https:\/\/normandiemaine.cerfrance.fr\/latelier\/wp-json\/wp\/v2\/posts\/5318\/revisions\/5323"}],"wp:featuredmedia":[{"embeddable":true,"href":"https:\/\/normandiemaine.cerfrance.fr\/latelier\/wp-json\/wp\/v2\/media\/5319"}],"wp:attachment":[{"href":"https:\/\/normandiemaine.cerfrance.fr\/latelier\/wp-json\/wp\/v2\/media?parent=5318"}],"wp:term":[{"taxonomy":"category","embeddable":true,"href":"https:\/\/normandiemaine.cerfrance.fr\/latelier\/wp-json\/wp\/v2\/categories?post=5318"},{"taxonomy":"post_tag","embeddable":true,"href":"https:\/\/normandiemaine.cerfrance.fr\/latelier\/wp-json\/wp\/v2\/tags?post=5318"}],"curies":[{"name":"wp","href":"https:\/\/api.w.org\/{rel}","templated":true}]}}