{"id":5811,"date":"2025-07-16T11:54:09","date_gmt":"2025-07-16T09:54:09","guid":{"rendered":"https:\/\/normandiemaine.cerfrance.fr\/latelier\/?p=5811"},"modified":"2026-02-02T12:26:56","modified_gmt":"2026-02-02T11:26:56","slug":"veille-economique-horticulture-et-pepinieres-juillet-2025","status":"publish","type":"post","link":"https:\/\/normandiemaine.cerfrance.fr\/latelier\/veille-economique-horticulture-et-pepinieres-juillet-2025\/","title":{"rendered":"Veille \u00e9conomique | Horticulture et p\u00e9pini\u00e8res juillet 2025"},"content":{"rendered":"<div class=\"passster-form\" id=\"ps-955\">\n    <form class=\"password-form\" method=\"post\" autocomplete=\"off\" target=\"_top\">\n        <span class=\"ps-form-headline\">Cette publication est r\u00e9serv\u00e9e aux membres du r\u00e9seau CERFRANCE<\/span>\n        <div class=\"ps-form-instructions-wrap\">Cette publication est prot\u00e9g\u00e9e par un mot de passe. Vous pouvez cependant consulter librement les publications plus anciennes. Si vous \u00eatres membre du r\u00e9seau CERFRANCE et que vous n'avez pas de mot de passe, veuillez contacter votre CERFRANCE.<\/div>\n        <fieldset>\n            <span class=\"ps-loader\" style=\"display:none;\"><img decoding=\"async\" src=\"https:\/\/normandiemaine.cerfrance.fr\/latelier\/wp-content\/plugins\/content-protector\/assets\/public\/ps-loader.svg\" alt=\"\" \/><\/span>\n            <label for=\"input-ps-955\" style=\"display:none;\" class=\"passster-hidden\">Enter your password<\/label>\n            <input placeholder=\"Saisissez le mot de passe...\" type=\"password\" tabindex=\"1\" name=\"passster_password\"\n                   id=\"input-ps-955\" class=\"passster-password\" autocomplete=\"off\"\n                   data-protection-type=\"password\" data-list=\"[PASSSTER_LIST]\" data-lists=\"[PASSSTER_LISTS]\" data-area=\"[PASSSTER_AREA]\"\n                   data-protection=\"full\">\n            <label for=\"passster-password-hint\"><input name=\"passster-password-hint\" id=\"passster-password-hint\" type=\"checkbox\" onclick=\"showPassword()\"\/> Show Password<\/label>\n            <button name=\"submit\" type=\"submit\" class=\"passster-submit\" data-psid=\"ps-955\" data-post-id=\"5811\" data-term-id=\"0\" \n                    data-submit=\"...Checking Password\" data-redirect=\"\">D\u00e9verrouillez la publication\n            <\/button>\n            <div class=\"passster-error\"><\/div>\n        <\/fieldset>\n    <\/form>\n<\/div>\n","protected":false},"excerpt":{"rendered":"<div class=\"passster-form\" id=\"ps-955\">\n<form class=\"password-form\" method=\"post\" autocomplete=\"off\" target=\"_top\">\n        <span class=\"ps-form-headline\">Cette publication est r\u00e9serv\u00e9e aux membres du r\u00e9seau CERFRANCE<\/span><\/p>\n<div class=\"ps-form-instructions-wrap\">Cette publication est prot\u00e9g\u00e9e par un mot de passe. Vous pouvez cependant consulter librement les publications plus anciennes. Si vous \u00eatres membre du r\u00e9seau CERFRANCE et que vous n&rsquo;avez pas de mot de passe, veuillez contacter votre CERFRANCE.<\/div>\n<fieldset>\n            <span class=\"ps-loader\" style=\"display:none;\"><img decoding=\"async\" src=\"https:\/\/normandiemaine.cerfrance.fr\/latelier\/wp-content\/plugins\/content-protector\/assets\/public\/ps-loader.svg\" alt=\"\" \/><\/span><br \/>\n            <label for=\"input-ps-955\" style=\"display:none;\" class=\"passster-hidden\">Enter your password<\/label><br \/>\n            <input placeholder=\"Saisissez le mot de passe...\" type=\"password\" tabindex=\"1\" name=\"passster_password\"\n                   id=\"input-ps-955\" class=\"passster-password\" autocomplete=\"off\"\n                   data-protection-type=\"password\" data-list=\"[PASSSTER_LIST]\" data-lists=\"[PASSSTER_LISTS]\" data-area=\"[PASSSTER_AREA]\"\n                   data-protection=\"full\"><br \/>\n            <label for=\"passster-password-hint\"><input name=\"passster-password-hint\" id=\"passster-password-hint\" type=\"checkbox\" onclick=\"showPassword()\"\/> Show Password<\/label><br \/>\n            <button name=\"submit\" type=\"submit\" class=\"passster-submit\" data-psid=\"ps-955\" data-post-id=\"5811\" data-term-id=\"0\" \n                    data-submit=\"...Checking Password\" data-redirect=\"\">D\u00e9verrouillez la publication<br \/>\n            <\/button><\/p>\n<div class=\"passster-error\"><\/div>\n<\/fieldset><\/form>\n<\/div>\n","protected":false},"author":1,"featured_media":5814,"comment_status":"closed","ping_status":"closed","sticky":false,"template":"","format":"standard","meta":{"site-sidebar-layout":"default","site-content-layout":"","ast-site-content-layout":"default","site-content-style":"default","site-sidebar-style":"default","ast-global-header-display":"","ast-banner-title-visibility":"","ast-main-header-display":"","ast-hfb-above-header-display":"","ast-hfb-below-header-display":"","ast-hfb-mobile-header-display":"","site-post-title":"","ast-breadcrumbs-content":"","ast-featured-img":"","footer-sml-layout":"","ast-disable-related-posts":"","theme-transparent-header-meta":"","adv-header-id-meta":"","stick-header-meta":"","header-above-stick-meta":"","header-main-stick-meta":"","header-below-stick-meta":"","astra-migrate-meta-layouts":"set","ast-page-background-enabled":"default","ast-page-background-meta":{"desktop":{"background-color":"","background-image":"","background-repeat":"repeat","background-position":"center center","background-size":"auto","background-attachment":"scroll","background-type":"","background-media":"","overlay-type":"","overlay-color":"","overlay-opacity":"","overlay-gradient":""},"tablet":{"background-color":"","background-image":"","background-repeat":"repeat","background-position":"center center","background-size":"auto","background-attachment":"scroll","background-type":"","background-media":"","overlay-type":"","overlay-color":"","overlay-opacity":"","overlay-gradient":""},"mobile":{"background-color":"","background-image":"","background-repeat":"repeat","background-position":"center center","background-size":"auto","background-attachment":"scroll","background-type":"","background-media":"","overlay-type":"","overlay-color":"","overlay-opacity":"","overlay-gradient":""}},"ast-content-background-meta":{"desktop":{"background-color":"var(--ast-global-color-5)","background-image":"","background-repeat":"repeat","background-position":"center center","background-size":"auto","background-attachment":"scroll","background-type":"","background-media":"","overlay-type":"","overlay-color":"","overlay-opacity":"","overlay-gradient":""},"tablet":{"background-color":"var(--ast-global-color-5)","background-image":"","background-repeat":"repeat","background-position":"center center","background-size":"auto","background-attachment":"scroll","background-type":"","background-media":"","overlay-type":"","overlay-color":"","overlay-opacity":"","overlay-gradient":""},"mobile":{"background-color":"var(--ast-global-color-5)","background-image":"","background-repeat":"repeat","background-position":"center center","background-size":"auto","background-attachment":"scroll","background-type":"","background-media":"","overlay-type":"","overlay-color":"","overlay-opacity":"","overlay-gradient":""}},"_jetpack_memberships_contains_paid_content":false,"footnotes":""},"categories":[150],"tags":[326],"class_list":["post-5811","post","type-post","status-publish","format-standard","has-post-thumbnail","hentry","category-horticulture-pepinieres","tag-reserve-aux-membres"],"yoast_head":"<!-- This site is optimized with the Yoast SEO plugin v27.4 - https:\/\/yoast.com\/product\/yoast-seo-wordpress\/ -->\n<title>Veille \u00e9conomique | Horticulture et p\u00e9pini\u00e8res juillet 2025 - L&#039;Atelier des \u00e9tudes \u00e9conomiques<\/title>\n<meta name=\"description\" content=\"Horticulture et p\u00e9pini\u00e8res : entre croissance fragile et d\u00e9fis majeurs, la fili\u00e8re fran\u00e7aise doit se transformer pour rester comp\u00e9titive face aux enjeux climatiques, \u00e9conomiques et sociaux.\" \/>\n<meta name=\"robots\" content=\"index, follow, max-snippet:-1, max-image-preview:large, max-video-preview:-1\" \/>\n<link rel=\"canonical\" href=\"https:\/\/normandiemaine.cerfrance.fr\/latelier\/veille-economique-horticulture-et-pepinieres-juillet-2025\/\" \/>\n<meta property=\"og:locale\" content=\"fr_FR\" \/>\n<meta property=\"og:type\" content=\"article\" \/>\n<meta property=\"og:title\" content=\"Veille \u00e9conomique | Horticulture et p\u00e9pini\u00e8res juillet 2025 - L&#039;Atelier des \u00e9tudes \u00e9conomiques\" \/>\n<meta property=\"og:description\" content=\"Horticulture et p\u00e9pini\u00e8res : entre croissance fragile et d\u00e9fis majeurs, la fili\u00e8re fran\u00e7aise doit se transformer pour rester comp\u00e9titive face aux enjeux climatiques, \u00e9conomiques et sociaux.\" \/>\n<meta property=\"og:url\" content=\"https:\/\/normandiemaine.cerfrance.fr\/latelier\/veille-economique-horticulture-et-pepinieres-juillet-2025\/\" \/>\n<meta property=\"og:site_name\" content=\"L&#039;Atelier des \u00e9tudes \u00e9conomiques\" \/>\n<meta property=\"article:published_time\" content=\"2025-07-16T09:54:09+00:00\" \/>\n<meta property=\"article:modified_time\" content=\"2026-02-02T11:26:56+00:00\" \/>\n<meta property=\"og:image\" content=\"https:\/\/normandiemaine.cerfrance.fr\/latelier\/wp-content\/uploads\/sites\/2\/2025\/07\/Note_Horti_juil.25_AEE_minia.jpg\" \/>\n\t<meta property=\"og:image:width\" content=\"1080\" \/>\n\t<meta property=\"og:image:height\" content=\"1080\" \/>\n\t<meta property=\"og:image:type\" content=\"image\/jpeg\" \/>\n<meta name=\"author\" content=\"Atelier des \u00e9tudes \u00e9conomiques\" \/>\n<meta name=\"twitter:card\" content=\"summary_large_image\" \/>\n<meta name=\"twitter:label1\" content=\"\u00c9crit par\" \/>\n\t<meta name=\"twitter:data1\" content=\"Atelier des \u00e9tudes \u00e9conomiques\" \/>\n\t<meta name=\"twitter:label2\" content=\"Dur\u00e9e de lecture estim\u00e9e\" \/>\n\t<meta name=\"twitter:data2\" content=\"1 minute\" \/>\n<script type=\"application\/ld+json\" class=\"yoast-schema-graph\">{\"@context\":\"https:\\\/\\\/schema.org\",\"@graph\":[{\"@type\":\"Article\",\"@id\":\"https:\\\/\\\/normandiemaine.cerfrance.fr\\\/latelier\\\/veille-economique-horticulture-et-pepinieres-juillet-2025\\\/#article\",\"isPartOf\":{\"@id\":\"https:\\\/\\\/normandiemaine.cerfrance.fr\\\/latelier\\\/veille-economique-horticulture-et-pepinieres-juillet-2025\\\/\"},\"author\":{\"name\":\"Atelier des \u00e9tudes \u00e9conomiques\",\"@id\":\"https:\\\/\\\/normandiemaine.cerfrance.fr\\\/latelier\\\/#\\\/schema\\\/person\\\/6df42cef48dd2bfb3415ab1876a5b882\"},\"headline\":\"Veille \u00e9conomique | Horticulture et p\u00e9pini\u00e8res juillet 2025\",\"datePublished\":\"2025-07-16T09:54:09+00:00\",\"dateModified\":\"2026-02-02T11:26:56+00:00\",\"mainEntityOfPage\":{\"@id\":\"https:\\\/\\\/normandiemaine.cerfrance.fr\\\/latelier\\\/veille-economique-horticulture-et-pepinieres-juillet-2025\\\/\"},\"wordCount\":80,\"publisher\":{\"@id\":\"https:\\\/\\\/normandiemaine.cerfrance.fr\\\/latelier\\\/#organization\"},\"image\":{\"@id\":\"https:\\\/\\\/normandiemaine.cerfrance.fr\\\/latelier\\\/veille-economique-horticulture-et-pepinieres-juillet-2025\\\/#primaryimage\"},\"thumbnailUrl\":\"https:\\\/\\\/i0.wp.com\\\/normandiemaine.cerfrance.fr\\\/latelier\\\/wp-content\\\/uploads\\\/sites\\\/2\\\/2025\\\/07\\\/Note_Horti_juil.25_AEE_minia.jpg?fit=1080%2C1080&ssl=1\",\"keywords\":[\"R\u00e9serv\u00e9 aux membres\"],\"articleSection\":[\"Horticulture-P\u00e9pini\u00e8res\"],\"inLanguage\":\"fr-FR\"},{\"@type\":\"WebPage\",\"@id\":\"https:\\\/\\\/normandiemaine.cerfrance.fr\\\/latelier\\\/veille-economique-horticulture-et-pepinieres-juillet-2025\\\/\",\"url\":\"https:\\\/\\\/normandiemaine.cerfrance.fr\\\/latelier\\\/veille-economique-horticulture-et-pepinieres-juillet-2025\\\/\",\"name\":\"Veille \u00e9conomique | Horticulture et p\u00e9pini\u00e8res juillet 2025 - L&#039;Atelier des \u00e9tudes \u00e9conomiques\",\"isPartOf\":{\"@id\":\"https:\\\/\\\/normandiemaine.cerfrance.fr\\\/latelier\\\/#website\"},\"primaryImageOfPage\":{\"@id\":\"https:\\\/\\\/normandiemaine.cerfrance.fr\\\/latelier\\\/veille-economique-horticulture-et-pepinieres-juillet-2025\\\/#primaryimage\"},\"image\":{\"@id\":\"https:\\\/\\\/normandiemaine.cerfrance.fr\\\/latelier\\\/veille-economique-horticulture-et-pepinieres-juillet-2025\\\/#primaryimage\"},\"thumbnailUrl\":\"https:\\\/\\\/i0.wp.com\\\/normandiemaine.cerfrance.fr\\\/latelier\\\/wp-content\\\/uploads\\\/sites\\\/2\\\/2025\\\/07\\\/Note_Horti_juil.25_AEE_minia.jpg?fit=1080%2C1080&ssl=1\",\"datePublished\":\"2025-07-16T09:54:09+00:00\",\"dateModified\":\"2026-02-02T11:26:56+00:00\",\"description\":\"Horticulture et p\u00e9pini\u00e8res : entre croissance fragile et d\u00e9fis majeurs, la fili\u00e8re fran\u00e7aise doit se transformer pour rester comp\u00e9titive face aux enjeux climatiques, \u00e9conomiques et sociaux.\",\"breadcrumb\":{\"@id\":\"https:\\\/\\\/normandiemaine.cerfrance.fr\\\/latelier\\\/veille-economique-horticulture-et-pepinieres-juillet-2025\\\/#breadcrumb\"},\"inLanguage\":\"fr-FR\",\"potentialAction\":[{\"@type\":\"ReadAction\",\"target\":[\"https:\\\/\\\/normandiemaine.cerfrance.fr\\\/latelier\\\/veille-economique-horticulture-et-pepinieres-juillet-2025\\\/\"]}]},{\"@type\":\"ImageObject\",\"inLanguage\":\"fr-FR\",\"@id\":\"https:\\\/\\\/normandiemaine.cerfrance.fr\\\/latelier\\\/veille-economique-horticulture-et-pepinieres-juillet-2025\\\/#primaryimage\",\"url\":\"https:\\\/\\\/i0.wp.com\\\/normandiemaine.cerfrance.fr\\\/latelier\\\/wp-content\\\/uploads\\\/sites\\\/2\\\/2025\\\/07\\\/Note_Horti_juil.25_AEE_minia.jpg?fit=1080%2C1080&ssl=1\",\"contentUrl\":\"https:\\\/\\\/i0.wp.com\\\/normandiemaine.cerfrance.fr\\\/latelier\\\/wp-content\\\/uploads\\\/sites\\\/2\\\/2025\\\/07\\\/Note_Horti_juil.25_AEE_minia.jpg?fit=1080%2C1080&ssl=1\",\"width\":1080,\"height\":1080,\"caption\":\"Veille \u00e9conomique | Horticulture et p\u00e9pini\u00e8res\"},{\"@type\":\"BreadcrumbList\",\"@id\":\"https:\\\/\\\/normandiemaine.cerfrance.fr\\\/latelier\\\/veille-economique-horticulture-et-pepinieres-juillet-2025\\\/#breadcrumb\",\"itemListElement\":[{\"@type\":\"ListItem\",\"position\":1,\"name\":\"Accueil\",\"item\":\"https:\\\/\\\/normandiemaine.cerfrance.fr\\\/latelier\\\/\"},{\"@type\":\"ListItem\",\"position\":2,\"name\":\"Veille \u00e9conomique | Horticulture et p\u00e9pini\u00e8res juillet 2025\"}]},{\"@type\":\"WebSite\",\"@id\":\"https:\\\/\\\/normandiemaine.cerfrance.fr\\\/latelier\\\/#website\",\"url\":\"https:\\\/\\\/normandiemaine.cerfrance.fr\\\/latelier\\\/\",\"name\":\"L&#039;Atelier des \u00e9tudes \u00e9conomiques\",\"description\":\"Un site du Cerfrance Normandie Maine\",\"publisher\":{\"@id\":\"https:\\\/\\\/normandiemaine.cerfrance.fr\\\/latelier\\\/#organization\"},\"potentialAction\":[{\"@type\":\"SearchAction\",\"target\":{\"@type\":\"EntryPoint\",\"urlTemplate\":\"https:\\\/\\\/normandiemaine.cerfrance.fr\\\/latelier\\\/?s={search_term_string}\"},\"query-input\":{\"@type\":\"PropertyValueSpecification\",\"valueRequired\":true,\"valueName\":\"search_term_string\"}}],\"inLanguage\":\"fr-FR\"},{\"@type\":\"Organization\",\"@id\":\"https:\\\/\\\/normandiemaine.cerfrance.fr\\\/latelier\\\/#organization\",\"name\":\"L&#039;Atelier des \u00e9tudes \u00e9conomiques\",\"url\":\"https:\\\/\\\/normandiemaine.cerfrance.fr\\\/latelier\\\/\",\"logo\":{\"@type\":\"ImageObject\",\"inLanguage\":\"fr-FR\",\"@id\":\"https:\\\/\\\/normandiemaine.cerfrance.fr\\\/latelier\\\/#\\\/schema\\\/logo\\\/image\\\/\",\"url\":\"https:\\\/\\\/i0.wp.com\\\/normandiemaine.cerfrance.fr\\\/latelier\\\/wp-content\\\/uploads\\\/sites\\\/2\\\/2020\\\/10\\\/Logo-atelier-2016.png?fit=400%2C195&ssl=1\",\"contentUrl\":\"https:\\\/\\\/i0.wp.com\\\/normandiemaine.cerfrance.fr\\\/latelier\\\/wp-content\\\/uploads\\\/sites\\\/2\\\/2020\\\/10\\\/Logo-atelier-2016.png?fit=400%2C195&ssl=1\",\"width\":400,\"height\":195,\"caption\":\"L&#039;Atelier des \u00e9tudes \u00e9conomiques\"},\"image\":{\"@id\":\"https:\\\/\\\/normandiemaine.cerfrance.fr\\\/latelier\\\/#\\\/schema\\\/logo\\\/image\\\/\"}},{\"@type\":\"Person\",\"@id\":\"https:\\\/\\\/normandiemaine.cerfrance.fr\\\/latelier\\\/#\\\/schema\\\/person\\\/6df42cef48dd2bfb3415ab1876a5b882\",\"name\":\"Atelier des \u00e9tudes \u00e9conomiques\",\"image\":{\"@type\":\"ImageObject\",\"inLanguage\":\"fr-FR\",\"@id\":\"https:\\\/\\\/secure.gravatar.com\\\/avatar\\\/f7a0f8caacdbdf5d5a7ff1a3c9ec84b2dec27c572e49585b73b863d0b8988df1?s=96&d=mm&r=g\",\"url\":\"https:\\\/\\\/secure.gravatar.com\\\/avatar\\\/f7a0f8caacdbdf5d5a7ff1a3c9ec84b2dec27c572e49585b73b863d0b8988df1?s=96&d=mm&r=g\",\"contentUrl\":\"https:\\\/\\\/secure.gravatar.com\\\/avatar\\\/f7a0f8caacdbdf5d5a7ff1a3c9ec84b2dec27c572e49585b73b863d0b8988df1?s=96&d=mm&r=g\",\"caption\":\"Atelier des \u00e9tudes \u00e9conomiques\"},\"sameAs\":[\"http:\\\/\\\/normandiemaine.cerfrance.fr\"],\"url\":\"https:\\\/\\\/normandiemaine.cerfrance.fr\\\/latelier\\\/author\\\/nadege\\\/\"}]}<\/script>\n<!-- \/ Yoast SEO plugin. -->","yoast_head_json":{"title":"Veille \u00e9conomique | Horticulture et p\u00e9pini\u00e8res juillet 2025 - L&#039;Atelier des \u00e9tudes \u00e9conomiques","description":"Horticulture et p\u00e9pini\u00e8res : entre croissance fragile et d\u00e9fis majeurs, la fili\u00e8re fran\u00e7aise doit se transformer pour rester comp\u00e9titive face aux enjeux climatiques, \u00e9conomiques et sociaux.","robots":{"index":"index","follow":"follow","max-snippet":"max-snippet:-1","max-image-preview":"max-image-preview:large","max-video-preview":"max-video-preview:-1"},"canonical":"https:\/\/normandiemaine.cerfrance.fr\/latelier\/veille-economique-horticulture-et-pepinieres-juillet-2025\/","og_locale":"fr_FR","og_type":"article","og_title":"Veille \u00e9conomique | Horticulture et p\u00e9pini\u00e8res juillet 2025 - L&#039;Atelier des \u00e9tudes \u00e9conomiques","og_description":"Horticulture et p\u00e9pini\u00e8res : entre croissance fragile et d\u00e9fis majeurs, la fili\u00e8re fran\u00e7aise doit se transformer pour rester comp\u00e9titive face aux enjeux climatiques, \u00e9conomiques et sociaux.","og_url":"https:\/\/normandiemaine.cerfrance.fr\/latelier\/veille-economique-horticulture-et-pepinieres-juillet-2025\/","og_site_name":"L&#039;Atelier des \u00e9tudes \u00e9conomiques","article_published_time":"2025-07-16T09:54:09+00:00","article_modified_time":"2026-02-02T11:26:56+00:00","og_image":[{"width":1080,"height":1080,"url":"https:\/\/normandiemaine.cerfrance.fr\/latelier\/wp-content\/uploads\/sites\/2\/2025\/07\/Note_Horti_juil.25_AEE_minia.jpg","type":"image\/jpeg"}],"author":"Atelier des \u00e9tudes \u00e9conomiques","twitter_card":"summary_large_image","twitter_misc":{"\u00c9crit par":"Atelier des \u00e9tudes \u00e9conomiques","Dur\u00e9e de lecture estim\u00e9e":"1 minute"},"schema":{"@context":"https:\/\/schema.org","@graph":[{"@type":"Article","@id":"https:\/\/normandiemaine.cerfrance.fr\/latelier\/veille-economique-horticulture-et-pepinieres-juillet-2025\/#article","isPartOf":{"@id":"https:\/\/normandiemaine.cerfrance.fr\/latelier\/veille-economique-horticulture-et-pepinieres-juillet-2025\/"},"author":{"name":"Atelier des \u00e9tudes \u00e9conomiques","@id":"https:\/\/normandiemaine.cerfrance.fr\/latelier\/#\/schema\/person\/6df42cef48dd2bfb3415ab1876a5b882"},"headline":"Veille \u00e9conomique | Horticulture et p\u00e9pini\u00e8res juillet 2025","datePublished":"2025-07-16T09:54:09+00:00","dateModified":"2026-02-02T11:26:56+00:00","mainEntityOfPage":{"@id":"https:\/\/normandiemaine.cerfrance.fr\/latelier\/veille-economique-horticulture-et-pepinieres-juillet-2025\/"},"wordCount":80,"publisher":{"@id":"https:\/\/normandiemaine.cerfrance.fr\/latelier\/#organization"},"image":{"@id":"https:\/\/normandiemaine.cerfrance.fr\/latelier\/veille-economique-horticulture-et-pepinieres-juillet-2025\/#primaryimage"},"thumbnailUrl":"https:\/\/i0.wp.com\/normandiemaine.cerfrance.fr\/latelier\/wp-content\/uploads\/sites\/2\/2025\/07\/Note_Horti_juil.25_AEE_minia.jpg?fit=1080%2C1080&ssl=1","keywords":["R\u00e9serv\u00e9 aux membres"],"articleSection":["Horticulture-P\u00e9pini\u00e8res"],"inLanguage":"fr-FR"},{"@type":"WebPage","@id":"https:\/\/normandiemaine.cerfrance.fr\/latelier\/veille-economique-horticulture-et-pepinieres-juillet-2025\/","url":"https:\/\/normandiemaine.cerfrance.fr\/latelier\/veille-economique-horticulture-et-pepinieres-juillet-2025\/","name":"Veille \u00e9conomique | Horticulture et p\u00e9pini\u00e8res juillet 2025 - L&#039;Atelier des \u00e9tudes \u00e9conomiques","isPartOf":{"@id":"https:\/\/normandiemaine.cerfrance.fr\/latelier\/#website"},"primaryImageOfPage":{"@id":"https:\/\/normandiemaine.cerfrance.fr\/latelier\/veille-economique-horticulture-et-pepinieres-juillet-2025\/#primaryimage"},"image":{"@id":"https:\/\/normandiemaine.cerfrance.fr\/latelier\/veille-economique-horticulture-et-pepinieres-juillet-2025\/#primaryimage"},"thumbnailUrl":"https:\/\/i0.wp.com\/normandiemaine.cerfrance.fr\/latelier\/wp-content\/uploads\/sites\/2\/2025\/07\/Note_Horti_juil.25_AEE_minia.jpg?fit=1080%2C1080&ssl=1","datePublished":"2025-07-16T09:54:09+00:00","dateModified":"2026-02-02T11:26:56+00:00","description":"Horticulture et p\u00e9pini\u00e8res : entre croissance fragile et d\u00e9fis majeurs, la fili\u00e8re fran\u00e7aise doit se transformer pour rester comp\u00e9titive face aux enjeux climatiques, \u00e9conomiques et sociaux.","breadcrumb":{"@id":"https:\/\/normandiemaine.cerfrance.fr\/latelier\/veille-economique-horticulture-et-pepinieres-juillet-2025\/#breadcrumb"},"inLanguage":"fr-FR","potentialAction":[{"@type":"ReadAction","target":["https:\/\/normandiemaine.cerfrance.fr\/latelier\/veille-economique-horticulture-et-pepinieres-juillet-2025\/"]}]},{"@type":"ImageObject","inLanguage":"fr-FR","@id":"https:\/\/normandiemaine.cerfrance.fr\/latelier\/veille-economique-horticulture-et-pepinieres-juillet-2025\/#primaryimage","url":"https:\/\/i0.wp.com\/normandiemaine.cerfrance.fr\/latelier\/wp-content\/uploads\/sites\/2\/2025\/07\/Note_Horti_juil.25_AEE_minia.jpg?fit=1080%2C1080&ssl=1","contentUrl":"https:\/\/i0.wp.com\/normandiemaine.cerfrance.fr\/latelier\/wp-content\/uploads\/sites\/2\/2025\/07\/Note_Horti_juil.25_AEE_minia.jpg?fit=1080%2C1080&ssl=1","width":1080,"height":1080,"caption":"Veille \u00e9conomique | Horticulture et p\u00e9pini\u00e8res"},{"@type":"BreadcrumbList","@id":"https:\/\/normandiemaine.cerfrance.fr\/latelier\/veille-economique-horticulture-et-pepinieres-juillet-2025\/#breadcrumb","itemListElement":[{"@type":"ListItem","position":1,"name":"Accueil","item":"https:\/\/normandiemaine.cerfrance.fr\/latelier\/"},{"@type":"ListItem","position":2,"name":"Veille \u00e9conomique | Horticulture et p\u00e9pini\u00e8res juillet 2025"}]},{"@type":"WebSite","@id":"https:\/\/normandiemaine.cerfrance.fr\/latelier\/#website","url":"https:\/\/normandiemaine.cerfrance.fr\/latelier\/","name":"L&#039;Atelier des \u00e9tudes \u00e9conomiques","description":"Un site du Cerfrance Normandie Maine","publisher":{"@id":"https:\/\/normandiemaine.cerfrance.fr\/latelier\/#organization"},"potentialAction":[{"@type":"SearchAction","target":{"@type":"EntryPoint","urlTemplate":"https:\/\/normandiemaine.cerfrance.fr\/latelier\/?s={search_term_string}"},"query-input":{"@type":"PropertyValueSpecification","valueRequired":true,"valueName":"search_term_string"}}],"inLanguage":"fr-FR"},{"@type":"Organization","@id":"https:\/\/normandiemaine.cerfrance.fr\/latelier\/#organization","name":"L&#039;Atelier des \u00e9tudes \u00e9conomiques","url":"https:\/\/normandiemaine.cerfrance.fr\/latelier\/","logo":{"@type":"ImageObject","inLanguage":"fr-FR","@id":"https:\/\/normandiemaine.cerfrance.fr\/latelier\/#\/schema\/logo\/image\/","url":"https:\/\/i0.wp.com\/normandiemaine.cerfrance.fr\/latelier\/wp-content\/uploads\/sites\/2\/2020\/10\/Logo-atelier-2016.png?fit=400%2C195&ssl=1","contentUrl":"https:\/\/i0.wp.com\/normandiemaine.cerfrance.fr\/latelier\/wp-content\/uploads\/sites\/2\/2020\/10\/Logo-atelier-2016.png?fit=400%2C195&ssl=1","width":400,"height":195,"caption":"L&#039;Atelier des \u00e9tudes \u00e9conomiques"},"image":{"@id":"https:\/\/normandiemaine.cerfrance.fr\/latelier\/#\/schema\/logo\/image\/"}},{"@type":"Person","@id":"https:\/\/normandiemaine.cerfrance.fr\/latelier\/#\/schema\/person\/6df42cef48dd2bfb3415ab1876a5b882","name":"Atelier des \u00e9tudes \u00e9conomiques","image":{"@type":"ImageObject","inLanguage":"fr-FR","@id":"https:\/\/secure.gravatar.com\/avatar\/f7a0f8caacdbdf5d5a7ff1a3c9ec84b2dec27c572e49585b73b863d0b8988df1?s=96&d=mm&r=g","url":"https:\/\/secure.gravatar.com\/avatar\/f7a0f8caacdbdf5d5a7ff1a3c9ec84b2dec27c572e49585b73b863d0b8988df1?s=96&d=mm&r=g","contentUrl":"https:\/\/secure.gravatar.com\/avatar\/f7a0f8caacdbdf5d5a7ff1a3c9ec84b2dec27c572e49585b73b863d0b8988df1?s=96&d=mm&r=g","caption":"Atelier des \u00e9tudes \u00e9conomiques"},"sameAs":["http:\/\/normandiemaine.cerfrance.fr"],"url":"https:\/\/normandiemaine.cerfrance.fr\/latelier\/author\/nadege\/"}]}},"jetpack_featured_media_url":"https:\/\/i0.wp.com\/normandiemaine.cerfrance.fr\/latelier\/wp-content\/uploads\/sites\/2\/2025\/07\/Note_Horti_juil.25_AEE_minia.jpg?fit=1080%2C1080&ssl=1","jetpack_shortlink":"https:\/\/wp.me\/pcBSJA-1vJ","jetpack_sharing_enabled":true,"_links":{"self":[{"href":"https:\/\/normandiemaine.cerfrance.fr\/latelier\/wp-json\/wp\/v2\/posts\/5811","targetHints":{"allow":["GET"]}}],"collection":[{"href":"https:\/\/normandiemaine.cerfrance.fr\/latelier\/wp-json\/wp\/v2\/posts"}],"about":[{"href":"https:\/\/normandiemaine.cerfrance.fr\/latelier\/wp-json\/wp\/v2\/types\/post"}],"author":[{"embeddable":true,"href":"https:\/\/normandiemaine.cerfrance.fr\/latelier\/wp-json\/wp\/v2\/users\/1"}],"replies":[{"embeddable":true,"href":"https:\/\/normandiemaine.cerfrance.fr\/latelier\/wp-json\/wp\/v2\/comments?post=5811"}],"version-history":[{"count":1,"href":"https:\/\/normandiemaine.cerfrance.fr\/latelier\/wp-json\/wp\/v2\/posts\/5811\/revisions"}],"predecessor-version":[{"id":5815,"href":"https:\/\/normandiemaine.cerfrance.fr\/latelier\/wp-json\/wp\/v2\/posts\/5811\/revisions\/5815"}],"wp:featuredmedia":[{"embeddable":true,"href":"https:\/\/normandiemaine.cerfrance.fr\/latelier\/wp-json\/wp\/v2\/media\/5814"}],"wp:attachment":[{"href":"https:\/\/normandiemaine.cerfrance.fr\/latelier\/wp-json\/wp\/v2\/media?parent=5811"}],"wp:term":[{"taxonomy":"category","embeddable":true,"href":"https:\/\/normandiemaine.cerfrance.fr\/latelier\/wp-json\/wp\/v2\/categories?post=5811"},{"taxonomy":"post_tag","embeddable":true,"href":"https:\/\/normandiemaine.cerfrance.fr\/latelier\/wp-json\/wp\/v2\/tags?post=5811"}],"curies":[{"name":"wp","href":"https:\/\/api.w.org\/{rel}","templated":true}]}}