{"id":7770,"date":"2026-09-01T08:14:52","date_gmt":"2026-09-01T06:14:52","guid":{"rendered":"https:\/\/normandiemaine.cerfrance.fr\/latelier\/?p=7770"},"modified":"2026-09-01T08:14:54","modified_gmt":"2026-09-01T06:14:54","slug":"observatoire-de-normandie-resultats-2025-et-perspectives-2026","status":"publish","type":"post","link":"https:\/\/normandiemaine.cerfrance.fr\/latelier\/observatoire-de-normandie-resultats-2025-et-perspectives-2026\/","title":{"rendered":"Observatoire de Normandie | R\u00e9sultats 2025 et perspectives 2026"},"content":{"rendered":"\n<h2 class=\"wp-block-heading\">Observatoire l Normandie &#8211; R\u00e9sultats 2025 et perspectives 2026<\/h2>\n\n\n\n<div style=\"height:25px\" aria-hidden=\"true\" class=\"wp-block-spacer\"><\/div>\n\n\n\n<h4 class=\"wp-block-heading\">Edito : <\/h4>\n\n\n\n<div style=\"height:25px\" aria-hidden=\"true\" class=\"wp-block-spacer\"><\/div>\n\n\n\n<blockquote class=\"wp-block-quote is-layout-flow wp-block-quote-is-layout-flow\">\n<p class=\"has-ast-global-color-5-color has-text-color has-background has-link-color wp-elements-1 wp-block-paragraph\" style=\"background-color:#18a096\">L\u2019agriculture normande \u00e9volue dans un environnement marqu\u00e9 par l\u2019acc\u00e9l\u00e9ration des transitions et la multiplication des al\u00e9as. Volatilit\u00e9 des march\u00e9s, changement climatique, \u00e9volution des charges, transformation des mod\u00e8les de production : les exploitations doivent d\u00e9sormais conjuguer performance imm\u00e9diate et capacit\u00e9 \u00e0 pr\u00e9parer l\u2019avenir.<br>Les r\u00e9sultats de cet Observatoire t\u00e9moignent de situations contrast\u00e9es. Certaines fili\u00e8res b\u00e9n\u00e9ficient encore de niveaux de prix favorables et de r\u00e9sultats en progression, mais ces \u00e9quilibres restent fragiles. La baisse annonc\u00e9e du prix du lait, les tensions sur les march\u00e9s des cultures, la poursuite de la d\u00e9capitalisation du cheptel bovin ou encore les effets croissants des \u00e9pisodes climatiques extr\u00eames rappellent qu\u2019une bonne conjoncture ne garantit pas, \u00e0 elle seule, la solidit\u00e9 des exploitations.<br>Dans ce contexte, la performance \u00e9conomique doit aussi s\u2019appr\u00e9cier \u00e0 travers la capacit\u00e9 \u00e0 absorber les chocs, \u00e0 pr\u00e9server les marges de man\u0153uvre, \u00e0 investir et \u00e0 adapter les syst\u00e8mes de production. Anticiper les transitions devient ainsi une condition essentielle pour pr\u00e9server les \u00e9quilibres \u00e9conomiques.<br>Forts de notre connaissance des exploitations et de notre ancrage territorial, les Cerfrance de Normandie contribuent \u00e0 objectiver ces \u00e9volutions. L\u2019Observatoire \u00e9conomique de Normandie met \u00e0 disposition des d\u00e9cideurs publics et des partenaires institutionnels des donn\u00e9es, des analyses et des rep\u00e8res pour mieux comprendre les r\u00e9alit\u00e9s agricoles r\u00e9gionales. Pour la premi\u00e8re fois cette ann\u00e9e, il s\u2019accompagne d\u2019une version interactive accessible depuis le site de l\u2019Atelier des \u00e9tudes \u00e9conomiques, qui permet \u00e0 chacun d\u2019explorer les donn\u00e9es et d\u2019approfondir leur lecture.<br>Parce que la connaissance \u00e9claire l\u2019action, cet Observatoire a vocation \u00e0 nourrir les r\u00e9flexions et \u00e0 accompagner, avec confiance, la construction d\u2019une agriculture normande performante, r\u00e9siliante et tourn\u00e9e vers l\u2019avenir.<\/p>\n<cite>Emmanuel GAUTIER, Pr\u00e9sident de Cerfrance Normandie-Maine et Pr\u00e9sident de Cerfrance Orne<br>Fran\u00e7ois DAVID, Pr\u00e9sident de Cerfrance Normandie-Ouest<br>Agn\u00e8s PETIT, Pr\u00e9sidente de Cerfrance Seine-Normandie<\/cite><\/blockquote>\n\n\n\n<p class=\"wp-block-paragraph\">L&rsquo;observatoire est int\u00e9gralement t\u00e9l\u00e9chargeable ci dessous :<\/p>\n\n\n<div class=\"_3d-flip-book  fb3d-fullscreen-mode full-size\" data-id=\"7782\" data-mode=\"fullscreen\" data-title=\"false\" data-template=\"short-white-book-view\" data-lightbox=\"dark-shadow\" data-urlparam=\"fb3d-page\" data-page-n=\"0\" data-pdf=\"\" data-tax=\"null\" data-thumbnail=\"\" data-cols=\"3\" data-book-template=\"default\" data-trigger=\"\"><\/div><script type=\"text\/javascript\">window.FB3D_CLIENT_DATA = window.FB3D_CLIENT_DATA || [];FB3D_CLIENT_DATA.push('eyJwb3N0cyI6eyI3NzgyIjp7IklEIjo3NzgyLCJ0aXRsZSI6Ik9ic2VydmF0b2lyZSBkZSBOb3JtYW5kaWUgfCBSXHUwMGU5c3VsdGF0cyAyMDI1IGV0IHBlcnNwZWN0aXZlcyAyMDI2IiwidHlwZSI6InBkZiIsInJlYWR5X2Z1bmN0aW9uIjoiIiwiYm9va19zdHlsZSI6ImZsYXQiLCJib29rX3RlbXBsYXRlIjoibm9uZSIsIm91dGxpbmUiOltdLCJkYXRhIjp7InBvc3RfSUQiOiI3NzgzIiwiZ3VpZCI6Imh0dHBzOlwvXC9ub3JtYW5kaWVtYWluZS5jZXJmcmFuY2UuZnJcL2xhdGVsaWVyXC93cC1jb250ZW50XC91cGxvYWRzXC9zaXRlc1wvMlwvMjAyNlwvMDhcL09ic05vcm1hbmRpZTIwMjUucGRmIiwicGRmX3BhZ2VzIjoiMTUiLCJwYWdlc19jdXN0b21pemF0aW9uIjoibm9uZSJ9LCJ0aHVtYm5haWwiOnsiZGF0YSI6eyJwb3N0X0lEIjoiMCJ9LCJ0eXBlIjoiYXV0byJ9LCJwcm9wcyI6eyJiYWNrZ3JvdW5kQ29sb3IiOiJhdXRvIiwiYmFja2dyb3VuZEltYWdlIjoiYXV0byIsImJhY2tncm91bmRTdHlsZSI6ImF1dG8iLCJoaWdobGlnaHRMaW5rcyI6ImF1dG8iLCJsaWdodGluZyI6ImF1dG8iLCJzaW5nbGVQYWdlTW9kZSI6ImF1dG8iLCJjYWNoZWRQYWdlcyI6ImF1dG8iLCJyZW5kZXJJbmFjdGl2ZVBhZ2VzIjoiYXV0byIsInJlbmRlckluYWN0aXZlUGFnZXNPbk1vYmlsZSI6ImF1dG8iLCJyZW5kZXJXaGlsZUZsaXBwaW5nIjoiYXV0byIsInByZWxvYWRQYWdlcyI6ImF1dG8iLCJhdXRvUGxheUR1cmF0aW9uIjoiYXV0byIsInJ0bCI6ImF1dG8iLCJpbnRlcmFjdGl2ZUNvcm5lcnMiOiJhdXRvIiwibWF4RGVwdGgiOiJhdXRvIiwic2hlZXQiOnsic3RhcnRWZWxvY2l0eSI6ImF1dG8iLCJ3YXZlIjoiYXV0byIsInNoYXBlIjoiYXV0byIsIndpZHRoVGV4ZWxzIjoiYXV0byIsImNvbG9yIjoiYXV0byIsInNpZGUiOiJhdXRvIiwic3RyZXRjaEltYWdlcyI6ImF1dG8iLCJjb3JuZXJEZXZpYXRpb24iOiJhdXRvIiwiZmxleGliaWxpdHkiOiJhdXRvIiwiZmxleGlibGVDb3JuZXIiOiJhdXRvIiwiYmVuZGluZyI6ImF1dG8iLCJoZWlnaHRUZXhlbHMiOiJhdXRvIn0sImNvdmVyIjp7IndhdmUiOiJhdXRvIiwiY29sb3IiOiJhdXRvIiwic2lkZSI6ImF1dG8iLCJzdHJldGNoSW1hZ2VzIjoiYXV0byIsImJpbmRlclRleHR1cmUiOiJhdXRvIiwiZGVwdGgiOiJhdXRvIiwicGFkZGluZyI6ImF1dG8iLCJzdGFydFZlbG9jaXR5IjoiYXV0byIsImZsZXhpYmlsaXR5IjoiYXV0byIsImZsZXhpYmxlQ29ybmVyIjoiYXV0byIsImJlbmRpbmciOiJhdXRvIiwid2lkdGhUZXhlbHMiOiJhdXRvIiwiaGVpZ2h0VGV4ZWxzIjoiYXV0byIsIm1hc3MiOiJhdXRvIiwic2hhcGUiOiJhdXRvIn0sInBhZ2UiOnsid2F2ZSI6ImF1dG8iLCJjb2xvciI6ImF1dG8iLCJzaWRlIjoiYXV0byIsInN0cmV0Y2hJbWFnZXMiOiJhdXRvIiwiZGVwdGgiOiJhdXRvIiwic3RhcnRWZWxvY2l0eSI6ImF1dG8iLCJmbGV4aWJpbGl0eSI6ImF1dG8iLCJmbGV4aWJsZUNvcm5lciI6ImF1dG8iLCJiZW5kaW5nIjoiYXV0byIsIndpZHRoVGV4ZWxzIjoiYXV0byIsImhlaWdodFRleGVscyI6ImF1dG8iLCJtYXNzIjoiYXV0byIsInNoYXBlIjoiYXV0byJ9LCJoZWlnaHQiOiJhdXRvIiwid2lkdGgiOiJhdXRvIiwiZ3Jhdml0eSI6ImF1dG8iLCJwYWdlc0ZvclByZWRpY3RpbmciOiJhdXRvIn0sImNvbnRyb2xQcm9wcyI6eyJhY3Rpb25zIjp7ImNtZFRvYyI6eyJlbmFibGVkIjoiYXV0byIsImVuYWJsZWRJbk5hcnJvdyI6ImF1dG8iLCJhY3RpdmUiOiJhdXRvIiwiZGVmYXVsdFRhYiI6ImF1dG8ifSwiY21kQXV0b1BsYXkiOnsiZW5hYmxlZCI6ImF1dG8iLCJlbmFibGVkSW5OYXJyb3ciOiJhdXRvIiwiYWN0aXZlIjoiYXV0byJ9LCJjbWRTYXZlIjp7ImVuYWJsZWQiOiJhdXRvIiwiZW5hYmxlZEluTmFycm93IjoiYXV0byJ9LCJjbWRQcmludCI6eyJlbmFibGVkIjoiYXV0byIsImVuYWJsZWRJbk5hcnJvdyI6ImF1dG8ifSwiY21kU2luZ2xlUGFnZSI6eyJlbmFibGVkIjoiYXV0byIsImVuYWJsZWRJbk5hcnJvdyI6ImF1dG8iLCJhY3RpdmUiOiJhdXRvIiwiYWN0aXZlRm9yTW9iaWxlIjoiYXV0byJ9LCJ3aWRUb29sYmFyIjp7ImVuYWJsZWQiOiJhdXRvIiwiZW5hYmxlZEluTmFycm93IjoiYXV0byJ9fX0sImF1dG9UaHVtYm5haWwiOiJodHRwczpcL1wvbm9ybWFuZGllbWFpbmUuY2VyZnJhbmNlLmZyXC9sYXRlbGllclwvd3AtY29udGVudFwvdXBsb2Fkc1wvc2l0ZXNcLzJcLzNkLWZsaXAtYm9va1wvYXV0by10aHVtYm5haWxzXC83NzgyLnBuZyIsInBvc3RfbmFtZSI6Im9ic2VydmF0b2lyZS1kZS1ub3JtYW5kaWUtcmVzdWx0YXRzLTIwMjUtZXQtcGVyc3BlY3RpdmVzLTIwMjYiLCJwb3N0X3R5cGUiOiIzZC1mbGlwLWJvb2sifX0sInBhZ2VzIjpbXSwiZmlyc3RQYWdlcyI6W119');window.FB3D_CLIENT_LOCALE && FB3D_CLIENT_LOCALE.render && FB3D_CLIENT_LOCALE.render();<\/script>\n\n\n\n<div style=\"height:25px\" aria-hidden=\"true\" class=\"wp-block-spacer\"><\/div>\n\n\n\n<p class=\"wp-block-paragraph\">Vous pouvez retrouver l&rsquo;ensemble de nos <a href=\"https:\/\/normandiemaine.cerfrance.fr\/latelier\/category\/agriculture\/toutes-productions\/\" target=\"_blank\" rel=\"noreferrer noopener\">observatoires \u00e9conomiques<\/a>, sur notre site internet.<\/p>\n\n\n\n<p class=\"wp-block-paragraph\"><\/p>\n","protected":false},"excerpt":{"rendered":"<p>L\u2019Observatoire Normandie 2026 dresse un bilan contrast\u00e9 de l\u2019agriculture normande en 2025, entre bonnes performances de l\u2019\u00e9levage, reprise partielle des c\u00e9r\u00e9ales et difficult\u00e9s en cultures industrielles, dans un contexte toujours plus instable.<\/p>\n","protected":false},"author":1,"featured_media":7785,"comment_status":"closed","ping_status":"closed","sticky":false,"template":"","format":"standard","meta":{"site-sidebar-layout":"default","site-content-layout":"","ast-site-content-layout":"default","site-content-style":"default","site-sidebar-style":"default","ast-global-header-display":"","ast-banner-title-visibility":"","ast-main-header-display":"","ast-hfb-above-header-display":"","ast-hfb-below-header-display":"","ast-hfb-mobile-header-display":"","site-post-title":"","ast-breadcrumbs-content":"","ast-featured-img":"","footer-sml-layout":"","ast-disable-related-posts":"","theme-transparent-header-meta":"","adv-header-id-meta":"","stick-header-meta":"","header-above-stick-meta":"","header-main-stick-meta":"","header-below-stick-meta":"","astra-migrate-meta-layouts":"set","ast-page-background-enabled":"default","ast-page-background-meta":{"desktop":{"background-color":"","background-image":"","background-repeat":"repeat","background-position":"center center","background-size":"auto","background-attachment":"scroll","background-type":"","background-media":"","overlay-type":"","overlay-color":"","overlay-opacity":"","overlay-gradient":""},"tablet":{"background-color":"","background-image":"","background-repeat":"repeat","background-position":"center center","background-size":"auto","background-attachment":"scroll","background-type":"","background-media":"","overlay-type":"","overlay-color":"","overlay-opacity":"","overlay-gradient":""},"mobile":{"background-color":"","background-image":"","background-repeat":"repeat","background-position":"center center","background-size":"auto","background-attachment":"scroll","background-type":"","background-media":"","overlay-type":"","overlay-color":"","overlay-opacity":"","overlay-gradient":""}},"ast-content-background-meta":{"desktop":{"background-color":"var(--ast-global-color-5)","background-image":"","background-repeat":"repeat","background-position":"center center","background-size":"auto","background-attachment":"scroll","background-type":"","background-media":"","overlay-type":"","overlay-color":"","overlay-opacity":"","overlay-gradient":""},"tablet":{"background-color":"var(--ast-global-color-5)","background-image":"","background-repeat":"repeat","background-position":"center center","background-size":"auto","background-attachment":"scroll","background-type":"","background-media":"","overlay-type":"","overlay-color":"","overlay-opacity":"","overlay-gradient":""},"mobile":{"background-color":"var(--ast-global-color-5)","background-image":"","background-repeat":"repeat","background-position":"center center","background-size":"auto","background-attachment":"scroll","background-type":"","background-media":"","overlay-type":"","overlay-color":"","overlay-opacity":"","overlay-gradient":""}},"footnotes":""},"categories":[135],"tags":[],"class_list":["post-7770","post","type-post","status-publish","format-standard","has-post-thumbnail","hentry","category-toutes-productions"],"yoast_head":"<!-- This site is optimized with the Yoast SEO plugin v28.4 - https:\/\/yoast.com\/product\/yoast-seo-wordpress\/ -->\n<title>Observatoire de Normandie | R\u00e9sultats 2025 et perspectives 2026 - L&#039;Atelier des \u00e9tudes \u00e9conomiques<\/title>\n<meta name=\"description\" content=\"Observatoire Normandie 2026 : d\u00e9couvrez le bilan \u00e9conomique contrast\u00e9 de l\u2019agriculture normande en 2025 et ses perspectives.\" \/>\n<meta name=\"robots\" content=\"index, follow, max-snippet:-1, max-image-preview:large, max-video-preview:-1\" \/>\n<link rel=\"canonical\" href=\"https:\/\/normandiemaine.cerfrance.fr\/latelier\/observatoire-de-normandie-resultats-2025-et-perspectives-2026\/\" \/>\n<meta property=\"og:locale\" content=\"fr_FR\" \/>\n<meta property=\"og:type\" content=\"article\" \/>\n<meta property=\"og:title\" content=\"Observatoire de Normandie | R\u00e9sultats 2025 et perspectives 2026 - L&#039;Atelier des \u00e9tudes \u00e9conomiques\" \/>\n<meta property=\"og:description\" content=\"Observatoire Normandie 2026 : d\u00e9couvrez le bilan \u00e9conomique contrast\u00e9 de l\u2019agriculture normande en 2025 et ses perspectives.\" \/>\n<meta property=\"og:url\" content=\"https:\/\/normandiemaine.cerfrance.fr\/latelier\/observatoire-de-normandie-resultats-2025-et-perspectives-2026\/\" \/>\n<meta property=\"og:site_name\" content=\"L&#039;Atelier des \u00e9tudes \u00e9conomiques\" \/>\n<meta property=\"article:published_time\" content=\"2026-09-01T06:14:52+00:00\" \/>\n<meta property=\"article:modified_time\" content=\"2026-09-01T06:14:54+00:00\" \/>\n<meta property=\"og:image\" content=\"https:\/\/normandiemaine.cerfrance.fr\/latelier\/wp-content\/uploads\/sites\/2\/2026\/08\/ObsNormandie2025_minia.jpg\" \/>\n\t<meta property=\"og:image:width\" content=\"1000\" \/>\n\t<meta property=\"og:image:height\" content=\"1000\" \/>\n\t<meta property=\"og:image:type\" content=\"image\/jpeg\" \/>\n<meta name=\"author\" content=\"Atelier des \u00e9tudes \u00e9conomiques\" \/>\n<meta name=\"twitter:card\" content=\"summary_large_image\" \/>\n<meta name=\"twitter:label1\" content=\"\u00c9crit par\" \/>\n\t<meta name=\"twitter:data1\" content=\"Atelier des \u00e9tudes \u00e9conomiques\" \/>\n\t<meta name=\"twitter:label2\" content=\"Dur\u00e9e de lecture estim\u00e9e\" \/>\n\t<meta name=\"twitter:data2\" content=\"1 minute\" \/>\n<script type=\"application\/ld+json\" class=\"yoast-schema-graph\">{\"@context\":\"https:\\\/\\\/schema.org\",\"@graph\":[{\"@type\":\"Article\",\"@id\":\"https:\\\/\\\/normandiemaine.cerfrance.fr\\\/latelier\\\/observatoire-de-normandie-resultats-2025-et-perspectives-2026\\\/#article\",\"isPartOf\":{\"@id\":\"https:\\\/\\\/normandiemaine.cerfrance.fr\\\/latelier\\\/observatoire-de-normandie-resultats-2025-et-perspectives-2026\\\/\"},\"author\":{\"name\":\"Atelier des \u00e9tudes \u00e9conomiques\",\"@id\":\"https:\\\/\\\/normandiemaine.cerfrance.fr\\\/latelier\\\/#\\\/schema\\\/person\\\/6df42cef48dd2bfb3415ab1876a5b882\"},\"headline\":\"Observatoire de Normandie | R\u00e9sultats 2025 et perspectives 2026\",\"datePublished\":\"2026-09-01T06:14:52+00:00\",\"dateModified\":\"2026-09-01T06:14:54+00:00\",\"mainEntityOfPage\":{\"@id\":\"https:\\\/\\\/normandiemaine.cerfrance.fr\\\/latelier\\\/observatoire-de-normandie-resultats-2025-et-perspectives-2026\\\/\"},\"wordCount\":375,\"publisher\":{\"@id\":\"https:\\\/\\\/normandiemaine.cerfrance.fr\\\/latelier\\\/#organization\"},\"image\":{\"@id\":\"https:\\\/\\\/normandiemaine.cerfrance.fr\\\/latelier\\\/observatoire-de-normandie-resultats-2025-et-perspectives-2026\\\/#primaryimage\"},\"thumbnailUrl\":\"https:\\\/\\\/normandiemaine.cerfrance.fr\\\/latelier\\\/wp-content\\\/uploads\\\/sites\\\/2\\\/2026\\\/08\\\/ObsNormandie2025_minia.jpg\",\"articleSection\":[\"Toutes productions\"],\"inLanguage\":\"fr-FR\"},{\"@type\":\"WebPage\",\"@id\":\"https:\\\/\\\/normandiemaine.cerfrance.fr\\\/latelier\\\/observatoire-de-normandie-resultats-2025-et-perspectives-2026\\\/\",\"url\":\"https:\\\/\\\/normandiemaine.cerfrance.fr\\\/latelier\\\/observatoire-de-normandie-resultats-2025-et-perspectives-2026\\\/\",\"name\":\"Observatoire de Normandie | R\u00e9sultats 2025 et perspectives 2026 - L&#039;Atelier des \u00e9tudes \u00e9conomiques\",\"isPartOf\":{\"@id\":\"https:\\\/\\\/normandiemaine.cerfrance.fr\\\/latelier\\\/#website\"},\"primaryImageOfPage\":{\"@id\":\"https:\\\/\\\/normandiemaine.cerfrance.fr\\\/latelier\\\/observatoire-de-normandie-resultats-2025-et-perspectives-2026\\\/#primaryimage\"},\"image\":{\"@id\":\"https:\\\/\\\/normandiemaine.cerfrance.fr\\\/latelier\\\/observatoire-de-normandie-resultats-2025-et-perspectives-2026\\\/#primaryimage\"},\"thumbnailUrl\":\"https:\\\/\\\/normandiemaine.cerfrance.fr\\\/latelier\\\/wp-content\\\/uploads\\\/sites\\\/2\\\/2026\\\/08\\\/ObsNormandie2025_minia.jpg\",\"datePublished\":\"2026-09-01T06:14:52+00:00\",\"dateModified\":\"2026-09-01T06:14:54+00:00\",\"description\":\"Observatoire Normandie 2026 : d\u00e9couvrez le bilan \u00e9conomique contrast\u00e9 de l\u2019agriculture normande en 2025 et ses perspectives.\",\"breadcrumb\":{\"@id\":\"https:\\\/\\\/normandiemaine.cerfrance.fr\\\/latelier\\\/observatoire-de-normandie-resultats-2025-et-perspectives-2026\\\/#breadcrumb\"},\"inLanguage\":\"fr-FR\",\"potentialAction\":[{\"@type\":\"ReadAction\",\"target\":[\"https:\\\/\\\/normandiemaine.cerfrance.fr\\\/latelier\\\/observatoire-de-normandie-resultats-2025-et-perspectives-2026\\\/\"]}]},{\"@type\":\"ImageObject\",\"inLanguage\":\"fr-FR\",\"@id\":\"https:\\\/\\\/normandiemaine.cerfrance.fr\\\/latelier\\\/observatoire-de-normandie-resultats-2025-et-perspectives-2026\\\/#primaryimage\",\"url\":\"https:\\\/\\\/normandiemaine.cerfrance.fr\\\/latelier\\\/wp-content\\\/uploads\\\/sites\\\/2\\\/2026\\\/08\\\/ObsNormandie2025_minia.jpg\",\"contentUrl\":\"https:\\\/\\\/normandiemaine.cerfrance.fr\\\/latelier\\\/wp-content\\\/uploads\\\/sites\\\/2\\\/2026\\\/08\\\/ObsNormandie2025_minia.jpg\",\"width\":1000,\"height\":1000,\"caption\":\"Observatoire Normandie 2025\"},{\"@type\":\"BreadcrumbList\",\"@id\":\"https:\\\/\\\/normandiemaine.cerfrance.fr\\\/latelier\\\/observatoire-de-normandie-resultats-2025-et-perspectives-2026\\\/#breadcrumb\",\"itemListElement\":[{\"@type\":\"ListItem\",\"position\":1,\"name\":\"Accueil\",\"item\":\"https:\\\/\\\/normandiemaine.cerfrance.fr\\\/latelier\\\/\"},{\"@type\":\"ListItem\",\"position\":2,\"name\":\"Observatoire de Normandie | R\u00e9sultats 2025 et perspectives 2026\"}]},{\"@type\":\"WebSite\",\"@id\":\"https:\\\/\\\/normandiemaine.cerfrance.fr\\\/latelier\\\/#website\",\"url\":\"https:\\\/\\\/normandiemaine.cerfrance.fr\\\/latelier\\\/\",\"name\":\"L&#039;Atelier des \u00e9tudes \u00e9conomiques\",\"description\":\"Un site du Cerfrance Normandie Maine\",\"publisher\":{\"@id\":\"https:\\\/\\\/normandiemaine.cerfrance.fr\\\/latelier\\\/#organization\"},\"potentialAction\":[{\"@type\":\"SearchAction\",\"target\":{\"@type\":\"EntryPoint\",\"urlTemplate\":\"https:\\\/\\\/normandiemaine.cerfrance.fr\\\/latelier\\\/?s={search_term_string}\"},\"query-input\":{\"@type\":\"PropertyValueSpecification\",\"valueRequired\":true,\"valueName\":\"search_term_string\"}}],\"inLanguage\":\"fr-FR\"},{\"@type\":\"Organization\",\"@id\":\"https:\\\/\\\/normandiemaine.cerfrance.fr\\\/latelier\\\/#organization\",\"name\":\"L&#039;Atelier des \u00e9tudes \u00e9conomiques\",\"url\":\"https:\\\/\\\/normandiemaine.cerfrance.fr\\\/latelier\\\/\",\"logo\":{\"@type\":\"ImageObject\",\"inLanguage\":\"fr-FR\",\"@id\":\"https:\\\/\\\/normandiemaine.cerfrance.fr\\\/latelier\\\/#\\\/schema\\\/logo\\\/image\\\/\",\"url\":\"https:\\\/\\\/normandiemaine.cerfrance.fr\\\/latelier\\\/wp-content\\\/uploads\\\/sites\\\/2\\\/2020\\\/10\\\/Logo-atelier-2016.png\",\"contentUrl\":\"https:\\\/\\\/normandiemaine.cerfrance.fr\\\/latelier\\\/wp-content\\\/uploads\\\/sites\\\/2\\\/2020\\\/10\\\/Logo-atelier-2016.png\",\"width\":400,\"height\":195,\"caption\":\"L&#039;Atelier des \u00e9tudes \u00e9conomiques\"},\"image\":{\"@id\":\"https:\\\/\\\/normandiemaine.cerfrance.fr\\\/latelier\\\/#\\\/schema\\\/logo\\\/image\\\/\"}},{\"@type\":\"Person\",\"@id\":\"https:\\\/\\\/normandiemaine.cerfrance.fr\\\/latelier\\\/#\\\/schema\\\/person\\\/6df42cef48dd2bfb3415ab1876a5b882\",\"name\":\"Atelier des \u00e9tudes \u00e9conomiques\",\"image\":{\"@type\":\"ImageObject\",\"inLanguage\":\"fr-FR\",\"@id\":\"https:\\\/\\\/secure.gravatar.com\\\/avatar\\\/f7a0f8caacdbdf5d5a7ff1a3c9ec84b2dec27c572e49585b73b863d0b8988df1?s=96&d=mm&r=g\",\"url\":\"https:\\\/\\\/secure.gravatar.com\\\/avatar\\\/f7a0f8caacdbdf5d5a7ff1a3c9ec84b2dec27c572e49585b73b863d0b8988df1?s=96&d=mm&r=g\",\"contentUrl\":\"https:\\\/\\\/secure.gravatar.com\\\/avatar\\\/f7a0f8caacdbdf5d5a7ff1a3c9ec84b2dec27c572e49585b73b863d0b8988df1?s=96&d=mm&r=g\",\"caption\":\"Atelier des \u00e9tudes \u00e9conomiques\"},\"sameAs\":[\"http:\\\/\\\/normandiemaine.cerfrance.fr\"],\"url\":\"https:\\\/\\\/normandiemaine.cerfrance.fr\\\/latelier\\\/author\\\/nadege\\\/\"}]}<\/script>\n<!-- \/ Yoast SEO plugin. -->","yoast_head_json":{"title":"Observatoire de Normandie | R\u00e9sultats 2025 et perspectives 2026 - L&#039;Atelier des \u00e9tudes \u00e9conomiques","description":"Observatoire Normandie 2026 : d\u00e9couvrez le bilan \u00e9conomique contrast\u00e9 de l\u2019agriculture normande en 2025 et ses perspectives.","robots":{"index":"index","follow":"follow","max-snippet":"max-snippet:-1","max-image-preview":"max-image-preview:large","max-video-preview":"max-video-preview:-1"},"canonical":"https:\/\/normandiemaine.cerfrance.fr\/latelier\/observatoire-de-normandie-resultats-2025-et-perspectives-2026\/","og_locale":"fr_FR","og_type":"article","og_title":"Observatoire de Normandie | R\u00e9sultats 2025 et perspectives 2026 - L&#039;Atelier des \u00e9tudes \u00e9conomiques","og_description":"Observatoire Normandie 2026 : d\u00e9couvrez le bilan \u00e9conomique contrast\u00e9 de l\u2019agriculture normande en 2025 et ses perspectives.","og_url":"https:\/\/normandiemaine.cerfrance.fr\/latelier\/observatoire-de-normandie-resultats-2025-et-perspectives-2026\/","og_site_name":"L&#039;Atelier des \u00e9tudes \u00e9conomiques","article_published_time":"2026-09-01T06:14:52+00:00","article_modified_time":"2026-09-01T06:14:54+00:00","og_image":[{"width":1000,"height":1000,"url":"https:\/\/normandiemaine.cerfrance.fr\/latelier\/wp-content\/uploads\/sites\/2\/2026\/08\/ObsNormandie2025_minia.jpg","type":"image\/jpeg"}],"author":"Atelier des \u00e9tudes \u00e9conomiques","twitter_card":"summary_large_image","twitter_misc":{"\u00c9crit par":"Atelier des \u00e9tudes \u00e9conomiques","Dur\u00e9e de lecture estim\u00e9e":"1 minute"},"schema":{"@context":"https:\/\/schema.org","@graph":[{"@type":"Article","@id":"https:\/\/normandiemaine.cerfrance.fr\/latelier\/observatoire-de-normandie-resultats-2025-et-perspectives-2026\/#article","isPartOf":{"@id":"https:\/\/normandiemaine.cerfrance.fr\/latelier\/observatoire-de-normandie-resultats-2025-et-perspectives-2026\/"},"author":{"name":"Atelier des \u00e9tudes \u00e9conomiques","@id":"https:\/\/normandiemaine.cerfrance.fr\/latelier\/#\/schema\/person\/6df42cef48dd2bfb3415ab1876a5b882"},"headline":"Observatoire de Normandie | R\u00e9sultats 2025 et perspectives 2026","datePublished":"2026-09-01T06:14:52+00:00","dateModified":"2026-09-01T06:14:54+00:00","mainEntityOfPage":{"@id":"https:\/\/normandiemaine.cerfrance.fr\/latelier\/observatoire-de-normandie-resultats-2025-et-perspectives-2026\/"},"wordCount":375,"publisher":{"@id":"https:\/\/normandiemaine.cerfrance.fr\/latelier\/#organization"},"image":{"@id":"https:\/\/normandiemaine.cerfrance.fr\/latelier\/observatoire-de-normandie-resultats-2025-et-perspectives-2026\/#primaryimage"},"thumbnailUrl":"https:\/\/normandiemaine.cerfrance.fr\/latelier\/wp-content\/uploads\/sites\/2\/2026\/08\/ObsNormandie2025_minia.jpg","articleSection":["Toutes productions"],"inLanguage":"fr-FR"},{"@type":"WebPage","@id":"https:\/\/normandiemaine.cerfrance.fr\/latelier\/observatoire-de-normandie-resultats-2025-et-perspectives-2026\/","url":"https:\/\/normandiemaine.cerfrance.fr\/latelier\/observatoire-de-normandie-resultats-2025-et-perspectives-2026\/","name":"Observatoire de Normandie | R\u00e9sultats 2025 et perspectives 2026 - L&#039;Atelier des \u00e9tudes \u00e9conomiques","isPartOf":{"@id":"https:\/\/normandiemaine.cerfrance.fr\/latelier\/#website"},"primaryImageOfPage":{"@id":"https:\/\/normandiemaine.cerfrance.fr\/latelier\/observatoire-de-normandie-resultats-2025-et-perspectives-2026\/#primaryimage"},"image":{"@id":"https:\/\/normandiemaine.cerfrance.fr\/latelier\/observatoire-de-normandie-resultats-2025-et-perspectives-2026\/#primaryimage"},"thumbnailUrl":"https:\/\/normandiemaine.cerfrance.fr\/latelier\/wp-content\/uploads\/sites\/2\/2026\/08\/ObsNormandie2025_minia.jpg","datePublished":"2026-09-01T06:14:52+00:00","dateModified":"2026-09-01T06:14:54+00:00","description":"Observatoire Normandie 2026 : d\u00e9couvrez le bilan \u00e9conomique contrast\u00e9 de l\u2019agriculture normande en 2025 et ses perspectives.","breadcrumb":{"@id":"https:\/\/normandiemaine.cerfrance.fr\/latelier\/observatoire-de-normandie-resultats-2025-et-perspectives-2026\/#breadcrumb"},"inLanguage":"fr-FR","potentialAction":[{"@type":"ReadAction","target":["https:\/\/normandiemaine.cerfrance.fr\/latelier\/observatoire-de-normandie-resultats-2025-et-perspectives-2026\/"]}]},{"@type":"ImageObject","inLanguage":"fr-FR","@id":"https:\/\/normandiemaine.cerfrance.fr\/latelier\/observatoire-de-normandie-resultats-2025-et-perspectives-2026\/#primaryimage","url":"https:\/\/normandiemaine.cerfrance.fr\/latelier\/wp-content\/uploads\/sites\/2\/2026\/08\/ObsNormandie2025_minia.jpg","contentUrl":"https:\/\/normandiemaine.cerfrance.fr\/latelier\/wp-content\/uploads\/sites\/2\/2026\/08\/ObsNormandie2025_minia.jpg","width":1000,"height":1000,"caption":"Observatoire Normandie 2025"},{"@type":"BreadcrumbList","@id":"https:\/\/normandiemaine.cerfrance.fr\/latelier\/observatoire-de-normandie-resultats-2025-et-perspectives-2026\/#breadcrumb","itemListElement":[{"@type":"ListItem","position":1,"name":"Accueil","item":"https:\/\/normandiemaine.cerfrance.fr\/latelier\/"},{"@type":"ListItem","position":2,"name":"Observatoire de Normandie | R\u00e9sultats 2025 et perspectives 2026"}]},{"@type":"WebSite","@id":"https:\/\/normandiemaine.cerfrance.fr\/latelier\/#website","url":"https:\/\/normandiemaine.cerfrance.fr\/latelier\/","name":"L&#039;Atelier des \u00e9tudes \u00e9conomiques","description":"Un site du Cerfrance Normandie Maine","publisher":{"@id":"https:\/\/normandiemaine.cerfrance.fr\/latelier\/#organization"},"potentialAction":[{"@type":"SearchAction","target":{"@type":"EntryPoint","urlTemplate":"https:\/\/normandiemaine.cerfrance.fr\/latelier\/?s={search_term_string}"},"query-input":{"@type":"PropertyValueSpecification","valueRequired":true,"valueName":"search_term_string"}}],"inLanguage":"fr-FR"},{"@type":"Organization","@id":"https:\/\/normandiemaine.cerfrance.fr\/latelier\/#organization","name":"L&#039;Atelier des \u00e9tudes \u00e9conomiques","url":"https:\/\/normandiemaine.cerfrance.fr\/latelier\/","logo":{"@type":"ImageObject","inLanguage":"fr-FR","@id":"https:\/\/normandiemaine.cerfrance.fr\/latelier\/#\/schema\/logo\/image\/","url":"https:\/\/normandiemaine.cerfrance.fr\/latelier\/wp-content\/uploads\/sites\/2\/2020\/10\/Logo-atelier-2016.png","contentUrl":"https:\/\/normandiemaine.cerfrance.fr\/latelier\/wp-content\/uploads\/sites\/2\/2020\/10\/Logo-atelier-2016.png","width":400,"height":195,"caption":"L&#039;Atelier des \u00e9tudes \u00e9conomiques"},"image":{"@id":"https:\/\/normandiemaine.cerfrance.fr\/latelier\/#\/schema\/logo\/image\/"}},{"@type":"Person","@id":"https:\/\/normandiemaine.cerfrance.fr\/latelier\/#\/schema\/person\/6df42cef48dd2bfb3415ab1876a5b882","name":"Atelier des \u00e9tudes \u00e9conomiques","image":{"@type":"ImageObject","inLanguage":"fr-FR","@id":"https:\/\/secure.gravatar.com\/avatar\/f7a0f8caacdbdf5d5a7ff1a3c9ec84b2dec27c572e49585b73b863d0b8988df1?s=96&d=mm&r=g","url":"https:\/\/secure.gravatar.com\/avatar\/f7a0f8caacdbdf5d5a7ff1a3c9ec84b2dec27c572e49585b73b863d0b8988df1?s=96&d=mm&r=g","contentUrl":"https:\/\/secure.gravatar.com\/avatar\/f7a0f8caacdbdf5d5a7ff1a3c9ec84b2dec27c572e49585b73b863d0b8988df1?s=96&d=mm&r=g","caption":"Atelier des \u00e9tudes \u00e9conomiques"},"sameAs":["http:\/\/normandiemaine.cerfrance.fr"],"url":"https:\/\/normandiemaine.cerfrance.fr\/latelier\/author\/nadege\/"}]}},"_links":{"self":[{"href":"https:\/\/normandiemaine.cerfrance.fr\/latelier\/wp-json\/wp\/v2\/posts\/7770","targetHints":{"allow":["GET"]}}],"collection":[{"href":"https:\/\/normandiemaine.cerfrance.fr\/latelier\/wp-json\/wp\/v2\/posts"}],"about":[{"href":"https:\/\/normandiemaine.cerfrance.fr\/latelier\/wp-json\/wp\/v2\/types\/post"}],"author":[{"embeddable":true,"href":"https:\/\/normandiemaine.cerfrance.fr\/latelier\/wp-json\/wp\/v2\/users\/1"}],"replies":[{"embeddable":true,"href":"https:\/\/normandiemaine.cerfrance.fr\/latelier\/wp-json\/wp\/v2\/comments?post=7770"}],"version-history":[{"count":6,"href":"https:\/\/normandiemaine.cerfrance.fr\/latelier\/wp-json\/wp\/v2\/posts\/7770\/revisions"}],"predecessor-version":[{"id":7949,"href":"https:\/\/normandiemaine.cerfrance.fr\/latelier\/wp-json\/wp\/v2\/posts\/7770\/revisions\/7949"}],"wp:featuredmedia":[{"embeddable":true,"href":"https:\/\/normandiemaine.cerfrance.fr\/latelier\/wp-json\/wp\/v2\/media\/7785"}],"wp:attachment":[{"href":"https:\/\/normandiemaine.cerfrance.fr\/latelier\/wp-json\/wp\/v2\/media?parent=7770"}],"wp:term":[{"taxonomy":"category","embeddable":true,"href":"https:\/\/normandiemaine.cerfrance.fr\/latelier\/wp-json\/wp\/v2\/categories?post=7770"},{"taxonomy":"post_tag","embeddable":true,"href":"https:\/\/normandiemaine.cerfrance.fr\/latelier\/wp-json\/wp\/v2\/tags?post=7770"}],"curies":[{"name":"wp","href":"https:\/\/api.w.org\/{rel}","templated":true}]}}